{"id":14138,"date":"2021-12-13T08:15:46","date_gmt":"2021-12-13T11:15:46","guid":{"rendered":"http:\/\/www.sinprofaz.org.br\/?p=14138"},"modified":"2021-12-14T09:10:21","modified_gmt":"2021-12-14T12:10:21","slug":"em-reuniao-sinprofaz-discute-defesa-de-filiados-em-questoes-disciplinares","status":"publish","type":"post","link":"https:\/\/sinprofaz.org.br\/2024\/noticias\/em-reuniao-sinprofaz-discute-defesa-de-filiados-em-questoes-disciplinares\/","title":{"rendered":"EM REUNI\u00c3O, SINPROFAZ DISCUTE DEFESA DE FILIADOS EM QUEST\u00d5ES DISCIPLINARES"},"content":{"rendered":"<p>A defesa de filiados perante a Corregedoria foi tema de reuni\u00e3o do SINPROFAZ na quinta-feira (9). No encontro, o Sindicato foi representado pelo diretor jur\u00eddico Giuliano Menezes, pelo presidente Achilles Frias e pelo diretor Roberto Rodrigues. Os advogados M\u00e1rcio Cammarosano, s\u00f3cio do escrit\u00f3rio Cammarosano Advogados Associados, e Jos\u00e9 Jer\u00f4nimo Nogueira, representante do Innocenti Advogados Associados e respons\u00e1vel pela defesa de PFNs na \u00e1rea disciplinar, tamb\u00e9m estiveram presentes.<\/p>\n<p>Ao longo da reuni\u00e3o, dirigentes sindicais e advogados debateram o risco funcional ao qual a Carreira est\u00e1 submetida. A relev\u00e2ncia da quest\u00e3o orientou a produ\u00e7\u00e3o do parecer do advogado M\u00e1rcio Cammarosano, que \u00e9 professor da Faculdade de Direito da PUC-SP e especialista no assunto. O documento, encomendado pelo Sindicato, j\u00e1 foi entregue ao corregedor-geral da AGU e est\u00e1 dispon\u00edvel em: <a href=\"https:\/\/www.sinprofaz.org.br\/pdfs\/parecer-professor-marcio-cammarosano-sinprofaz.pdf\">bit.ly\/ParecerCammarosano<\/a>.<\/p>\n<p>A produ\u00e7\u00e3o de novos pareceres em benef\u00edcio de filiadas e filiados foi sugerida pelos representantes sindicais. Situa\u00e7\u00f5es como o desvio de fun\u00e7\u00e3o, caracterizado pela realiza\u00e7\u00e3o de atividades meramente administrativas, e a sobrecarga de trabalho podem ocasionar responsabiliza\u00e7\u00f5es indevidas e, pela preocupa\u00e7\u00e3o que geram aos Membros da Carreira, ser\u00e3o temas norteadores dos estudos a serem produzidos pelos advogados competentes.<\/p>\n","protected":false},"excerpt":{"rendered":"<p>No encontro, o Sindicato foi representado pelo diretor jur\u00eddico Giuliano Menezes, pelo presidente Achilles Frias e pelo diretor Roberto Rodrigues. Os advogados M\u00e1rcio Cammarosano e Jos\u00e9 Jer\u00f4nimo Nogueira tamb\u00e9m estiveram presentes.<\/p>\n","protected":false},"author":2,"featured_media":14139,"comment_status":"open","ping_status":"open","sticky":false,"template":"","format":"standard","meta":{"footnotes":""},"categories":[8],"tags":[32,26,25],"featured_image_url":"https:\/\/sinprofaz.org.br\/2024\/wp-content\/uploads\/2021\/12\/WhatsApp-Image-2021-12-10-at-16.48.37.jpeg","character_count":683,"formatted_date":"13\/12\/2021 - 08:15","contentNovo":"A defesa de filiados perante a Corregedoria foi tema de reuni\u00e3o do SINPROFAZ na quinta-feira (9). No encontro, o Sindicato foi representado pelo diretor jur\u00eddico Giuliano Menezes, pelo presidente Achilles Frias e pelo diretor Roberto Rodrigues. Os advogados M\u00e1rcio Cammarosano, s\u00f3cio do escrit\u00f3rio Cammarosano Advogados Associados, e Jos\u00e9 Jer\u00f4nimo Nogueira, representante do Innocenti Advogados Associados e respons\u00e1vel pela defesa de PFNs na \u00e1rea disciplinar, tamb\u00e9m estiveram presentes.\r\n\r\nAo longo da reuni\u00e3o, dirigentes sindicais e advogados debateram o risco funcional ao qual a Carreira est\u00e1 submetida. A relev\u00e2ncia da quest\u00e3o orientou a produ\u00e7\u00e3o do parecer do advogado M\u00e1rcio Cammarosano, que \u00e9 professor da Faculdade de Direito da PUC-SP e especialista no assunto. O documento, encomendado pelo Sindicato, j\u00e1 foi entregue ao corregedor-geral da AGU e est\u00e1 dispon\u00edvel em: <a href=\"https:\/\/www.sinprofaz.org.br\/pdfs\/parecer-professor-marcio-cammarosano-sinprofaz.pdf\">bit.ly\/ParecerCammarosano<\/a>.\r\n\r\nA produ\u00e7\u00e3o de novos pareceres em benef\u00edcio de filiadas e filiados foi sugerida pelos representantes sindicais. Situa\u00e7\u00f5es como o desvio de fun\u00e7\u00e3o, caracterizado pela realiza\u00e7\u00e3o de atividades meramente administrativas, e a sobrecarga de trabalho podem ocasionar responsabiliza\u00e7\u00f5es indevidas e, pela preocupa\u00e7\u00e3o que geram aos Membros da Carreira, ser\u00e3o temas norteadores dos estudos a serem produzidos pelos advogados competentes.","_links":{"self":[{"href":"https:\/\/sinprofaz.org.br\/2024\/wp-json\/wp\/v2\/posts\/14138"}],"collection":[{"href":"https:\/\/sinprofaz.org.br\/2024\/wp-json\/wp\/v2\/posts"}],"about":[{"href":"https:\/\/sinprofaz.org.br\/2024\/wp-json\/wp\/v2\/types\/post"}],"author":[{"embeddable":true,"href":"https:\/\/sinprofaz.org.br\/2024\/wp-json\/wp\/v2\/users\/2"}],"replies":[{"embeddable":true,"href":"https:\/\/sinprofaz.org.br\/2024\/wp-json\/wp\/v2\/comments?post=14138"}],"version-history":[{"count":2,"href":"https:\/\/sinprofaz.org.br\/2024\/wp-json\/wp\/v2\/posts\/14138\/revisions"}],"predecessor-version":[{"id":14156,"href":"https:\/\/sinprofaz.org.br\/2024\/wp-json\/wp\/v2\/posts\/14138\/revisions\/14156"}],"wp:featuredmedia":[{"embeddable":true,"href":"https:\/\/sinprofaz.org.br\/2024\/wp-json\/wp\/v2\/media\/14139"}],"wp:attachment":[{"href":"https:\/\/sinprofaz.org.br\/2024\/wp-json\/wp\/v2\/media?parent=14138"}],"wp:term":[{"taxonomy":"category","embeddable":true,"href":"https:\/\/sinprofaz.org.br\/2024\/wp-json\/wp\/v2\/categories?post=14138"},{"taxonomy":"post_tag","embeddable":true,"href":"https:\/\/sinprofaz.org.br\/2024\/wp-json\/wp\/v2\/tags?post=14138"}],"curies":[{"name":"wp","href":"https:\/\/api.w.org\/{rel}","templated":true}]}}