{"id":14133,"date":"2021-12-10T17:40:49","date_gmt":"2021-12-10T20:40:49","guid":{"rendered":"http:\/\/www.sinprofaz.org.br\/?p=14133"},"modified":"2021-12-13T09:27:42","modified_gmt":"2021-12-13T12:27:42","slug":"sinprofaz-prestigia-evento-de-lancamento-do-livro-de-tadeu-alencar","status":"publish","type":"post","link":"https:\/\/sinprofaz.org.br\/2024\/noticias\/sinprofaz-prestigia-evento-de-lancamento-do-livro-de-tadeu-alencar\/","title":{"rendered":"SINPROFAZ PRESTIGIA EVENTO DE LAN\u00c7AMENTO DO LIVRO DE TADEU ALENCAR"},"content":{"rendered":"<p>O Sindicato Nacional dos Procuradores da Fazenda Nacional &#8211; SINPROFAZ, na pessoa do Diretor Juscelino Ferreira, da Delegada Sindical em Pernambuco Maria Helena Ribemboim e de v\u00e1rios outros filiados, compareceu, no \u00faltimo dia 2 de dezembro, na Livraria da Jaqueira do Recife Antigo, em Recife\/PE, ao lan\u00e7amento do livro <strong><em>Li\u00e7\u00f5es de Madrugada<\/em><\/strong>, publicado pela editora CUBZAC, de autoria do Deputado Federal Tadeu Alencar.<\/p>\n<p>Ilustre representante do povo de Pernambuco pelo PSB\/PE e com vasto curr\u00edculo, Tadeu Alencar \u00e9 Procurador da Fazenda Nacional filiado ao SINPROFAZ, j\u00e1 tendo sido Procurador-Regional da Fazenda Nacional da 5\u00b0 Regi\u00e3o, Procurador-Geral Adjunto da Fazenda Nacional, Procurador-Geral do Estado de Pernambuco, dentre outros cargos e predicados. \u00c9 um grande orgulho para toda a Advocacia P\u00fablica, em especial para a Carreira de Procurador da Fazenda Nacional.<\/p>\n<p>A Diretoria do SINPROFAZ recomenda a prazerosa leitura da obra <em><strong>Li\u00e7\u00f5es de Madrugada<\/strong><\/em>, colet\u00e2nea de cr\u00f4nicas publicadas no Jornal do Commercio entre os anos de 2010 e 2020, o mais lido peri\u00f3dico de Pernambuco, do qual Tadeu Alencar \u00e9 colunista. Nas linhas do livro, o autor revela a identidade e a cultura brasileira e nordestina, o compromisso com sua gente, suas lutas e a indigna\u00e7\u00e3o diante da injusti\u00e7a. Enfim, exp\u00f5e uma admir\u00e1vel humanidade.<\/p>\n\n\t\t<style type=\"text\/css\">\n\t\t\t#gallery-1 {\n\t\t\t\tmargin: auto;\n\t\t\t}\n\t\t\t#gallery-1 .gallery-item {\n\t\t\t\tfloat: left;\n\t\t\t\tmargin-top: 10px;\n\t\t\t\ttext-align: center;\n\t\t\t\twidth: 33%;\n\t\t\t}\n\t\t\t#gallery-1 img {\n\t\t\t\tborder: 2px solid #cfcfcf;\n\t\t\t}\n\t\t\t#gallery-1 .gallery-caption {\n\t\t\t\tmargin-left: 0;\n\t\t\t}\n\t\t\t\/* see gallery_shortcode() in wp-includes\/media.php *\/\n\t\t<\/style>\n\t\t<div id='gallery-1' class='gallery galleryid-14133 gallery-columns-3 gallery-size-thumbnail'><dl class='gallery-item'>\n\t\t\t<dt class='gallery-icon landscape'>\n\t\t\t\t<a href='https:\/\/sinprofaz.org.br\/2024\/wp-content\/uploads\/2021\/12\/TA-2.jpg'><img loading=\"lazy\" decoding=\"async\" width=\"150\" height=\"150\" src=\"https:\/\/sinprofaz.org.br\/2024\/wp-content\/uploads\/2021\/12\/TA-2-150x150.jpg\" class=\"attachment-thumbnail size-thumbnail\" alt=\"\" \/><\/a>\n\t\t\t<\/dt><\/dl>\n\t\t\t<br style='clear: both' \/>\n\t\t<\/div>\n\n","protected":false},"excerpt":{"rendered":"<p>O SINPROFAZ, na pessoa do Diretor Juscelino Ferreira, da Delegada Sindical em Pernambuco Maria Helena Ribemboim e de outros filiados, compareceu, no dia 2 de dezembro, ao lan\u00e7amento do livro &#8220;Li\u00e7\u00f5es de Madrugada&#8221;, de autoria do Deputado Tadeu Alencar.<\/p>\n","protected":false},"author":2,"featured_media":14135,"comment_status":"open","ping_status":"open","sticky":false,"template":"","format":"standard","meta":{"footnotes":""},"categories":[8],"tags":[32,121,25],"featured_image_url":"https:\/\/sinprofaz.org.br\/2024\/wp-content\/uploads\/2021\/12\/TA-1.jpg","character_count":849,"formatted_date":"10\/12\/2021 - 17:40","contentNovo":"O Sindicato Nacional dos Procuradores da Fazenda Nacional - SINPROFAZ, na pessoa do Diretor Juscelino Ferreira, da Delegada Sindical em Pernambuco Maria Helena Ribemboim e de v\u00e1rios outros filiados, compareceu, no \u00faltimo dia 2 de dezembro, na Livraria da Jaqueira do Recife Antigo, em Recife\/PE, ao lan\u00e7amento do livro <strong><em>Li\u00e7\u00f5es de Madrugada<\/em><\/strong>, publicado pela editora CUBZAC, de autoria do Deputado Federal Tadeu Alencar.\r\n\r\nIlustre representante do povo de Pernambuco pelo PSB\/PE e com vasto curr\u00edculo, Tadeu Alencar \u00e9 Procurador da Fazenda Nacional filiado ao SINPROFAZ, j\u00e1 tendo sido Procurador-Regional da Fazenda Nacional da 5\u00b0 Regi\u00e3o, Procurador-Geral Adjunto da Fazenda Nacional, Procurador-Geral do Estado de Pernambuco, dentre outros cargos e predicados. \u00c9 um grande orgulho para toda a Advocacia P\u00fablica, em especial para a Carreira de Procurador da Fazenda Nacional.\r\n\r\nA Diretoria do SINPROFAZ recomenda a prazerosa leitura da obra <em><strong>Li\u00e7\u00f5es de Madrugada<\/strong><\/em>, colet\u00e2nea de cr\u00f4nicas publicadas no Jornal do Commercio entre os anos de 2010 e 2020, o mais lido peri\u00f3dico de Pernambuco, do qual Tadeu Alencar \u00e9 colunista. Nas linhas do livro, o autor revela a identidade e a cultura brasileira e nordestina, o compromisso com sua gente, suas lutas e a indigna\u00e7\u00e3o diante da injusti\u00e7a. Enfim, exp\u00f5e uma admir\u00e1vel humanidade.\r\n\r\n[gallery link=\"file\" ids=\"14136\"]","_links":{"self":[{"href":"https:\/\/sinprofaz.org.br\/2024\/wp-json\/wp\/v2\/posts\/14133"}],"collection":[{"href":"https:\/\/sinprofaz.org.br\/2024\/wp-json\/wp\/v2\/posts"}],"about":[{"href":"https:\/\/sinprofaz.org.br\/2024\/wp-json\/wp\/v2\/types\/post"}],"author":[{"embeddable":true,"href":"https:\/\/sinprofaz.org.br\/2024\/wp-json\/wp\/v2\/users\/2"}],"replies":[{"embeddable":true,"href":"https:\/\/sinprofaz.org.br\/2024\/wp-json\/wp\/v2\/comments?post=14133"}],"version-history":[{"count":3,"href":"https:\/\/sinprofaz.org.br\/2024\/wp-json\/wp\/v2\/posts\/14133\/revisions"}],"predecessor-version":[{"id":14148,"href":"https:\/\/sinprofaz.org.br\/2024\/wp-json\/wp\/v2\/posts\/14133\/revisions\/14148"}],"wp:featuredmedia":[{"embeddable":true,"href":"https:\/\/sinprofaz.org.br\/2024\/wp-json\/wp\/v2\/media\/14135"}],"wp:attachment":[{"href":"https:\/\/sinprofaz.org.br\/2024\/wp-json\/wp\/v2\/media?parent=14133"}],"wp:term":[{"taxonomy":"category","embeddable":true,"href":"https:\/\/sinprofaz.org.br\/2024\/wp-json\/wp\/v2\/categories?post=14133"},{"taxonomy":"post_tag","embeddable":true,"href":"https:\/\/sinprofaz.org.br\/2024\/wp-json\/wp\/v2\/tags?post=14133"}],"curies":[{"name":"wp","href":"https:\/\/api.w.org\/{rel}","templated":true}]}}