{"id":14131,"date":"2021-12-10T17:00:22","date_gmt":"2021-12-10T20:00:22","guid":{"rendered":"http:\/\/www.sinprofaz.org.br\/?p=14131"},"modified":"2021-12-10T18:07:23","modified_gmt":"2021-12-10T21:07:23","slug":"publicado-o-regulamento-para-eleicao-da-junta-de-julgamento-e-do-conselho-fiscal-do-sinprofaz","status":"publish","type":"post","link":"https:\/\/sinprofaz.org.br\/2024\/noticias\/publicado-o-regulamento-para-eleicao-da-junta-de-julgamento-e-do-conselho-fiscal-do-sinprofaz\/","title":{"rendered":"PUBLICADO O REGULAMENTO PARA ELEI\u00c7\u00c3O DA JUNTA DE JULGAMENTO E DO CONSELHO FISCAL DO SINPROFAZ"},"content":{"rendered":"<p>A Junta de Julgamento do Sindicato Nacional dos Procuradores da Fazenda Nacional vem a p\u00fablico divulgar a regulamenta\u00e7\u00e3o do processo eleitoral para as elei\u00e7\u00f5es do novo Conselho Fiscal e da nova Junta de Julgamento do SINPROFAZ. Os eleitos exercer\u00e3o seus mandatos no per\u00edodo de 1\u00ba de julho de 2022 a 30 de junho de 2024.<\/p>\n<p>Acesse a \u00c1rea do Filiado e confira o Edital.<\/p>\n","protected":false},"excerpt":{"rendered":"<p>A Junta de Julgamento do Sindicato Nacional dos Procuradores da Fazenda Nacional divulga a regulamenta\u00e7\u00e3o do processo eleitoral para os novos Conselho Fiscal e Junta de Julgamento.<\/p>\n","protected":false},"author":2,"featured_media":11737,"comment_status":"open","ping_status":"open","sticky":false,"template":"","format":"standard","meta":{"footnotes":""},"categories":[8],"tags":[32,148,146,25],"featured_image_url":"https:\/\/sinprofaz.org.br\/2024\/wp-content\/uploads\/2020\/07\/logo-sinprofaz-1.png","character_count":187,"formatted_date":"10\/12\/2021 - 17:00","contentNovo":"A Junta de Julgamento do Sindicato Nacional dos Procuradores da Fazenda Nacional vem a p\u00fablico divulgar a regulamenta\u00e7\u00e3o do processo eleitoral para as elei\u00e7\u00f5es do novo Conselho Fiscal e da nova Junta de Julgamento do SINPROFAZ. Os eleitos exercer\u00e3o seus mandatos no per\u00edodo de 1\u00ba de julho de 2022 a 30 de junho de 2024.\r\n\r\nAcesse a \u00c1rea do Filiado e confira o Edital.","_links":{"self":[{"href":"https:\/\/sinprofaz.org.br\/2024\/wp-json\/wp\/v2\/posts\/14131"}],"collection":[{"href":"https:\/\/sinprofaz.org.br\/2024\/wp-json\/wp\/v2\/posts"}],"about":[{"href":"https:\/\/sinprofaz.org.br\/2024\/wp-json\/wp\/v2\/types\/post"}],"author":[{"embeddable":true,"href":"https:\/\/sinprofaz.org.br\/2024\/wp-json\/wp\/v2\/users\/2"}],"replies":[{"embeddable":true,"href":"https:\/\/sinprofaz.org.br\/2024\/wp-json\/wp\/v2\/comments?post=14131"}],"version-history":[{"count":4,"href":"https:\/\/sinprofaz.org.br\/2024\/wp-json\/wp\/v2\/posts\/14131\/revisions"}],"predecessor-version":[{"id":14143,"href":"https:\/\/sinprofaz.org.br\/2024\/wp-json\/wp\/v2\/posts\/14131\/revisions\/14143"}],"wp:featuredmedia":[{"embeddable":true,"href":"https:\/\/sinprofaz.org.br\/2024\/wp-json\/wp\/v2\/media\/11737"}],"wp:attachment":[{"href":"https:\/\/sinprofaz.org.br\/2024\/wp-json\/wp\/v2\/media?parent=14131"}],"wp:term":[{"taxonomy":"category","embeddable":true,"href":"https:\/\/sinprofaz.org.br\/2024\/wp-json\/wp\/v2\/categories?post=14131"},{"taxonomy":"post_tag","embeddable":true,"href":"https:\/\/sinprofaz.org.br\/2024\/wp-json\/wp\/v2\/tags?post=14131"}],"curies":[{"name":"wp","href":"https:\/\/api.w.org\/{rel}","templated":true}]}}