{"id":14125,"date":"2021-12-08T14:02:48","date_gmt":"2021-12-08T17:02:48","guid":{"rendered":"http:\/\/www.sinprofaz.org.br\/?p=14125"},"modified":"2021-12-08T14:02:48","modified_gmt":"2021-12-08T17:02:48","slug":"sinprofaz-adere-a-semana-nacional-de-mobilizacao-para-a-doacao-de-medula-ossea","status":"publish","type":"post","link":"https:\/\/sinprofaz.org.br\/2024\/noticias\/sinprofaz-adere-a-semana-nacional-de-mobilizacao-para-a-doacao-de-medula-ossea\/","title":{"rendered":"SINPROFAZ ADERE \u00c0 SEMANA NACIONAL DE MOBILIZA\u00c7\u00c3O PARA A DOA\u00c7\u00c3O DE MEDULA \u00d3SSEA"},"content":{"rendered":"<p>O Sindicato Nacional dos Procuradores da Fazenda Nacional &#8211; SINPROFAZ adere \u00e0 <strong>Semana Nacional de Mobiliza\u00e7\u00e3o para a Doa\u00e7\u00e3o de Medula \u00d3ssea<\/strong>, de 12 a 21 de dezembro, iniciativa prevista na Lei 11.930\/2009, e, em especial, solidariza-se com a luta da colega Thirzzia Carvalho &#8211; Procuradora Federal, parceira de todas as horas na luta em prol da Advocacia P\u00fablica -, em favor de seu filho, Daniel Guimar\u00e3es, diagnosticado com leucemia linf\u00f3ide aguda.<\/p>\n<p>O SINPROFAZ conclama filiadas e filiados com bom estado geral de sa\u00fade a se cadastrarem como doadores no site <a href=\"http:\/\/www.redome.inca.gov.br\/\">www.redome.inca.gov.br<\/a> ou no aplicativo REDOME. E, aos j\u00e1 cadastrados, a atualizarem seus cadastros. \u00c9 simples, r\u00e1pido, n\u00e3o d\u00f3i e salva vidas.<\/p>\n<p>Para mais informa\u00e7\u00f5es, acesse: <a href=\"https:\/\/linktr.ee\/ajudedanielguimaraes\">https:\/\/linktr.ee\/ajudedanielguimaraes<\/a><\/p>\n","protected":false},"excerpt":{"rendered":"<p>O SINPROFAZ conclama filiadas e filiados com bom estado geral de sa\u00fade a se cadastrarem como doadores no site www.redome.inca.gov.br ou no aplicativo REDOME. E, aos j\u00e1 cadastrados, a atualizarem seus cadastros.<\/p>\n","protected":false},"author":2,"featured_media":11737,"comment_status":"open","ping_status":"open","sticky":false,"template":"","format":"standard","meta":{"footnotes":""},"categories":[8],"tags":[183,32,146,25],"featured_image_url":"https:\/\/sinprofaz.org.br\/2024\/wp-content\/uploads\/2020\/07\/logo-sinprofaz-1.png","character_count":400,"formatted_date":"08\/12\/2021 - 14:02","contentNovo":"O Sindicato Nacional dos Procuradores da Fazenda Nacional - SINPROFAZ adere \u00e0 <strong>Semana Nacional de Mobiliza\u00e7\u00e3o para a Doa\u00e7\u00e3o de Medula \u00d3ssea<\/strong>, de 12 a 21 de dezembro, iniciativa prevista na Lei 11.930\/2009, e, em especial, solidariza-se com a luta da colega Thirzzia Carvalho - Procuradora Federal, parceira de todas as horas na luta em prol da Advocacia P\u00fablica -, em favor de seu filho, Daniel Guimar\u00e3es, diagnosticado com leucemia linf\u00f3ide aguda.\r\n\r\nO SINPROFAZ conclama filiadas e filiados com bom estado geral de sa\u00fade a se cadastrarem como doadores no site <a href=\"http:\/\/www.redome.inca.gov.br\/\">www.redome.inca.gov.br<\/a> ou no aplicativo REDOME. E, aos j\u00e1 cadastrados, a atualizarem seus cadastros. \u00c9 simples, r\u00e1pido, n\u00e3o d\u00f3i e salva vidas.\r\n\r\nPara mais informa\u00e7\u00f5es, acesse: <a href=\"https:\/\/linktr.ee\/ajudedanielguimaraes\">https:\/\/linktr.ee\/ajudedanielguimaraes<\/a>","_links":{"self":[{"href":"https:\/\/sinprofaz.org.br\/2024\/wp-json\/wp\/v2\/posts\/14125"}],"collection":[{"href":"https:\/\/sinprofaz.org.br\/2024\/wp-json\/wp\/v2\/posts"}],"about":[{"href":"https:\/\/sinprofaz.org.br\/2024\/wp-json\/wp\/v2\/types\/post"}],"author":[{"embeddable":true,"href":"https:\/\/sinprofaz.org.br\/2024\/wp-json\/wp\/v2\/users\/2"}],"replies":[{"embeddable":true,"href":"https:\/\/sinprofaz.org.br\/2024\/wp-json\/wp\/v2\/comments?post=14125"}],"version-history":[{"count":1,"href":"https:\/\/sinprofaz.org.br\/2024\/wp-json\/wp\/v2\/posts\/14125\/revisions"}],"predecessor-version":[{"id":14126,"href":"https:\/\/sinprofaz.org.br\/2024\/wp-json\/wp\/v2\/posts\/14125\/revisions\/14126"}],"wp:featuredmedia":[{"embeddable":true,"href":"https:\/\/sinprofaz.org.br\/2024\/wp-json\/wp\/v2\/media\/11737"}],"wp:attachment":[{"href":"https:\/\/sinprofaz.org.br\/2024\/wp-json\/wp\/v2\/media?parent=14125"}],"wp:term":[{"taxonomy":"category","embeddable":true,"href":"https:\/\/sinprofaz.org.br\/2024\/wp-json\/wp\/v2\/categories?post=14125"},{"taxonomy":"post_tag","embeddable":true,"href":"https:\/\/sinprofaz.org.br\/2024\/wp-json\/wp\/v2\/tags?post=14125"}],"curies":[{"name":"wp","href":"https:\/\/api.w.org\/{rel}","templated":true}]}}