{"id":14111,"date":"2021-12-03T08:31:20","date_gmt":"2021-12-03T11:31:20","guid":{"rendered":"http:\/\/www.sinprofaz.org.br\/?p=14111"},"modified":"2021-12-06T09:04:14","modified_gmt":"2021-12-06T12:04:14","slug":"sinprofaz-participa-de-reuniao-da-comissao-nacional-de-advocacia-publica-2","status":"publish","type":"post","link":"https:\/\/sinprofaz.org.br\/2024\/noticias\/sinprofaz-participa-de-reuniao-da-comissao-nacional-de-advocacia-publica-2\/","title":{"rendered":"SINPROFAZ PARTICIPA DE REUNI\u00c3O DA COMISS\u00c3O NACIONAL DE ADVOCACIA P\u00daBLICA"},"content":{"rendered":"<p>O SINPROFAZ, representado pelo diretor Roberto Rodrigues, membro titular da Comiss\u00e3o Nacional de Advocacia P\u00fablica do Conselho Federal da OAB, participou na \u00faltima quarta-feira (1\u00ba) de encontro virtual da Comiss\u00e3o. Cristiane Nery, presidente em exerc\u00edcio da Comiss\u00e3o, foi respons\u00e1vel pela coordena\u00e7\u00e3o da reuni\u00e3o e dos itens presentes na pauta.<\/p>\n<p>Ao longo de toda a manh\u00e3, os representantes de entidades da Advocacia P\u00fablica e os membros da CNAP debateram quest\u00f5es de interesse dos advogados p\u00fablicos, com especial enfoque para a proposta de altera\u00e7\u00e3o do Provimento n. 114\/2006 do CFOAB, que trata especificamente da Advocacia P\u00fablica. As Associa\u00e7\u00f5es, em conjunto, refor\u00e7aram a import\u00e2ncia de se defender e fortalecer as prerrogativas dos advogados p\u00fablicos.<\/p>\n","protected":false},"excerpt":{"rendered":"<p>O SINPROFAZ, representado pelo diretor Roberto Rodrigues, membro titular da Comiss\u00e3o Nacional de Advocacia P\u00fablica do Conselho Federal da OAB, participou na quarta-feira (1\u00ba) de encontro da Comiss\u00e3o. Cristiane Nery, presidente em exerc\u00edcio, coordenou os trabalhos.<\/p>\n","protected":false},"author":2,"featured_media":14101,"comment_status":"open","ping_status":"open","sticky":false,"template":"","format":"standard","meta":{"footnotes":""},"categories":[8],"tags":[34,22,25],"featured_image_url":"https:\/\/sinprofaz.org.br\/2024\/wp-content\/uploads\/2021\/12\/Foto-interna-da-mat\u00e9ria-2.jpg","character_count":390,"formatted_date":"03\/12\/2021 - 08:31","contentNovo":"O SINPROFAZ, representado pelo diretor Roberto Rodrigues, membro titular da Comiss\u00e3o Nacional de Advocacia P\u00fablica do Conselho Federal da OAB, participou na \u00faltima quarta-feira (1\u00ba) de encontro virtual da Comiss\u00e3o. Cristiane Nery, presidente em exerc\u00edcio da Comiss\u00e3o, foi respons\u00e1vel pela coordena\u00e7\u00e3o da reuni\u00e3o e dos itens presentes na pauta.\r\n\r\nAo longo de toda a manh\u00e3, os representantes de entidades da Advocacia P\u00fablica e os membros da CNAP debateram quest\u00f5es de interesse dos advogados p\u00fablicos, com especial enfoque para a proposta de altera\u00e7\u00e3o do Provimento n. 114\/2006 do CFOAB, que trata especificamente da Advocacia P\u00fablica. As Associa\u00e7\u00f5es, em conjunto, refor\u00e7aram a import\u00e2ncia de se defender e fortalecer as prerrogativas dos advogados p\u00fablicos.","_links":{"self":[{"href":"https:\/\/sinprofaz.org.br\/2024\/wp-json\/wp\/v2\/posts\/14111"}],"collection":[{"href":"https:\/\/sinprofaz.org.br\/2024\/wp-json\/wp\/v2\/posts"}],"about":[{"href":"https:\/\/sinprofaz.org.br\/2024\/wp-json\/wp\/v2\/types\/post"}],"author":[{"embeddable":true,"href":"https:\/\/sinprofaz.org.br\/2024\/wp-json\/wp\/v2\/users\/2"}],"replies":[{"embeddable":true,"href":"https:\/\/sinprofaz.org.br\/2024\/wp-json\/wp\/v2\/comments?post=14111"}],"version-history":[{"count":5,"href":"https:\/\/sinprofaz.org.br\/2024\/wp-json\/wp\/v2\/posts\/14111\/revisions"}],"predecessor-version":[{"id":14120,"href":"https:\/\/sinprofaz.org.br\/2024\/wp-json\/wp\/v2\/posts\/14111\/revisions\/14120"}],"wp:featuredmedia":[{"embeddable":true,"href":"https:\/\/sinprofaz.org.br\/2024\/wp-json\/wp\/v2\/media\/14101"}],"wp:attachment":[{"href":"https:\/\/sinprofaz.org.br\/2024\/wp-json\/wp\/v2\/media?parent=14111"}],"wp:term":[{"taxonomy":"category","embeddable":true,"href":"https:\/\/sinprofaz.org.br\/2024\/wp-json\/wp\/v2\/categories?post=14111"},{"taxonomy":"post_tag","embeddable":true,"href":"https:\/\/sinprofaz.org.br\/2024\/wp-json\/wp\/v2\/tags?post=14111"}],"curies":[{"name":"wp","href":"https:\/\/api.w.org\/{rel}","templated":true}]}}