{"id":14104,"date":"2021-12-02T08:27:25","date_gmt":"2021-12-02T11:27:25","guid":{"rendered":"http:\/\/www.sinprofaz.org.br\/?p=14104"},"modified":"2021-12-02T09:28:22","modified_gmt":"2021-12-02T12:28:22","slug":"sinprofaz-parabeniza-andre-mendonca-novo-ministro-do-stf","status":"publish","type":"post","link":"https:\/\/sinprofaz.org.br\/2024\/noticias\/sinprofaz-parabeniza-andre-mendonca-novo-ministro-do-stf\/","title":{"rendered":"SINPROFAZ PARABENIZA ANDR\u00c9 MENDON\u00c7A, NOVO MINISTRO DO STF"},"content":{"rendered":"<p>O SINPROFAZ parabeniza o Dr. Andr\u00e9 Luiz de Almeida Mendon\u00e7a por sua aprova\u00e7\u00e3o, nessa quarta-feira (1\u00ba) no Senado Federal, para o cargo de ministro do Supremo Tribunal Federal (STF).<\/p>\n<p>Com carreira constru\u00edda na Advocacia-Geral da Uni\u00e3o, Mendon\u00e7a carrega os valores de um membro dedicado da advocacia p\u00fablica, com atua\u00e7\u00e3o ativa em defesa do er\u00e1rio e no combate \u00e0 corrup\u00e7\u00e3o. Como ministro da Suprema Corte, ter\u00e1 a miss\u00e3o de aplicar e defender a Constitui\u00e7\u00e3o.<\/p>\n<p>Os mais sinceros votos de sucesso a Andr\u00e9 Mendon\u00e7a, que assumir\u00e1 a cadeira no STF em substitui\u00e7\u00e3o ao ministro Marco Aur\u00e9lio Mello.<\/p>\n","protected":false},"excerpt":{"rendered":"<p>Com carreira constru\u00edda na Advocacia-Geral da Uni\u00e3o, Mendon\u00e7a carrega os valores de um membro dedicado da advocacia p\u00fablica, com atua\u00e7\u00e3o ativa em defesa do er\u00e1rio e no combate \u00e0 corrup\u00e7\u00e3o. Como ministro da Suprema Corte, ter\u00e1 a miss\u00e3o de aplicar e defender a Constitui\u00e7\u00e3o.<\/p>\n","protected":false},"author":2,"featured_media":14105,"comment_status":"open","ping_status":"open","sticky":false,"template":"","format":"standard","meta":{"footnotes":""},"categories":[8],"tags":[43,32,182],"featured_image_url":"https:\/\/sinprofaz.org.br\/2024\/wp-content\/uploads\/2021\/12\/andre_mendonca_2020.jpg","character_count":306,"formatted_date":"02\/12\/2021 - 08:27","contentNovo":"O SINPROFAZ parabeniza o Dr. Andr\u00e9 Luiz de Almeida Mendon\u00e7a por sua aprova\u00e7\u00e3o, nessa quarta-feira (1\u00ba) no Senado Federal, para o cargo de ministro do Supremo Tribunal Federal (STF).\r\n\r\nCom carreira constru\u00edda na Advocacia-Geral da Uni\u00e3o, Mendon\u00e7a carrega os valores de um membro dedicado da advocacia p\u00fablica, com atua\u00e7\u00e3o ativa em defesa do er\u00e1rio e no combate \u00e0 corrup\u00e7\u00e3o. Como ministro da Suprema Corte, ter\u00e1 a miss\u00e3o de aplicar e defender a Constitui\u00e7\u00e3o.\r\n\r\nOs mais sinceros votos de sucesso a Andr\u00e9 Mendon\u00e7a, que assumir\u00e1 a cadeira no STF em substitui\u00e7\u00e3o ao ministro Marco Aur\u00e9lio Mello.","_links":{"self":[{"href":"https:\/\/sinprofaz.org.br\/2024\/wp-json\/wp\/v2\/posts\/14104"}],"collection":[{"href":"https:\/\/sinprofaz.org.br\/2024\/wp-json\/wp\/v2\/posts"}],"about":[{"href":"https:\/\/sinprofaz.org.br\/2024\/wp-json\/wp\/v2\/types\/post"}],"author":[{"embeddable":true,"href":"https:\/\/sinprofaz.org.br\/2024\/wp-json\/wp\/v2\/users\/2"}],"replies":[{"embeddable":true,"href":"https:\/\/sinprofaz.org.br\/2024\/wp-json\/wp\/v2\/comments?post=14104"}],"version-history":[{"count":2,"href":"https:\/\/sinprofaz.org.br\/2024\/wp-json\/wp\/v2\/posts\/14104\/revisions"}],"predecessor-version":[{"id":14110,"href":"https:\/\/sinprofaz.org.br\/2024\/wp-json\/wp\/v2\/posts\/14104\/revisions\/14110"}],"wp:featuredmedia":[{"embeddable":true,"href":"https:\/\/sinprofaz.org.br\/2024\/wp-json\/wp\/v2\/media\/14105"}],"wp:attachment":[{"href":"https:\/\/sinprofaz.org.br\/2024\/wp-json\/wp\/v2\/media?parent=14104"}],"wp:term":[{"taxonomy":"category","embeddable":true,"href":"https:\/\/sinprofaz.org.br\/2024\/wp-json\/wp\/v2\/categories?post=14104"},{"taxonomy":"post_tag","embeddable":true,"href":"https:\/\/sinprofaz.org.br\/2024\/wp-json\/wp\/v2\/tags?post=14104"}],"curies":[{"name":"wp","href":"https:\/\/api.w.org\/{rel}","templated":true}]}}