{"id":14087,"date":"2021-11-26T08:20:48","date_gmt":"2021-11-26T11:20:48","guid":{"rendered":"http:\/\/www.sinprofaz.org.br\/?p=14087"},"modified":"2021-11-30T11:16:14","modified_gmt":"2021-11-30T14:16:14","slug":"sinprofaz-participa-da-solenidade-de-entrega-das-comendas-da-ordem-do-merito-da-agu","status":"publish","type":"post","link":"https:\/\/sinprofaz.org.br\/2024\/noticias\/sinprofaz-participa-da-solenidade-de-entrega-das-comendas-da-ordem-do-merito-da-agu\/","title":{"rendered":"SINPROFAZ PARTICIPA DA SOLENIDADE DE ENTREGA DAS COMENDAS DA ORDEM DO M\u00c9RITO DA AGU"},"content":{"rendered":"<p>O SINPROFAZ, representado pelo diretor S\u00e9rgio Carneiro, compareceu na quinta-feira (25) \u00e0 segunda solenidade de entrega das Comendas da Ordem do M\u00e9rito da Advocacia-Geral da Uni\u00e3o. Realizada no Clube Naval, em Bras\u00edlia\/DF, a cerim\u00f4nia foi presidida pelo advogado-geral da Uni\u00e3o, Bruno Bianco, que dividiu a Mesa com os demais integrantes do Conselho da Ordem do M\u00e9rito, entre os quais os filiados Ricardo Soriano, procurador-geral da Fazenda Nacional; I\u00eada Cagni, secret\u00e1ria-geral de Administra\u00e7\u00e3o da AGU; Fabr\u00edcio Da Soller, adjunto do advogado-geral da Uni\u00e3o; e Edimar Fernandes de Oliveira, corregedor-geral da Advocacia da Uni\u00e3o.<\/p>\n<p>&#8220;Hoje temos a alegria de adicionar, aos contemplados na primeira edi\u00e7\u00e3o de entrega das Comendas da Ordem do M\u00e9rito, outras n\u00e3o menos destacadas personalidades que, por suas atua\u00e7\u00f5es decisivas, deram prestimosa e inestim\u00e1vel colabora\u00e7\u00e3o \u00e0 nossa Advocacia-Geral da Uni\u00e3o e \u00e0 hist\u00f3ria dela&#8221;, discursou Bruno Bianco, que completou a fala ressaltando os desafios dos \u00faltimos meses, ao longo dos quais &#8220;cada um fez sua parte, promovendo pol\u00edticas de sa\u00fade e subsist\u00eancia para os brasileiros. A dedica\u00e7\u00e3o individual e coletiva dos mais de 12 mil Membros e servidores da AGU nos permitiu superar os obst\u00e1culos, o que resultou em exitosa atua\u00e7\u00e3o na defesa da probidade e do patrim\u00f4nio p\u00fablico&#8221;.<\/p>\n<p><strong>Agraciados<\/strong><br \/>\nEntre os condecorados com a Comenda, estiveram os filiados Agostinho Netto, Alexandra Carneiro, Carlos Moreira, Helo\u00edsa Gazotto e Rog\u00e9rio Campos, al\u00e9m dos ex-corregedores-gerais da Advocacia da Uni\u00e3o e tamb\u00e9m filiados Ademar Veiga e Elmar Kichel. Algumas das autoridades agraciadas foram os ministros de Estado Anderson Torres, da Justi\u00e7a e Seguran\u00e7a P\u00fablica; Braga Netto, da Defesa; e Jo\u00e3o Roma, da Cidadania; assim como os ministros do STF Kassio Nunes Marques e Luiz Fux; o ministro-chefe da Casa Civil, Ciro Nogueira; a ministra-chefe da Secretaria de Governo da Presid\u00eancia da Rep\u00fablica, Fl\u00e1via Arruda; a deputada federal Bia Kicis (PSL\/DF) e o senador Eduardo Gir\u00e3o (Podemos\/CE).<\/p>\n<p><strong>Ordem do M\u00e9rito da AGU<\/strong><br \/>\nCriada pelo Decreto n\u00ba 8.625\/2015 e regulamentada pelas Portarias AGU n\u00ba 458\/2019, 537\/2019 e 382\/2020, a condecora\u00e7\u00e3o \u00e9 conferida a pessoas naturais, \u00f3rg\u00e3os e entidades da administra\u00e7\u00e3o p\u00fablica, institui\u00e7\u00f5es e organiza\u00e7\u00f5es militares que tenham prestado not\u00e1veis servi\u00e7os \u00e0 Advocacia-Geral da Uni\u00e3o, em \u00e2mbito nacional ou internacional. A Ordem \u00e9 composta por tr\u00eas graus: Gr\u00e3-Cruz, Grande Oficial e Comendador. O presidente da Rep\u00fablica \u00e9 o Gr\u00e3o-Mestre da Ordem e o advogado-geral da Uni\u00e3o, o Chanceler da Ordem.<\/p>\n\n\t\t<style type=\"text\/css\">\n\t\t\t#gallery-1 {\n\t\t\t\tmargin: auto;\n\t\t\t}\n\t\t\t#gallery-1 .gallery-item {\n\t\t\t\tfloat: left;\n\t\t\t\tmargin-top: 10px;\n\t\t\t\ttext-align: center;\n\t\t\t\twidth: 33%;\n\t\t\t}\n\t\t\t#gallery-1 img {\n\t\t\t\tborder: 2px solid #cfcfcf;\n\t\t\t}\n\t\t\t#gallery-1 .gallery-caption {\n\t\t\t\tmargin-left: 0;\n\t\t\t}\n\t\t\t\/* see gallery_shortcode() in wp-includes\/media.php *\/\n\t\t<\/style>\n\t\t<div id='gallery-1' class='gallery galleryid-14087 gallery-columns-3 gallery-size-thumbnail'><dl class='gallery-item'>\n\t\t\t<dt class='gallery-icon landscape'>\n\t\t\t\t<a href='https:\/\/sinprofaz.org.br\/2024\/wp-content\/uploads\/2021\/11\/Comenda-2.jpg'><img loading=\"lazy\" decoding=\"async\" width=\"150\" height=\"150\" src=\"https:\/\/sinprofaz.org.br\/2024\/wp-content\/uploads\/2021\/11\/Comenda-2-150x150.jpg\" class=\"attachment-thumbnail size-thumbnail\" alt=\"\" \/><\/a>\n\t\t\t<\/dt><\/dl><dl class='gallery-item'>\n\t\t\t<dt class='gallery-icon landscape'>\n\t\t\t\t<a href='https:\/\/sinprofaz.org.br\/2024\/wp-content\/uploads\/2021\/11\/Comenda-3.jpg'><img loading=\"lazy\" decoding=\"async\" width=\"150\" height=\"150\" src=\"https:\/\/sinprofaz.org.br\/2024\/wp-content\/uploads\/2021\/11\/Comenda-3-150x150.jpg\" class=\"attachment-thumbnail size-thumbnail\" alt=\"\" \/><\/a>\n\t\t\t<\/dt><\/dl>\n\t\t\t<br style='clear: both' \/>\n\t\t<\/div>\n\n","protected":false},"excerpt":{"rendered":"<p>Entre os condecorados estiveram os filiados Agostinho Netto, Alexandra Carneiro, Carlos Moreira, Helo\u00edsa Gazotto e Rog\u00e9rio Campos, al\u00e9m dos ex-corregedores-gerais da Advocacia da Uni\u00e3o e tamb\u00e9m filiados Ademar Veiga e Elmar Kichel.<\/p>\n","protected":false},"author":2,"featured_media":14088,"comment_status":"open","ping_status":"open","sticky":false,"template":"","format":"standard","meta":{"footnotes":""},"categories":[8],"tags":[43,32,25],"featured_image_url":"https:\/\/sinprofaz.org.br\/2024\/wp-content\/uploads\/2021\/11\/Comenda-1.jpg","character_count":1513,"formatted_date":"26\/11\/2021 - 08:20","contentNovo":"O SINPROFAZ, representado pelo diretor S\u00e9rgio Carneiro, compareceu na quinta-feira (25) \u00e0 segunda solenidade de entrega das Comendas da Ordem do M\u00e9rito da Advocacia-Geral da Uni\u00e3o. Realizada no Clube Naval, em Bras\u00edlia\/DF, a cerim\u00f4nia foi presidida pelo advogado-geral da Uni\u00e3o, Bruno Bianco, que dividiu a Mesa com os demais integrantes do Conselho da Ordem do M\u00e9rito, entre os quais os filiados Ricardo Soriano, procurador-geral da Fazenda Nacional; I\u00eada Cagni, secret\u00e1ria-geral de Administra\u00e7\u00e3o da AGU; Fabr\u00edcio Da Soller, adjunto do advogado-geral da Uni\u00e3o; e Edimar Fernandes de Oliveira, corregedor-geral da Advocacia da Uni\u00e3o.\r\n\r\n\"Hoje temos a alegria de adicionar, aos contemplados na primeira edi\u00e7\u00e3o de entrega das Comendas da Ordem do M\u00e9rito, outras n\u00e3o menos destacadas personalidades que, por suas atua\u00e7\u00f5es decisivas, deram prestimosa e inestim\u00e1vel colabora\u00e7\u00e3o \u00e0 nossa Advocacia-Geral da Uni\u00e3o e \u00e0 hist\u00f3ria dela\", discursou Bruno Bianco, que completou a fala ressaltando os desafios dos \u00faltimos meses, ao longo dos quais \"cada um fez sua parte, promovendo pol\u00edticas de sa\u00fade e subsist\u00eancia para os brasileiros. A dedica\u00e7\u00e3o individual e coletiva dos mais de 12 mil Membros e servidores da AGU nos permitiu superar os obst\u00e1culos, o que resultou em exitosa atua\u00e7\u00e3o na defesa da probidade e do patrim\u00f4nio p\u00fablico\".\r\n\r\n<strong>Agraciados<\/strong>\r\nEntre os condecorados com a Comenda, estiveram os filiados Agostinho Netto, Alexandra Carneiro, Carlos Moreira, Helo\u00edsa Gazotto e Rog\u00e9rio Campos, al\u00e9m dos ex-corregedores-gerais da Advocacia da Uni\u00e3o e tamb\u00e9m filiados Ademar Veiga e Elmar Kichel. Algumas das autoridades agraciadas foram os ministros de Estado Anderson Torres, da Justi\u00e7a e Seguran\u00e7a P\u00fablica; Braga Netto, da Defesa; e Jo\u00e3o Roma, da Cidadania; assim como os ministros do STF Kassio Nunes Marques e Luiz Fux; o ministro-chefe da Casa Civil, Ciro Nogueira; a ministra-chefe da Secretaria de Governo da Presid\u00eancia da Rep\u00fablica, Fl\u00e1via Arruda; a deputada federal Bia Kicis (PSL\/DF) e o senador Eduardo Gir\u00e3o (Podemos\/CE).\r\n\r\n<strong>Ordem do M\u00e9rito da AGU<\/strong>\r\nCriada pelo Decreto n\u00ba 8.625\/2015 e regulamentada pelas Portarias AGU n\u00ba 458\/2019, 537\/2019 e 382\/2020, a condecora\u00e7\u00e3o \u00e9 conferida a pessoas naturais, \u00f3rg\u00e3os e entidades da administra\u00e7\u00e3o p\u00fablica, institui\u00e7\u00f5es e organiza\u00e7\u00f5es militares que tenham prestado not\u00e1veis servi\u00e7os \u00e0 Advocacia-Geral da Uni\u00e3o, em \u00e2mbito nacional ou internacional. A Ordem \u00e9 composta por tr\u00eas graus: Gr\u00e3-Cruz, Grande Oficial e Comendador. O presidente da Rep\u00fablica \u00e9 o Gr\u00e3o-Mestre da Ordem e o advogado-geral da Uni\u00e3o, o Chanceler da Ordem.\r\n\r\n[gallery link=\"file\" ids=\"14089,14090\"]","_links":{"self":[{"href":"https:\/\/sinprofaz.org.br\/2024\/wp-json\/wp\/v2\/posts\/14087"}],"collection":[{"href":"https:\/\/sinprofaz.org.br\/2024\/wp-json\/wp\/v2\/posts"}],"about":[{"href":"https:\/\/sinprofaz.org.br\/2024\/wp-json\/wp\/v2\/types\/post"}],"author":[{"embeddable":true,"href":"https:\/\/sinprofaz.org.br\/2024\/wp-json\/wp\/v2\/users\/2"}],"replies":[{"embeddable":true,"href":"https:\/\/sinprofaz.org.br\/2024\/wp-json\/wp\/v2\/comments?post=14087"}],"version-history":[{"count":3,"href":"https:\/\/sinprofaz.org.br\/2024\/wp-json\/wp\/v2\/posts\/14087\/revisions"}],"predecessor-version":[{"id":14096,"href":"https:\/\/sinprofaz.org.br\/2024\/wp-json\/wp\/v2\/posts\/14087\/revisions\/14096"}],"wp:featuredmedia":[{"embeddable":true,"href":"https:\/\/sinprofaz.org.br\/2024\/wp-json\/wp\/v2\/media\/14088"}],"wp:attachment":[{"href":"https:\/\/sinprofaz.org.br\/2024\/wp-json\/wp\/v2\/media?parent=14087"}],"wp:term":[{"taxonomy":"category","embeddable":true,"href":"https:\/\/sinprofaz.org.br\/2024\/wp-json\/wp\/v2\/categories?post=14087"},{"taxonomy":"post_tag","embeddable":true,"href":"https:\/\/sinprofaz.org.br\/2024\/wp-json\/wp\/v2\/tags?post=14087"}],"curies":[{"name":"wp","href":"https:\/\/api.w.org\/{rel}","templated":true}]}}