{"id":14075,"date":"2021-11-24T13:54:57","date_gmt":"2021-11-24T16:54:57","guid":{"rendered":"http:\/\/www.sinprofaz.org.br\/?p=14075"},"modified":"2021-11-25T08:35:51","modified_gmt":"2021-11-25T11:35:51","slug":"em-artigo-para-o-conjur-diretor-do-sinprofaz-discute-o-tema-da-inscricao-de-advogados-publicos-na-oab","status":"publish","type":"post","link":"https:\/\/sinprofaz.org.br\/2024\/noticias\/em-artigo-para-o-conjur-diretor-do-sinprofaz-discute-o-tema-da-inscricao-de-advogados-publicos-na-oab\/","title":{"rendered":"EM ARTIGO PARA O CONJUR, DIRETOR DO SINPROFAZ DISCUTE O TEMA DA INSCRI\u00c7\u00c3O DE ADVOGADOS P\u00daBLICOS NA OAB"},"content":{"rendered":"<p>Ricardo de Lima Souza Queiroz, diretor do SINPROFAZ, teve artigo publicado pelo ConJur na segunda-feira (22). No texto, o procurador da Fazenda Nacional explora argumentos relativos \u00e0 obrigatoriedade da inscri\u00e7\u00e3o de advogados p\u00fablicos na OAB &#8211; tema que volta aos debates neste momento em que o Supremo Tribunal Federal, no julgamento da ADI 4636 e do RE 1.240.999, delibera pelo afastamento de tal inscri\u00e7\u00e3o em rela\u00e7\u00e3o aos defensores p\u00fablicos. Conforme Ricardo Queiroz, as duas carreiras em quest\u00e3o ostentam regimes jur\u00eddicos muito diversos &#8211; tanto no plano constitucional, quanto nas leis complementares e ordin\u00e1rias que as regem -, o que enseja entendimentos tamb\u00e9m distintos no que se refere \u00e0 vincula\u00e7\u00e3o \u00e0 Ordem.<\/p>\n<p>&#8220;&#8230;o ponto nodal que justifica a obrigatoriedade de inscri\u00e7\u00e3o na OAB dos advogados p\u00fablicos \u00e9 a necessidade (n\u00e3o mera possibilidade) de gozo das prerrogativas dos advogados previstas na Lei 8.906\/94 (Estatuto da Advocacia). Prerrogativas n\u00e3o como direito meramente pessoal do advogado p\u00fablico, mas como condicionante do pr\u00f3prio exerc\u00edcio da advocacia p\u00fablica de Estado, independente e aut\u00f4noma. \u00c9 poss\u00edvel ir al\u00e9m: a necessidade de inscri\u00e7\u00e3o na OAB de advogados p\u00fablicos, com a assun\u00e7\u00e3o das prerrogativas presentes no Estatuto da Advocacia, acaba por se configurar como um dos mais importantes alicerces institucionais da advocacia p\u00fablica, dada a sua formata\u00e7\u00e3o e miss\u00e3o constitucional.&#8221;<\/p>\n<p>Confira a \u00edntegra do artigo! Acesse agora o portal ConJur: <a href=\"http:\/\/conjur.com.br\/2021-nov-22\/queiroz-inscricao-oab-advogados-publicos\" target=\"_blank\" rel=\"noopener\">conjur.com.br\/2021-nov-22\/queiroz-inscricao-oab-advogados-publicos<\/a><\/p>\n","protected":false},"excerpt":{"rendered":"<p>O tema volta aos debates neste momento em que o Supremo Tribunal Federal, no julgamento da ADI 4636 e do RE 1.240.999, delibera pelo afastamento de tal inscri\u00e7\u00e3o em rela\u00e7\u00e3o aos defensores p\u00fablicos.<\/p>\n","protected":false},"author":2,"featured_media":14079,"comment_status":"open","ping_status":"open","sticky":false,"template":"","format":"standard","meta":{"footnotes":""},"categories":[8],"tags":[27,45,146,25],"featured_image_url":"https:\/\/sinprofaz.org.br\/2024\/wp-content\/uploads\/2021\/11\/consultor-juridico-2.jpg","character_count":801,"formatted_date":"24\/11\/2021 - 13:54","contentNovo":"Ricardo de Lima Souza Queiroz, diretor do SINPROFAZ, teve artigo publicado pelo ConJur na segunda-feira (22). No texto, o procurador da Fazenda Nacional explora argumentos relativos \u00e0 obrigatoriedade da inscri\u00e7\u00e3o de advogados p\u00fablicos na OAB - tema que volta aos debates neste momento em que o Supremo Tribunal Federal, no julgamento da ADI 4636 e do RE 1.240.999, delibera pelo afastamento de tal inscri\u00e7\u00e3o em rela\u00e7\u00e3o aos defensores p\u00fablicos. Conforme Ricardo Queiroz, as duas carreiras em quest\u00e3o ostentam regimes jur\u00eddicos muito diversos - tanto no plano constitucional, quanto nas leis complementares e ordin\u00e1rias que as regem -, o que enseja entendimentos tamb\u00e9m distintos no que se refere \u00e0 vincula\u00e7\u00e3o \u00e0 Ordem.\r\n\r\n\"...o ponto nodal que justifica a obrigatoriedade de inscri\u00e7\u00e3o na OAB dos advogados p\u00fablicos \u00e9 a necessidade (n\u00e3o mera possibilidade) de gozo das prerrogativas dos advogados previstas na Lei 8.906\/94 (Estatuto da Advocacia). Prerrogativas n\u00e3o como direito meramente pessoal do advogado p\u00fablico, mas como condicionante do pr\u00f3prio exerc\u00edcio da advocacia p\u00fablica de Estado, independente e aut\u00f4noma. \u00c9 poss\u00edvel ir al\u00e9m: a necessidade de inscri\u00e7\u00e3o na OAB de advogados p\u00fablicos, com a assun\u00e7\u00e3o das prerrogativas presentes no Estatuto da Advocacia, acaba por se configurar como um dos mais importantes alicerces institucionais da advocacia p\u00fablica, dada a sua formata\u00e7\u00e3o e miss\u00e3o constitucional.\"\r\n\r\nConfira a \u00edntegra do artigo! Acesse agora o portal ConJur: <a href=\"http:\/\/conjur.com.br\/2021-nov-22\/queiroz-inscricao-oab-advogados-publicos\" target=\"_blank\" rel=\"noopener\">conjur.com.br\/2021-nov-22\/queiroz-inscricao-oab-advogados-publicos<\/a>","_links":{"self":[{"href":"https:\/\/sinprofaz.org.br\/2024\/wp-json\/wp\/v2\/posts\/14075"}],"collection":[{"href":"https:\/\/sinprofaz.org.br\/2024\/wp-json\/wp\/v2\/posts"}],"about":[{"href":"https:\/\/sinprofaz.org.br\/2024\/wp-json\/wp\/v2\/types\/post"}],"author":[{"embeddable":true,"href":"https:\/\/sinprofaz.org.br\/2024\/wp-json\/wp\/v2\/users\/2"}],"replies":[{"embeddable":true,"href":"https:\/\/sinprofaz.org.br\/2024\/wp-json\/wp\/v2\/comments?post=14075"}],"version-history":[{"count":2,"href":"https:\/\/sinprofaz.org.br\/2024\/wp-json\/wp\/v2\/posts\/14075\/revisions"}],"predecessor-version":[{"id":14080,"href":"https:\/\/sinprofaz.org.br\/2024\/wp-json\/wp\/v2\/posts\/14075\/revisions\/14080"}],"wp:featuredmedia":[{"embeddable":true,"href":"https:\/\/sinprofaz.org.br\/2024\/wp-json\/wp\/v2\/media\/14079"}],"wp:attachment":[{"href":"https:\/\/sinprofaz.org.br\/2024\/wp-json\/wp\/v2\/media?parent=14075"}],"wp:term":[{"taxonomy":"category","embeddable":true,"href":"https:\/\/sinprofaz.org.br\/2024\/wp-json\/wp\/v2\/categories?post=14075"},{"taxonomy":"post_tag","embeddable":true,"href":"https:\/\/sinprofaz.org.br\/2024\/wp-json\/wp\/v2\/tags?post=14075"}],"curies":[{"name":"wp","href":"https:\/\/api.w.org\/{rel}","templated":true}]}}