{"id":14054,"date":"2021-11-19T08:20:36","date_gmt":"2021-11-19T11:20:36","guid":{"rendered":"http:\/\/www.sinprofaz.org.br\/?p=14054"},"modified":"2021-11-22T10:02:19","modified_gmt":"2021-11-22T13:02:19","slug":"em-assembleia-geral-entidades-do-fonacate-elegem-conselhos","status":"publish","type":"post","link":"https:\/\/sinprofaz.org.br\/2024\/noticias\/em-assembleia-geral-entidades-do-fonacate-elegem-conselhos\/","title":{"rendered":"EM ASSEMBLEIA GERAL, ENTIDADES DO FONACATE ELEGEM CONSELHOS"},"content":{"rendered":"<p>O SINPROFAZ, representado pelo presidente Achilles Frias, participou, na tarde de quarta-feira (17), de Assembleia Geral do F\u00f3rum Nacional Permanente de Carreiras T\u00edpicas de Estado &#8211; Fonacate. O encontro foi marcado pelos debates relativos \u00e0 reforma administrativa e \u00e0 PEC dos Precat\u00f3rios, assim como pela elei\u00e7\u00e3o dos Conselhos Executivo e Fiscal respons\u00e1veis por liderar o Fonacate no tri\u00eanio 2022\/2024. Com o apoio do SINPROFAZ, o presidente do F\u00f3rum, Rudinei Marques, foi reconduzido ao cargo, no qual continuar\u00e1 atuando em prol da visibilidade pol\u00edtica e social que o Fonacate conquistou em \u00e2mbito nacional.<\/p>\n<p><strong>PEC 32\/2020<\/strong><br \/>\nEm um balan\u00e7o do trabalho realizado ao longo do ano, os dirigentes sindicais deram destaque \u00e0 atua\u00e7\u00e3o contra a reforma administrativa. De acordo com os presentes, a frente pol\u00edtica que visa \u00e0 destrui\u00e7\u00e3o do Estado Democr\u00e1tico encontrou, nas entidades do F\u00f3rum, fortes defensores dos pressupostos constitucionais e do servi\u00e7o p\u00fablico e republicano, dispostos para a mobiliza\u00e7\u00e3o e a proposi\u00e7\u00e3o de uma reforma mais aderente \u00e0s necessidades do pa\u00eds. Ao fazer uso da palavra, o presidente do SINPROFAZ prop\u00f4s uma an\u00e1lise da PEC 32 considerando o curto, o m\u00e9dio e o longo prazo.<\/p>\n<p>&#8220;A batalha contra a reforma administrativa tem sido grande. Se hoje estamos mais otimistas \u00e9 devido ao trabalho realizado pelas entidades reunidas no Fonacate. Contudo, o atual momento n\u00e3o nos permite baixar a guarda e cessar a atua\u00e7\u00e3o parlamentar. J\u00e1 no pr\u00f3ximo ano, em m\u00e9dio prazo, o pa\u00eds estar\u00e1 anestesiado pelas disputas eleitorais. Por esse motivo, minha preocupa\u00e7\u00e3o est\u00e1 no longo prazo, no in\u00edcio do mandato dos eleitos: a depender de quem se eleja, a reforma administrativa poder\u00e1 ser aprovada&#8221;, alertou Achilles Frias, cujos apontamentos foram ratificados pelos presentes.<\/p>\n<p><strong>PEC 23\/2021<\/strong><br \/>\nA luta contra a PEC dos Precat\u00f3rios \u00e9, hoje, a principal bandeira do Fonacate. A complexidade do tema e do pr\u00f3prio texto apresentado vem dificultando a mobiliza\u00e7\u00e3o social. Para esclarecer aspectos da Proposta, o Fonacate est\u00e1 preparando uma Manifesta\u00e7\u00e3o dirigida aos parlamentares. A vers\u00e3o da PEC aprovada pela C\u00e2mara dos Deputados enfrenta resist\u00eancias entre os senadores. A perspectiva, no entanto, \u00e9 de que a mat\u00e9ria j\u00e1 seja apreciada pelo Senado Federal na semana que vem. Saiba mais sobre a campanha do Fonacate contra a PEC dos Precat\u00f3rios: <a href=\"https:\/\/fonacate.org.br\/noticia\/entidades\/calote-nao-e-a-solucao-confira-a-campanha-contra-a-pec-dos-precatorios\/\">bit.ly\/3HJSsM7<\/a>.<\/p>\n\n\t\t<style type=\"text\/css\">\n\t\t\t#gallery-1 {\n\t\t\t\tmargin: auto;\n\t\t\t}\n\t\t\t#gallery-1 .gallery-item {\n\t\t\t\tfloat: left;\n\t\t\t\tmargin-top: 10px;\n\t\t\t\ttext-align: center;\n\t\t\t\twidth: 33%;\n\t\t\t}\n\t\t\t#gallery-1 img {\n\t\t\t\tborder: 2px solid #cfcfcf;\n\t\t\t}\n\t\t\t#gallery-1 .gallery-caption {\n\t\t\t\tmargin-left: 0;\n\t\t\t}\n\t\t\t\/* see gallery_shortcode() in wp-includes\/media.php *\/\n\t\t<\/style>\n\t\t<div id='gallery-1' class='gallery galleryid-14054 gallery-columns-3 gallery-size-thumbnail'><dl class='gallery-item'>\n\t\t\t<dt class='gallery-icon landscape'>\n\t\t\t\t<a href='https:\/\/sinprofaz.org.br\/2024\/wp-content\/uploads\/2021\/11\/2-2.jpg'><img loading=\"lazy\" decoding=\"async\" width=\"150\" height=\"150\" src=\"https:\/\/sinprofaz.org.br\/2024\/wp-content\/uploads\/2021\/11\/2-2-150x150.jpg\" class=\"attachment-thumbnail size-thumbnail\" alt=\"\" \/><\/a>\n\t\t\t<\/dt><\/dl><dl class='gallery-item'>\n\t\t\t<dt class='gallery-icon landscape'>\n\t\t\t\t<a href='https:\/\/sinprofaz.org.br\/2024\/wp-content\/uploads\/2021\/11\/4.jpg'><img loading=\"lazy\" decoding=\"async\" width=\"150\" height=\"150\" src=\"https:\/\/sinprofaz.org.br\/2024\/wp-content\/uploads\/2021\/11\/4-150x150.jpg\" class=\"attachment-thumbnail size-thumbnail\" alt=\"\" \/><\/a>\n\t\t\t<\/dt><\/dl><dl class='gallery-item'>\n\t\t\t<dt class='gallery-icon landscape'>\n\t\t\t\t<a href='https:\/\/sinprofaz.org.br\/2024\/wp-content\/uploads\/2021\/11\/3-1.jpg'><img loading=\"lazy\" decoding=\"async\" width=\"150\" height=\"150\" src=\"https:\/\/sinprofaz.org.br\/2024\/wp-content\/uploads\/2021\/11\/3-1-150x150.jpg\" class=\"attachment-thumbnail size-thumbnail\" alt=\"\" \/><\/a>\n\t\t\t<\/dt><\/dl><br style=\"clear: both\" \/>\n\t\t<\/div>\n\n","protected":false},"excerpt":{"rendered":"<p>O encontro em Bras\u00edlia\/DF foi marcado pelos debates relativos \u00e0 reforma administrativa e \u00e0 PEC dos Precat\u00f3rios, assim como pela elei\u00e7\u00e3o dos Conselhos Executivo e Fiscal do Fonacate. Com o apoio do SINPROFAZ, o presidente do F\u00f3rum, Rudinei Marques, foi reconduzido ao cargo.<\/p>\n","protected":false},"author":2,"featured_media":14057,"comment_status":"open","ping_status":"open","sticky":false,"template":"","format":"standard","meta":{"footnotes":""},"categories":[8],"tags":[122,25],"featured_image_url":"https:\/\/sinprofaz.org.br\/2024\/wp-content\/uploads\/2021\/11\/1-2.jpg","character_count":1406,"formatted_date":"19\/11\/2021 - 08:20","contentNovo":"O SINPROFAZ, representado pelo presidente Achilles Frias, participou, na tarde de quarta-feira (17), de Assembleia Geral do F\u00f3rum Nacional Permanente de Carreiras T\u00edpicas de Estado - Fonacate. O encontro foi marcado pelos debates relativos \u00e0 reforma administrativa e \u00e0 PEC dos Precat\u00f3rios, assim como pela elei\u00e7\u00e3o dos Conselhos Executivo e Fiscal respons\u00e1veis por liderar o Fonacate no tri\u00eanio 2022\/2024. Com o apoio do SINPROFAZ, o presidente do F\u00f3rum, Rudinei Marques, foi reconduzido ao cargo, no qual continuar\u00e1 atuando em prol da visibilidade pol\u00edtica e social que o Fonacate conquistou em \u00e2mbito nacional.\r\n\r\n<strong>PEC 32\/2020<\/strong>\r\nEm um balan\u00e7o do trabalho realizado ao longo do ano, os dirigentes sindicais deram destaque \u00e0 atua\u00e7\u00e3o contra a reforma administrativa. De acordo com os presentes, a frente pol\u00edtica que visa \u00e0 destrui\u00e7\u00e3o do Estado Democr\u00e1tico encontrou, nas entidades do F\u00f3rum, fortes defensores dos pressupostos constitucionais e do servi\u00e7o p\u00fablico e republicano, dispostos para a mobiliza\u00e7\u00e3o e a proposi\u00e7\u00e3o de uma reforma mais aderente \u00e0s necessidades do pa\u00eds. Ao fazer uso da palavra, o presidente do SINPROFAZ prop\u00f4s uma an\u00e1lise da PEC 32 considerando o curto, o m\u00e9dio e o longo prazo.\r\n\r\n\"A batalha contra a reforma administrativa tem sido grande. Se hoje estamos mais otimistas \u00e9 devido ao trabalho realizado pelas entidades reunidas no Fonacate. Contudo, o atual momento n\u00e3o nos permite baixar a guarda e cessar a atua\u00e7\u00e3o parlamentar. J\u00e1 no pr\u00f3ximo ano, em m\u00e9dio prazo, o pa\u00eds estar\u00e1 anestesiado pelas disputas eleitorais. Por esse motivo, minha preocupa\u00e7\u00e3o est\u00e1 no longo prazo, no in\u00edcio do mandato dos eleitos: a depender de quem se eleja, a reforma administrativa poder\u00e1 ser aprovada\", alertou Achilles Frias, cujos apontamentos foram ratificados pelos presentes.\r\n\r\n<strong>PEC 23\/2021<\/strong>\r\nA luta contra a PEC dos Precat\u00f3rios \u00e9, hoje, a principal bandeira do Fonacate. A complexidade do tema e do pr\u00f3prio texto apresentado vem dificultando a mobiliza\u00e7\u00e3o social. Para esclarecer aspectos da Proposta, o Fonacate est\u00e1 preparando uma Manifesta\u00e7\u00e3o dirigida aos parlamentares. A vers\u00e3o da PEC aprovada pela C\u00e2mara dos Deputados enfrenta resist\u00eancias entre os senadores. A perspectiva, no entanto, \u00e9 de que a mat\u00e9ria j\u00e1 seja apreciada pelo Senado Federal na semana que vem. Saiba mais sobre a campanha do Fonacate contra a PEC dos Precat\u00f3rios: <a href=\"https:\/\/fonacate.org.br\/noticia\/entidades\/calote-nao-e-a-solucao-confira-a-campanha-contra-a-pec-dos-precatorios\/\">bit.ly\/3HJSsM7<\/a>.\r\n\r\n[gallery link=\"file\" ids=\"14058,14056,14055\"]","_links":{"self":[{"href":"https:\/\/sinprofaz.org.br\/2024\/wp-json\/wp\/v2\/posts\/14054"}],"collection":[{"href":"https:\/\/sinprofaz.org.br\/2024\/wp-json\/wp\/v2\/posts"}],"about":[{"href":"https:\/\/sinprofaz.org.br\/2024\/wp-json\/wp\/v2\/types\/post"}],"author":[{"embeddable":true,"href":"https:\/\/sinprofaz.org.br\/2024\/wp-json\/wp\/v2\/users\/2"}],"replies":[{"embeddable":true,"href":"https:\/\/sinprofaz.org.br\/2024\/wp-json\/wp\/v2\/comments?post=14054"}],"version-history":[{"count":2,"href":"https:\/\/sinprofaz.org.br\/2024\/wp-json\/wp\/v2\/posts\/14054\/revisions"}],"predecessor-version":[{"id":14068,"href":"https:\/\/sinprofaz.org.br\/2024\/wp-json\/wp\/v2\/posts\/14054\/revisions\/14068"}],"wp:featuredmedia":[{"embeddable":true,"href":"https:\/\/sinprofaz.org.br\/2024\/wp-json\/wp\/v2\/media\/14057"}],"wp:attachment":[{"href":"https:\/\/sinprofaz.org.br\/2024\/wp-json\/wp\/v2\/media?parent=14054"}],"wp:term":[{"taxonomy":"category","embeddable":true,"href":"https:\/\/sinprofaz.org.br\/2024\/wp-json\/wp\/v2\/categories?post=14054"},{"taxonomy":"post_tag","embeddable":true,"href":"https:\/\/sinprofaz.org.br\/2024\/wp-json\/wp\/v2\/tags?post=14054"}],"curies":[{"name":"wp","href":"https:\/\/api.w.org\/{rel}","templated":true}]}}