{"id":14029,"date":"2021-11-12T08:37:43","date_gmt":"2021-11-12T11:37:43","guid":{"rendered":"http:\/\/www.sinprofaz.org.br\/?p=14029"},"modified":"2021-11-24T08:29:42","modified_gmt":"2021-11-24T11:29:42","slug":"em-reuniao-com-equipe-da-sga-agu-sinprofaz-debate-pleitos-da-carreira","status":"publish","type":"post","link":"https:\/\/sinprofaz.org.br\/2024\/noticias\/em-reuniao-com-equipe-da-sga-agu-sinprofaz-debate-pleitos-da-carreira\/","title":{"rendered":"EM REUNI\u00c3O COM EQUIPE DA SGA\/AGU, SINPROFAZ DEBATE PLEITOS DA CARREIRA"},"content":{"rendered":"<p>O SINPROFAZ, representado pelo presidente Achilles Frias, esteve reunido ontem (11) com a filiada I\u00eada Cagni, secret\u00e1ria-geral de Administra\u00e7\u00e3o da AGU e a primeira mulher eleita para a presid\u00eancia do Conselho de Administra\u00e7\u00e3o do Banco do Brasil. A advogada da Uni\u00e3o Neleide Abila, diretora de Gest\u00e3o e Desenvolvimento de Pessoas da AGU, tamb\u00e9m esteve presente. O encontro ocorreu na sede da Advocacia-Geral da Uni\u00e3o, em Bras\u00edlia\/DF, e teve como pauta central a quest\u00e3o dos servidores da Procuradoria-Geral da Fazenda Nacional.<\/p>\n<p>De acordo com I\u00eada Cagni, uma <em>live<\/em> para os servidores est\u00e1 sendo preparada pela equipe da SGA. O evento virtual, cuja data ainda ser\u00e1 definida, dever\u00e1 contar com as presen\u00e7as do advogado-geral da Uni\u00e3o, Bruno Bianco, e do procurador-geral da Fazenda Nacional, Ricardo Soriano. Na oportunidade, os servidores poder\u00e3o tirar d\u00favidas a respeito de temas como a integra\u00e7\u00e3o, ao quadro de pessoal da AGU, daqueles contemplados pela Lei 10.480\/2002 e pela Portaria ME\/AGU 13\/2020. Tais servidores ter\u00e3o direito \u00e0 incorpora\u00e7\u00e3o da diferen\u00e7a remunerat\u00f3ria existente entre os profissionais da AGU e da PGFN.<\/p>\n<p><strong>Secretaria-Geral de Administra\u00e7\u00e3o<\/strong><br \/>\nAchilles Frias aproveitou a ocasi\u00e3o para parabenizar I\u00eada Cagni pelo trabalho \u00e0 frente da SGA. Na vis\u00e3o do SINPROFAZ, I\u00eada Cagni vem cumprindo a proposta de realizar uma gest\u00e3o agregadora, norteada pela valoriza\u00e7\u00e3o das pessoas e pelo est\u00edmulo ao senso de pertencimento dos PFNs em rela\u00e7\u00e3o \u00e0 AGU.<\/p>\n<p>Ao longo da reuni\u00e3o, a secret\u00e1ria-geral apresentou projetos a serem colocados em pr\u00e1tica no \u00e2mbito da Institui\u00e7\u00e3o. A equipe est\u00e1 trabalhando, por exemplo, na contrata\u00e7\u00e3o da empresa respons\u00e1vel pela realiza\u00e7\u00e3o dos concursos para as tr\u00eas carreiras &#8211; de procurador da Fazenda Nacional, de advogado da Uni\u00e3o e de procurador federal. I\u00eada Cagni abordou, por fim, a realiza\u00e7\u00e3o de capacita\u00e7\u00f5es abertas \u00e0s lideran\u00e7as da PGFN e a manuten\u00e7\u00e3o do formato h\u00edbrido de trabalho para os Membros da AGU.<\/p>\n\n\t\t<style type=\"text\/css\">\n\t\t\t#gallery-1 {\n\t\t\t\tmargin: auto;\n\t\t\t}\n\t\t\t#gallery-1 .gallery-item {\n\t\t\t\tfloat: left;\n\t\t\t\tmargin-top: 10px;\n\t\t\t\ttext-align: center;\n\t\t\t\twidth: 33%;\n\t\t\t}\n\t\t\t#gallery-1 img {\n\t\t\t\tborder: 2px solid #cfcfcf;\n\t\t\t}\n\t\t\t#gallery-1 .gallery-caption {\n\t\t\t\tmargin-left: 0;\n\t\t\t}\n\t\t\t\/* see gallery_shortcode() in wp-includes\/media.php *\/\n\t\t<\/style>\n\t\t<div id='gallery-1' class='gallery galleryid-14029 gallery-columns-3 gallery-size-thumbnail'><dl class='gallery-item'>\n\t\t\t<dt class='gallery-icon landscape'>\n\t\t\t\t<a href='https:\/\/sinprofaz.org.br\/2024\/wp-content\/uploads\/2021\/11\/2-1.jpg'><img loading=\"lazy\" decoding=\"async\" width=\"150\" height=\"150\" src=\"https:\/\/sinprofaz.org.br\/2024\/wp-content\/uploads\/2021\/11\/2-1-150x150.jpg\" class=\"attachment-thumbnail size-thumbnail\" alt=\"\" \/><\/a>\n\t\t\t<\/dt><\/dl><dl class='gallery-item'>\n\t\t\t<dt class='gallery-icon landscape'>\n\t\t\t\t<a href='https:\/\/sinprofaz.org.br\/2024\/wp-content\/uploads\/2021\/11\/3.jpg'><img loading=\"lazy\" decoding=\"async\" width=\"150\" height=\"150\" src=\"https:\/\/sinprofaz.org.br\/2024\/wp-content\/uploads\/2021\/11\/3-150x150.jpg\" class=\"attachment-thumbnail size-thumbnail\" alt=\"\" \/><\/a>\n\t\t\t<\/dt><\/dl>\n\t\t\t<br style='clear: both' \/>\n\t\t<\/div>\n\n","protected":false},"excerpt":{"rendered":"<p>O SINPROFAZ, representado pelo presidente Achilles Frias, esteve reunido ontem (11) com a filiada I\u00eada Cagni, secret\u00e1ria-geral de Administra\u00e7\u00e3o da AGU e a primeira mulher eleita para a presid\u00eancia do Conselho de Administra\u00e7\u00e3o do Banco do Brasil. Confira!<\/p>\n","protected":false},"author":2,"featured_media":14032,"comment_status":"open","ping_status":"open","sticky":false,"template":"","format":"standard","meta":{"footnotes":""},"categories":[8],"tags":[43,32,25],"featured_image_url":"https:\/\/sinprofaz.org.br\/2024\/wp-content\/uploads\/2021\/11\/1-1.jpg","character_count":1191,"formatted_date":"12\/11\/2021 - 08:37","contentNovo":"O SINPROFAZ, representado pelo presidente Achilles Frias, esteve reunido ontem (11) com a filiada I\u00eada Cagni, secret\u00e1ria-geral de Administra\u00e7\u00e3o da AGU e a primeira mulher eleita para a presid\u00eancia do Conselho de Administra\u00e7\u00e3o do Banco do Brasil. A advogada da Uni\u00e3o Neleide Abila, diretora de Gest\u00e3o e Desenvolvimento de Pessoas da AGU, tamb\u00e9m esteve presente. O encontro ocorreu na sede da Advocacia-Geral da Uni\u00e3o, em Bras\u00edlia\/DF, e teve como pauta central a quest\u00e3o dos servidores da Procuradoria-Geral da Fazenda Nacional.\r\n\r\nDe acordo com I\u00eada Cagni, uma <em>live<\/em> para os servidores est\u00e1 sendo preparada pela equipe da SGA. O evento virtual, cuja data ainda ser\u00e1 definida, dever\u00e1 contar com as presen\u00e7as do advogado-geral da Uni\u00e3o, Bruno Bianco, e do procurador-geral da Fazenda Nacional, Ricardo Soriano. Na oportunidade, os servidores poder\u00e3o tirar d\u00favidas a respeito de temas como a integra\u00e7\u00e3o, ao quadro de pessoal da AGU, daqueles contemplados pela Lei 10.480\/2002 e pela Portaria ME\/AGU 13\/2020. Tais servidores ter\u00e3o direito \u00e0 incorpora\u00e7\u00e3o da diferen\u00e7a remunerat\u00f3ria existente entre os profissionais da AGU e da PGFN.\r\n\r\n<strong>Secretaria-Geral de Administra\u00e7\u00e3o<\/strong>\r\nAchilles Frias aproveitou a ocasi\u00e3o para parabenizar I\u00eada Cagni pelo trabalho \u00e0 frente da SGA. Na vis\u00e3o do SINPROFAZ, I\u00eada Cagni vem cumprindo a proposta de realizar uma gest\u00e3o agregadora, norteada pela valoriza\u00e7\u00e3o das pessoas e pelo est\u00edmulo ao senso de pertencimento dos PFNs em rela\u00e7\u00e3o \u00e0 AGU.\r\n\r\nAo longo da reuni\u00e3o, a secret\u00e1ria-geral apresentou projetos a serem colocados em pr\u00e1tica no \u00e2mbito da Institui\u00e7\u00e3o. A equipe est\u00e1 trabalhando, por exemplo, na contrata\u00e7\u00e3o da empresa respons\u00e1vel pela realiza\u00e7\u00e3o dos concursos para as tr\u00eas carreiras - de procurador da Fazenda Nacional, de advogado da Uni\u00e3o e de procurador federal. I\u00eada Cagni abordou, por fim, a realiza\u00e7\u00e3o de capacita\u00e7\u00f5es abertas \u00e0s lideran\u00e7as da PGFN e a manuten\u00e7\u00e3o do formato h\u00edbrido de trabalho para os Membros da AGU.\r\n\r\n[gallery link=\"file\" ids=\"14030,14031\"]","_links":{"self":[{"href":"https:\/\/sinprofaz.org.br\/2024\/wp-json\/wp\/v2\/posts\/14029"}],"collection":[{"href":"https:\/\/sinprofaz.org.br\/2024\/wp-json\/wp\/v2\/posts"}],"about":[{"href":"https:\/\/sinprofaz.org.br\/2024\/wp-json\/wp\/v2\/types\/post"}],"author":[{"embeddable":true,"href":"https:\/\/sinprofaz.org.br\/2024\/wp-json\/wp\/v2\/users\/2"}],"replies":[{"embeddable":true,"href":"https:\/\/sinprofaz.org.br\/2024\/wp-json\/wp\/v2\/comments?post=14029"}],"version-history":[{"count":5,"href":"https:\/\/sinprofaz.org.br\/2024\/wp-json\/wp\/v2\/posts\/14029\/revisions"}],"predecessor-version":[{"id":14073,"href":"https:\/\/sinprofaz.org.br\/2024\/wp-json\/wp\/v2\/posts\/14029\/revisions\/14073"}],"wp:featuredmedia":[{"embeddable":true,"href":"https:\/\/sinprofaz.org.br\/2024\/wp-json\/wp\/v2\/media\/14032"}],"wp:attachment":[{"href":"https:\/\/sinprofaz.org.br\/2024\/wp-json\/wp\/v2\/media?parent=14029"}],"wp:term":[{"taxonomy":"category","embeddable":true,"href":"https:\/\/sinprofaz.org.br\/2024\/wp-json\/wp\/v2\/categories?post=14029"},{"taxonomy":"post_tag","embeddable":true,"href":"https:\/\/sinprofaz.org.br\/2024\/wp-json\/wp\/v2\/tags?post=14029"}],"curies":[{"name":"wp","href":"https:\/\/api.w.org\/{rel}","templated":true}]}}