{"id":1402,"date":"2013-07-22T16:51:00","date_gmt":"2013-07-22T16:51:00","guid":{"rendered":""},"modified":"-0001-11-30T00:00:00","modified_gmt":"-0001-11-30T03:00:00","slug":"novos-procuradores-da-fazenda-tomam-posse","status":"publish","type":"post","link":"https:\/\/sinprofaz.org.br\/2024\/noticias\/novos-procuradores-da-fazenda-tomam-posse\/","title":{"rendered":"Novos Procuradores da Fazenda tomam posse"},"content":{"rendered":"<p><img loading=\"lazy\" decoding=\"async\" style=\"margin-right: 10px; border: 1px solid #000000; float: left;\" alt=\"Novos Procuradores da Fazenda tomam posse\" src=\"images\/noticias\/posse-novos-procuradores-07-2013\/foto03.jpg\" height=\"154\" width=\"218\" \/>SINPROFAZ esteve presente durante o curso de forma\u00e7\u00e3o e tamb\u00e9m na posse dos novos PFNs. Sindicato continuar\u00e1 lutando pela nomea\u00e7\u00e3o de todos os aprovados.<\/p>\n<p>A posse dos 190 novos Procuradores da Fazenda Nacional ocorreu na \u00faltima sexta-feira, 19 de julho, em Bras\u00edlia. Os colegas ingressam na institui\u00e7\u00e3o ap\u00f3s duas semanas de curso de ambienta\u00e7\u00e3o realizado pela Escola de Administra\u00e7\u00e3o Fazend\u00e1ria \u2013 Esaf.<\/p>\n<p><img loading=\"lazy\" decoding=\"async\" style=\"margin-left: 10px; margin-bottom: 5px; margin-top: 5px; border: 1px solid #000000; float: right;\" alt=\"Novos Procuradores da Fazenda tomam posse\" src=\"images\/noticias\/posse-novos-procuradores-07-2013\/foto02.jpg\" height=\"154\" width=\"218\" \/>Na solenidade, o Procurador da Fazenda Ant\u00f4nio de Souza J\u00fanior, primeiro colocado no concurso p\u00fablico, falou em nome da turma, lembrando que a palavra \u201cprocurador\u201d vem do latim procurare, que significa tratar de interesse alheio ou de outrem, no caso, da Fazenda Nacional e da sociedade.<\/p>\n<p>Carlos Alberto Freitas Barreto, secret\u00e1rio da Receita Federal do Brasil (RFB) representou o ministro da Fazenda, Guido Mantega. A procuradora- geral da Fazenda Nacional, Adriana Queiroz de Carvalho, afirmou que a turma de procuradores representa a renova\u00e7\u00e3o do quadro da PGFN, mas tamb\u00e9m uma inova\u00e7\u00e3o do concurso, que pela primeira vez trouxe a prova oral, testando compet\u00eancias individuais e transversais necess\u00e1rias ao desempenho da fun\u00e7\u00e3o de procurador. <img decoding=\"async\" style=\"margin-bottom: 5px; margin-top: 5px; margin-right: 10px; border: 1px solid #000000; float: left;\" alt=\"Novos Procuradores da Fazenda tomam posse\" src=\"images\/noticias\/posse-novos-procuradores-07-2013\/foto01.jpg\" width=\"160\" \/>O advogado-geral da Uni\u00e3o, ministro Lu\u00eds In\u00e1cio Adams, tamb\u00e9m esteve presente.<\/p>\n<p>O presidente do SINPROFAZ, Her\u00e1clio Camargo, ponderou com a Dra. Adriana Queiroz sobre a necessidade da nomea\u00e7\u00e3o imediata dos aprovados remanescentes desse concurso dific\u00edlimo e car\u00edssimo, tendo em vista que as proje\u00e7\u00f5es da PGFN n\u00e3o podem prescindir desses futuros colegas, que est\u00e3o prontos para minimizar o excesso de processos e fazer frente \u00e0 virtualiza\u00e7\u00e3o e interioriza\u00e7\u00e3o da Justi\u00e7a Federal.<\/p>\n","protected":false},"excerpt":{"rendered":"<p>SINPROFAZ esteve presente durante o curso de forma\u00e7\u00e3o e tamb\u00e9m na posse dos novos PFNs. Sindicato continuar\u00e1 lutando pela nomea\u00e7\u00e3o de todos os aprovados.<\/p>\n","protected":false},"author":1,"featured_media":0,"comment_status":"closed","ping_status":"open","sticky":false,"template":"","format":"standard","meta":{"footnotes":""},"categories":[8],"tags":[],"featured_image_url":"https:\/\/dummyimage.com\/720x400","character_count":839,"formatted_date":"22\/07\/2013 - 16:51","contentNovo":"\r\n<p>SINPROFAZ esteve presente durante o curso de forma\u00e7\u00e3o e tamb\u00e9m na posse dos novos PFNs. Sindicato continuar\u00e1 lutando pela nomea\u00e7\u00e3o de todos os aprovados.<\/p>\r\n<p>A posse dos 190 novos Procuradores da Fazenda Nacional ocorreu na \u00faltima sexta-feira, 19 de julho, em Bras\u00edlia. Os colegas ingressam na institui\u00e7\u00e3o ap\u00f3s duas semanas de curso de ambienta\u00e7\u00e3o realizado pela Escola de Administra\u00e7\u00e3o Fazend\u00e1ria \u2013 Esaf.<\/p>\r\n<p>Na solenidade, o Procurador da Fazenda Ant\u00f4nio de Souza J\u00fanior, primeiro colocado no concurso p\u00fablico, falou em nome da turma, lembrando que a palavra \u201cprocurador\u201d vem do latim procurare, que significa tratar de interesse alheio ou de outrem, no caso, da Fazenda Nacional e da sociedade.<\/p>\r\n<p>Carlos Alberto Freitas Barreto, secret\u00e1rio da Receita Federal do Brasil (RFB) representou o ministro da Fazenda, Guido Mantega. A procuradora- geral da Fazenda Nacional, Adriana Queiroz de Carvalho, afirmou que a turma de procuradores representa a renova\u00e7\u00e3o do quadro da PGFN, mas tamb\u00e9m uma inova\u00e7\u00e3o do concurso, que pela primeira vez trouxe a prova oral, testando compet\u00eancias individuais e transversais necess\u00e1rias ao desempenho da fun\u00e7\u00e3o de procurador. O advogado-geral da Uni\u00e3o, ministro Lu\u00eds In\u00e1cio Adams, tamb\u00e9m esteve presente.<\/p>\r\n<p>O presidente do SINPROFAZ, Her\u00e1clio Camargo, ponderou com a Dra. Adriana Queiroz sobre a necessidade da nomea\u00e7\u00e3o imediata dos aprovados remanescentes desse concurso dific\u00edlimo e car\u00edssimo, tendo em vista que as proje\u00e7\u00f5es da PGFN n\u00e3o podem prescindir desses futuros colegas, que est\u00e3o prontos para minimizar o excesso de processos e fazer frente \u00e0 virtualiza\u00e7\u00e3o e interioriza\u00e7\u00e3o da Justi\u00e7a Federal.<\/p>","_links":{"self":[{"href":"https:\/\/sinprofaz.org.br\/2024\/wp-json\/wp\/v2\/posts\/1402"}],"collection":[{"href":"https:\/\/sinprofaz.org.br\/2024\/wp-json\/wp\/v2\/posts"}],"about":[{"href":"https:\/\/sinprofaz.org.br\/2024\/wp-json\/wp\/v2\/types\/post"}],"author":[{"embeddable":true,"href":"https:\/\/sinprofaz.org.br\/2024\/wp-json\/wp\/v2\/users\/1"}],"replies":[{"embeddable":true,"href":"https:\/\/sinprofaz.org.br\/2024\/wp-json\/wp\/v2\/comments?post=1402"}],"version-history":[{"count":0,"href":"https:\/\/sinprofaz.org.br\/2024\/wp-json\/wp\/v2\/posts\/1402\/revisions"}],"wp:attachment":[{"href":"https:\/\/sinprofaz.org.br\/2024\/wp-json\/wp\/v2\/media?parent=1402"}],"wp:term":[{"taxonomy":"category","embeddable":true,"href":"https:\/\/sinprofaz.org.br\/2024\/wp-json\/wp\/v2\/categories?post=1402"},{"taxonomy":"post_tag","embeddable":true,"href":"https:\/\/sinprofaz.org.br\/2024\/wp-json\/wp\/v2\/tags?post=1402"}],"curies":[{"name":"wp","href":"https:\/\/api.w.org\/{rel}","templated":true}]}}