{"id":13982,"date":"2021-10-22T08:52:55","date_gmt":"2021-10-22T11:52:55","guid":{"rendered":"http:\/\/www.sinprofaz.org.br\/?p=13982"},"modified":"2021-11-01T10:35:43","modified_gmt":"2021-11-01T13:35:43","slug":"em-reuniao-com-advogado-geral-da-uniao-sinprofaz-pleiteia-retomada-das-promocoes","status":"publish","type":"post","link":"https:\/\/sinprofaz.org.br\/2024\/noticias\/em-reuniao-com-advogado-geral-da-uniao-sinprofaz-pleiteia-retomada-das-promocoes\/","title":{"rendered":"EM REUNI\u00c3O COM ADVOGADO-GERAL DA UNI\u00c3O, SINPROFAZ PLEITEIA RETOMADA DAS PROMO\u00c7\u00d5ES"},"content":{"rendered":"<p>O SINPROFAZ, representado pelo presidente Achilles Frias, esteve reunido ontem (21) com o advogado-geral da Uni\u00e3o, Bruno Bianco. O procurador-geral da Fazenda Nacional, Ricardo Soriano; o adjunto do AGU, Fabr\u00edcio Da Soller; o vice-advogado-geral da Uni\u00e3o, Adler Anaximandro de Cruz e Alves; e o assessor especial Paulo Kuhn tamb\u00e9m estiveram presentes.<\/p>\n<p>O encontro ocorreu na sede da AGU, em Bras\u00edlia\/DF, e teve como tema central a retomada das promo\u00e7\u00f5es no \u00e2mbito da Advocacia-Geral da Uni\u00e3o.<\/p>\n<p>Segundo o presidente do SINPROFAZ, a Carreira reconhece a sensibilidade da quest\u00e3o, mas requer uma sinaliza\u00e7\u00e3o institucional da AGU no sentido do destravamento dos processos. Sens\u00edvel ao pleito dos procuradores da Fazenda Nacional, Bruno Bianco se comprometeu a envidar esfor\u00e7os para que a quest\u00e3o se resolva o quanto antes.<\/p>\n","protected":false},"excerpt":{"rendered":"<p>O SINPROFAZ, representado pelo presidente Achilles Frias, esteve reunido ontem (21) com o advogado-geral da Uni\u00e3o, Bruno Bianco. O encontro ocorreu na sede da AGU, em Bras\u00edlia\/DF, e teve como tema central a retomada das promo\u00e7\u00f5es.<\/p>\n","protected":false},"author":2,"featured_media":13983,"comment_status":"open","ping_status":"open","sticky":false,"template":"","format":"standard","meta":{"footnotes":""},"categories":[8],"tags":[43,32,25],"featured_image_url":"https:\/\/sinprofaz.org.br\/2024\/wp-content\/uploads\/2021\/10\/NOTA-SINPROFAZ-1.jpg","character_count":416,"formatted_date":"22\/10\/2021 - 08:52","contentNovo":"O SINPROFAZ, representado pelo presidente Achilles Frias, esteve reunido ontem (21) com o advogado-geral da Uni\u00e3o, Bruno Bianco. O procurador-geral da Fazenda Nacional, Ricardo Soriano; o adjunto do AGU, Fabr\u00edcio Da Soller; o vice-advogado-geral da Uni\u00e3o, Adler Anaximandro de Cruz e Alves; e o assessor especial Paulo Kuhn tamb\u00e9m estiveram presentes.\r\n\r\nO encontro ocorreu na sede da AGU, em Bras\u00edlia\/DF, e teve como tema central a retomada das promo\u00e7\u00f5es no \u00e2mbito da Advocacia-Geral da Uni\u00e3o.\r\n\r\nSegundo o presidente do SINPROFAZ, a Carreira reconhece a sensibilidade da quest\u00e3o, mas requer uma sinaliza\u00e7\u00e3o institucional da AGU no sentido do destravamento dos processos. Sens\u00edvel ao pleito dos procuradores da Fazenda Nacional, Bruno Bianco se comprometeu a envidar esfor\u00e7os para que a quest\u00e3o se resolva o quanto antes.","_links":{"self":[{"href":"https:\/\/sinprofaz.org.br\/2024\/wp-json\/wp\/v2\/posts\/13982"}],"collection":[{"href":"https:\/\/sinprofaz.org.br\/2024\/wp-json\/wp\/v2\/posts"}],"about":[{"href":"https:\/\/sinprofaz.org.br\/2024\/wp-json\/wp\/v2\/types\/post"}],"author":[{"embeddable":true,"href":"https:\/\/sinprofaz.org.br\/2024\/wp-json\/wp\/v2\/users\/2"}],"replies":[{"embeddable":true,"href":"https:\/\/sinprofaz.org.br\/2024\/wp-json\/wp\/v2\/comments?post=13982"}],"version-history":[{"count":3,"href":"https:\/\/sinprofaz.org.br\/2024\/wp-json\/wp\/v2\/posts\/13982\/revisions"}],"predecessor-version":[{"id":14000,"href":"https:\/\/sinprofaz.org.br\/2024\/wp-json\/wp\/v2\/posts\/13982\/revisions\/14000"}],"wp:featuredmedia":[{"embeddable":true,"href":"https:\/\/sinprofaz.org.br\/2024\/wp-json\/wp\/v2\/media\/13983"}],"wp:attachment":[{"href":"https:\/\/sinprofaz.org.br\/2024\/wp-json\/wp\/v2\/media?parent=13982"}],"wp:term":[{"taxonomy":"category","embeddable":true,"href":"https:\/\/sinprofaz.org.br\/2024\/wp-json\/wp\/v2\/categories?post=13982"},{"taxonomy":"post_tag","embeddable":true,"href":"https:\/\/sinprofaz.org.br\/2024\/wp-json\/wp\/v2\/tags?post=13982"}],"curies":[{"name":"wp","href":"https:\/\/api.w.org\/{rel}","templated":true}]}}