{"id":1396,"date":"2013-07-16T19:24:20","date_gmt":"2013-07-16T19:24:20","guid":{"rendered":""},"modified":"-0001-11-30T00:00:00","modified_gmt":"-0001-11-30T03:00:00","slug":"ministro-do-stf-decide-sobre-questao-em-que-sinprofaz-interveio-no-cnj","status":"publish","type":"post","link":"https:\/\/sinprofaz.org.br\/2024\/noticias\/ministro-do-stf-decide-sobre-questao-em-que-sinprofaz-interveio-no-cnj\/","title":{"rendered":"Ministro do STF decide sobre quest\u00e3o em que SINPROFAZ interveio no CNJ"},"content":{"rendered":"<p>O Ministro Gilmar Mendes deferiu liminar em mandado de seguran\u00e7a coletivo impetrado no STF pela AJUFE e pela AJUFERJES e suspendeu decis\u00e3o antes proferida pelo Conselheiro Jos\u00e9 L\u00facio Munhoz, nos autos de Procedimento de Controle Administrativo, que tramita no Conselho de Nacional de Justi\u00e7a, em raz\u00e3o de representa\u00e7\u00e3o apresentada pela OAB\/RJ contra a possibilidade de assessoramento de magistrados por Procuradores da Fazenda Nacional.<\/p>\n<p>Na decis\u00e3o, S. Exa. frisou que \u201c<strong>tanto a imagem do TRF da 2\u00aa Regi\u00e3o, e da pr\u00f3pria servidora, quanto o regular funcionamento das atividades do Tribunal podem ser prejudicados<\/strong>\u201d por medidas como a que restou agora suspensa.&#8221;<\/p>\n<p>O Conselheiro Jos\u00e9 L\u00facio Munhoz &#8211; em 26 de junho, na v\u00e9spera de sess\u00e3o marcada no CNJ para o julgamento do m\u00e9rito da representa\u00e7\u00e3o e um ano e seis meses ap\u00f3s seu requerimento pela OAB\/RJ &#8211; deferira a liminar pleiteada pela OAB\/RJ e determinara, exclusivamente, a exonera\u00e7\u00e3o imediata da Procuradora da Fazenda que prestava assessoria no TRF\/2 e que, inclusive, estava no gozo de f\u00e9rias.<\/p>\n<p>O SINPROFAZ juntamente com o FORVM NACIONAL DA ADVOCACIA P\u00daBLICA intervieram desde o primeiro momento no mencionado processo administrativo, tendo participado de audi\u00eancia p\u00fablica perante aquele CNJ e despachado com todos os Conselheiros.<\/p>\n<p>O m\u00e9rito da representa\u00e7\u00e3o administrativa dever\u00e1 ser julgado na pr\u00f3xima sess\u00e3o do CNJ que ocorrer\u00e1 no dia 6 de agosto. Estamos muito confiantes que a teratol\u00f3gica representa\u00e7\u00e3o da OAB ser\u00e1 fulminada pelo CNJ, para tanto faremos sustenta\u00e7\u00e3o oral e distribuiremos novos memoriais.<\/p>\n<p><a href=\"images\/stories\/pdfs\/decisao-gilmar-mendes-cessao-procurador.pdf\" target=\"_blank\">Decis\u00e3o &#8211; Ministro Gilmar Mendes<\/a><\/p>\n","protected":false},"excerpt":{"rendered":"<p>Decis\u00e3o refere-se \u00e0 possibilidade de assessoramento de magistrados por Procuradores da Fazenda Nacional.<\/p>\n","protected":false},"author":1,"featured_media":0,"comment_status":"closed","ping_status":"open","sticky":false,"template":"","format":"standard","meta":{"footnotes":""},"categories":[8],"tags":[],"featured_image_url":"https:\/\/dummyimage.com\/720x400","character_count":831,"formatted_date":"16\/07\/2013 - 19:24","contentNovo":"\r\n<p>O Ministro Gilmar Mendes deferiu liminar em mandado de seguran\u00e7a coletivo impetrado no STF pela AJUFE e pela AJUFERJES e suspendeu decis\u00e3o antes proferida pelo Conselheiro Jos\u00e9 L\u00facio Munhoz, nos autos de Procedimento de Controle Administrativo, que tramita no Conselho de Nacional de Justi\u00e7a, em raz\u00e3o de representa\u00e7\u00e3o apresentada pela OAB\/RJ contra a possibilidade de assessoramento de magistrados por Procuradores da Fazenda Nacional.<\/p>\r\n<p>Na decis\u00e3o, S. Exa. frisou que \u201c<strong>tanto a imagem do TRF da 2\u00aa Regi\u00e3o, e da pr\u00f3pria servidora, quanto o regular funcionamento das atividades do Tribunal podem ser prejudicados<\/strong>\u201d por medidas como a que restou agora suspensa.\"<\/p>\r\n<p>O Conselheiro Jos\u00e9 L\u00facio Munhoz - em 26 de junho, na v\u00e9spera de sess\u00e3o marcada no CNJ para o julgamento do m\u00e9rito da representa\u00e7\u00e3o e um ano e seis meses ap\u00f3s seu requerimento pela OAB\/RJ - deferira a liminar pleiteada pela OAB\/RJ e determinara, exclusivamente, a exonera\u00e7\u00e3o imediata da Procuradora da Fazenda que prestava assessoria no TRF\/2 e que, inclusive, estava no gozo de f\u00e9rias.<\/p>\r\n<p>O SINPROFAZ juntamente com o FORVM NACIONAL DA ADVOCACIA P\u00daBLICA intervieram desde o primeiro momento no mencionado processo administrativo, tendo participado de audi\u00eancia p\u00fablica perante aquele CNJ e despachado com todos os Conselheiros.<\/p>\r\n<p>O m\u00e9rito da representa\u00e7\u00e3o administrativa dever\u00e1 ser julgado na pr\u00f3xima sess\u00e3o do CNJ que ocorrer\u00e1 no dia 6 de agosto. Estamos muito confiantes que a teratol\u00f3gica representa\u00e7\u00e3o da OAB ser\u00e1 fulminada pelo CNJ, para tanto faremos sustenta\u00e7\u00e3o oral e distribuiremos novos memoriais.<\/p>\r\n<p><a href=\"images\/stories\/pdfs\/decisao-gilmar-mendes-cessao-procurador.pdf\" target=\"_blank\">Decis\u00e3o - Ministro Gilmar Mendes<\/a><\/p>","_links":{"self":[{"href":"https:\/\/sinprofaz.org.br\/2024\/wp-json\/wp\/v2\/posts\/1396"}],"collection":[{"href":"https:\/\/sinprofaz.org.br\/2024\/wp-json\/wp\/v2\/posts"}],"about":[{"href":"https:\/\/sinprofaz.org.br\/2024\/wp-json\/wp\/v2\/types\/post"}],"author":[{"embeddable":true,"href":"https:\/\/sinprofaz.org.br\/2024\/wp-json\/wp\/v2\/users\/1"}],"replies":[{"embeddable":true,"href":"https:\/\/sinprofaz.org.br\/2024\/wp-json\/wp\/v2\/comments?post=1396"}],"version-history":[{"count":0,"href":"https:\/\/sinprofaz.org.br\/2024\/wp-json\/wp\/v2\/posts\/1396\/revisions"}],"wp:attachment":[{"href":"https:\/\/sinprofaz.org.br\/2024\/wp-json\/wp\/v2\/media?parent=1396"}],"wp:term":[{"taxonomy":"category","embeddable":true,"href":"https:\/\/sinprofaz.org.br\/2024\/wp-json\/wp\/v2\/categories?post=1396"},{"taxonomy":"post_tag","embeddable":true,"href":"https:\/\/sinprofaz.org.br\/2024\/wp-json\/wp\/v2\/tags?post=1396"}],"curies":[{"name":"wp","href":"https:\/\/api.w.org\/{rel}","templated":true}]}}