{"id":1394,"date":"2013-07-15T16:46:33","date_gmt":"2013-07-15T16:46:33","guid":{"rendered":""},"modified":"-0001-11-30T00:00:00","modified_gmt":"-0001-11-30T03:00:00","slug":"lancamento-advocacia-publica-novos-tempos","status":"publish","type":"post","link":"https:\/\/sinprofaz.org.br\/2024\/noticias\/lancamento-advocacia-publica-novos-tempos\/","title":{"rendered":"Lan\u00e7amento: Advocacia P\u00fablica &#8211; Novos Tempos"},"content":{"rendered":"<p><img loading=\"lazy\" decoding=\"async\" style=\"margin-right: 10px; margin-bottom: 10px; border: 1px solid #000000; float: left;\" alt=\"\" src=\"images\/noticias\/adv-pub-novos-tempos\/livro-advocacia-publica-novos-tempos2.jpg\" height=\"200\" width=\"150\" \/>Em obra coletiva, PFNs e outros autores discorrem sobre dilemas atuais da Advocacia P\u00fablica no Brasil.<\/p>\n<p>Editada pela Consulex, a obra foi coordenada por quatro Procuradores da Fazenda: Ingrid Caroline Cavalcante de Oliveira Deusdar\u00e1, Jos\u00e9 Edmundo Barros de Lacerda, Marcelino Rodrigues Mendes Filho e Roberto Mota.<\/p>\n<p>A publica\u00e7\u00e3o traz contribui\u00e7\u00f5es de 22 articulistas acerca dos novos tempos da advocacia p\u00fablica e h\u00e1 inclusive an\u00e1lises sobre o recent\u00edssimo projeto de lei complementar 205\/12, que tramita na C\u00e2mara dos Deputados com o prop\u00f3sito de atualizar a lei org\u00e2nica da AGU mas que n\u00e3o atende \u00e0s necessidades das carreiras.<\/p>\n<p>A pr\u00e9-venda j\u00e1 est\u00e1 dispon\u00edvel no site da Editora Consulex. <a href=\"http:\/\/www.consulex.com.br\/item.asp?id=1369\" target=\"_blank\">Acesse o link e reserve seu exemplar<\/a>.<\/p>\n","protected":false},"excerpt":{"rendered":"<p>Em obra coletiva, PFNs e outros autores discorrem sobre dilemas atuais da Advocacia P\u00fablica no Brasil.<\/p>\n","protected":false},"author":1,"featured_media":0,"comment_status":"closed","ping_status":"open","sticky":false,"template":"","format":"standard","meta":{"footnotes":""},"categories":[8],"tags":[],"featured_image_url":"https:\/\/dummyimage.com\/720x400","character_count":373,"formatted_date":"15\/07\/2013 - 16:46","contentNovo":"\r\n<p>Em obra coletiva, PFNs e outros autores discorrem sobre dilemas atuais da Advocacia P\u00fablica no Brasil.<\/p>\r\n<p>Editada pela Consulex, a obra foi coordenada por quatro Procuradores da Fazenda: Ingrid Caroline Cavalcante de Oliveira Deusdar\u00e1, Jos\u00e9 Edmundo Barros de Lacerda, Marcelino Rodrigues Mendes Filho e Roberto Mota.<\/p>\r\n<p>A publica\u00e7\u00e3o traz contribui\u00e7\u00f5es de 22 articulistas acerca dos novos tempos da advocacia p\u00fablica e h\u00e1 inclusive an\u00e1lises sobre o recent\u00edssimo projeto de lei complementar 205\/12, que tramita na C\u00e2mara dos Deputados com o prop\u00f3sito de atualizar a lei org\u00e2nica da AGU mas que n\u00e3o atende \u00e0s necessidades das carreiras.<\/p>\r\n<p>A pr\u00e9-venda j\u00e1 est\u00e1 dispon\u00edvel no site da Editora Consulex. <a href=\"http:\/\/www.consulex.com.br\/item.asp?id=1369\" target=\"_blank\">Acesse o link e reserve seu exemplar<\/a>.<\/p>","_links":{"self":[{"href":"https:\/\/sinprofaz.org.br\/2024\/wp-json\/wp\/v2\/posts\/1394"}],"collection":[{"href":"https:\/\/sinprofaz.org.br\/2024\/wp-json\/wp\/v2\/posts"}],"about":[{"href":"https:\/\/sinprofaz.org.br\/2024\/wp-json\/wp\/v2\/types\/post"}],"author":[{"embeddable":true,"href":"https:\/\/sinprofaz.org.br\/2024\/wp-json\/wp\/v2\/users\/1"}],"replies":[{"embeddable":true,"href":"https:\/\/sinprofaz.org.br\/2024\/wp-json\/wp\/v2\/comments?post=1394"}],"version-history":[{"count":0,"href":"https:\/\/sinprofaz.org.br\/2024\/wp-json\/wp\/v2\/posts\/1394\/revisions"}],"wp:attachment":[{"href":"https:\/\/sinprofaz.org.br\/2024\/wp-json\/wp\/v2\/media?parent=1394"}],"wp:term":[{"taxonomy":"category","embeddable":true,"href":"https:\/\/sinprofaz.org.br\/2024\/wp-json\/wp\/v2\/categories?post=1394"},{"taxonomy":"post_tag","embeddable":true,"href":"https:\/\/sinprofaz.org.br\/2024\/wp-json\/wp\/v2\/tags?post=1394"}],"curies":[{"name":"wp","href":"https:\/\/api.w.org\/{rel}","templated":true}]}}