{"id":13931,"date":"2021-10-04T08:28:56","date_gmt":"2021-10-04T11:28:56","guid":{"rendered":"http:\/\/www.sinprofaz.org.br\/?p=13931"},"modified":"2021-10-04T08:28:56","modified_gmt":"2021-10-04T11:28:56","slug":"sinprofaz-participa-de-mobilizacao-do-tributos-a-elas-em-salvador-ba","status":"publish","type":"post","link":"https:\/\/sinprofaz.org.br\/2024\/noticias\/sinprofaz-participa-de-mobilizacao-do-tributos-a-elas-em-salvador-ba\/","title":{"rendered":"SINPROFAZ PARTICIPA DE MOBILIZA\u00c7\u00c3O DO TRIBUTOS A ELAS EM SALVADOR\/BA"},"content":{"rendered":"<p>O SINPROFAZ, representado pela vice-presidente Iolanda Guindani, esteve na quinta-feira (30) em Salvador\/BA, em a\u00e7\u00e3o de iniciativa do Tributos a Elas (TaE). Na oportunidade, o grupo realizou a distribui\u00e7\u00e3o, para alunas da Escola Municipal Comunit\u00e1ria de Canabrava, de 300 unidades de absorventes reutiliz\u00e1veis. Os absorventes, adquiridos a partir de doa\u00e7\u00f5es \u00e0 campanha <em>Ame seus Ciclos<\/em>, foram entregues pela dirigente sindical e pela filiada Diana Guimar\u00e3es, ambas integrantes do TaE. A empresa Flor de Maio, parceira do projeto, foi a respons\u00e1vel pela produ\u00e7\u00e3o dos absorventes de pano.<\/p>\n<p>De acordo com a procuradora da Fazenda Nacional Diana Guimar\u00e3es, a pobreza menstrual \u00e9 uma quest\u00e3o de sa\u00fade p\u00fablica que consiste na dificuldade de acesso a itens b\u00e1sicos de higiene por meninas e mulheres em situa\u00e7\u00e3o de vulnerabilidade social. &#8220;Essas jovens carentes n\u00e3o disp\u00f5em de recursos para lidar com o per\u00edodo menstrual e, em raz\u00e3o disso, sofrem diversas outras restri\u00e7\u00f5es, como a dificuldade para frequentar a sala de aula. \u00c9 preciso que mais pessoas se sensibilizem com essa situa\u00e7\u00e3o&#8221;, declarou.<\/p>\n<p><strong>Ame seus Ciclos<\/strong><br \/>\nLevando em conta a realidade de pobreza menstrual no pa\u00eds, o Tributos a Elas lan\u00e7ou a campanha <em>Ame seus Ciclos<\/em>, que conta com o apoio do SINPROFAZ. Segundo a vice-presidente Iolanda Guindani, &#8220;o Sindicato tem a felicidade de apoiar iniciativas de grupos como o TaE, que pensam as quest\u00f5es tribut\u00e1rias e prop\u00f5em mudan\u00e7as de atitude visando \u00e0 justi\u00e7a social&#8221;. Al\u00e9m da arrecada\u00e7\u00e3o de doa\u00e7\u00f5es em dinheiro para a compra de absorventes e da distribui\u00e7\u00e3o dos kits a jovens de cidades como Salvador\/BA e Fortaleza\/CE, a campanha inclui a divulga\u00e7\u00e3o de uma cartilha sobre educa\u00e7\u00e3o menstrual.<\/p>\n<p>Para conhecer a Cartilha <em>Ame seus Ciclos<\/em>, acesse: <a href=\"https:\/\/drive.google.com\/file\/d\/19UEs_3Z3ZQ0KXhWRs6pV-WbdE6yaq0GB\/view\">bit.ly\/CartilhaTributosAElas<\/a>.<\/p>\n<p>Contribua com o projeto <em>Ame seus Ciclos<\/em>! Junte-se \u00e0 vakinha virtual e fa\u00e7a sua doa\u00e7\u00e3o: <a href=\"https:\/\/www.vakinha.com.br\/vaquinha\/ame-seus-ciclos\">vaka.me\/2221687<\/a><\/p>\n\n\t\t<style type=\"text\/css\">\n\t\t\t#gallery-1 {\n\t\t\t\tmargin: auto;\n\t\t\t}\n\t\t\t#gallery-1 .gallery-item {\n\t\t\t\tfloat: left;\n\t\t\t\tmargin-top: 10px;\n\t\t\t\ttext-align: center;\n\t\t\t\twidth: 33%;\n\t\t\t}\n\t\t\t#gallery-1 img {\n\t\t\t\tborder: 2px solid #cfcfcf;\n\t\t\t}\n\t\t\t#gallery-1 .gallery-caption {\n\t\t\t\tmargin-left: 0;\n\t\t\t}\n\t\t\t\/* see gallery_shortcode() in wp-includes\/media.php *\/\n\t\t<\/style>\n\t\t<div id='gallery-1' class='gallery galleryid-13931 gallery-columns-3 gallery-size-thumbnail'><dl class='gallery-item'>\n\t\t\t<dt class='gallery-icon landscape'>\n\t\t\t\t<a href='https:\/\/sinprofaz.org.br\/2024\/wp-content\/uploads\/2021\/10\/TAE-1.jpeg'><img loading=\"lazy\" decoding=\"async\" width=\"150\" height=\"150\" src=\"https:\/\/sinprofaz.org.br\/2024\/wp-content\/uploads\/2021\/10\/TAE-1-150x150.jpeg\" class=\"attachment-thumbnail size-thumbnail\" alt=\"\" \/><\/a>\n\t\t\t<\/dt><\/dl><dl class='gallery-item'>\n\t\t\t<dt class='gallery-icon landscape'>\n\t\t\t\t<a href='https:\/\/sinprofaz.org.br\/2024\/wp-content\/uploads\/2021\/10\/TAE-2.jpeg'><img loading=\"lazy\" decoding=\"async\" width=\"150\" height=\"150\" src=\"https:\/\/sinprofaz.org.br\/2024\/wp-content\/uploads\/2021\/10\/TAE-2-150x150.jpeg\" class=\"attachment-thumbnail size-thumbnail\" alt=\"\" \/><\/a>\n\t\t\t<\/dt><\/dl>\n\t\t\t<br style='clear: both' \/>\n\t\t<\/div>\n\n","protected":false},"excerpt":{"rendered":"<p>O Tributos a Elas realizou a distribui\u00e7\u00e3o, para alunas da Escola Municipal Comunit\u00e1ria de Canabrava, de 300 unidades de absorventes de pano reutiliz\u00e1veis. Os kits foram entregues pela vice-presidente do SINPROFAZ, Iolanda Guindani, e pela filiada Diana Guimar\u00e3es.<\/p>\n","protected":false},"author":2,"featured_media":13933,"comment_status":"open","ping_status":"open","sticky":false,"template":"","format":"standard","meta":{"footnotes":""},"categories":[8],"tags":[32,25,170],"featured_image_url":"https:\/\/sinprofaz.org.br\/2024\/wp-content\/uploads\/2021\/10\/TAE-1.png","character_count":1159,"formatted_date":"04\/10\/2021 - 08:28","contentNovo":"O SINPROFAZ, representado pela vice-presidente Iolanda Guindani, esteve na quinta-feira (30) em Salvador\/BA, em a\u00e7\u00e3o de iniciativa do Tributos a Elas (TaE). Na oportunidade, o grupo realizou a distribui\u00e7\u00e3o, para alunas da Escola Municipal Comunit\u00e1ria de Canabrava, de 300 unidades de absorventes reutiliz\u00e1veis. Os absorventes, adquiridos a partir de doa\u00e7\u00f5es \u00e0 campanha <em>Ame seus Ciclos<\/em>, foram entregues pela dirigente sindical e pela filiada Diana Guimar\u00e3es, ambas integrantes do TaE. A empresa Flor de Maio, parceira do projeto, foi a respons\u00e1vel pela produ\u00e7\u00e3o dos absorventes de pano.\r\n\r\nDe acordo com a procuradora da Fazenda Nacional Diana Guimar\u00e3es, a pobreza menstrual \u00e9 uma quest\u00e3o de sa\u00fade p\u00fablica que consiste na dificuldade de acesso a itens b\u00e1sicos de higiene por meninas e mulheres em situa\u00e7\u00e3o de vulnerabilidade social. \"Essas jovens carentes n\u00e3o disp\u00f5em de recursos para lidar com o per\u00edodo menstrual e, em raz\u00e3o disso, sofrem diversas outras restri\u00e7\u00f5es, como a dificuldade para frequentar a sala de aula. \u00c9 preciso que mais pessoas se sensibilizem com essa situa\u00e7\u00e3o\", declarou.\r\n\r\n<strong>Ame seus Ciclos<\/strong>\r\nLevando em conta a realidade de pobreza menstrual no pa\u00eds, o Tributos a Elas lan\u00e7ou a campanha <em>Ame seus Ciclos<\/em>, que conta com o apoio do SINPROFAZ. Segundo a vice-presidente Iolanda Guindani, \"o Sindicato tem a felicidade de apoiar iniciativas de grupos como o TaE, que pensam as quest\u00f5es tribut\u00e1rias e prop\u00f5em mudan\u00e7as de atitude visando \u00e0 justi\u00e7a social\". Al\u00e9m da arrecada\u00e7\u00e3o de doa\u00e7\u00f5es em dinheiro para a compra de absorventes e da distribui\u00e7\u00e3o dos kits a jovens de cidades como Salvador\/BA e Fortaleza\/CE, a campanha inclui a divulga\u00e7\u00e3o de uma cartilha sobre educa\u00e7\u00e3o menstrual.\r\n\r\nPara conhecer a Cartilha <em>Ame seus Ciclos<\/em>, acesse: <a href=\"https:\/\/drive.google.com\/file\/d\/19UEs_3Z3ZQ0KXhWRs6pV-WbdE6yaq0GB\/view\">bit.ly\/CartilhaTributosAElas<\/a>.\r\n\r\nContribua com o projeto <em>Ame seus Ciclos<\/em>! Junte-se \u00e0 vakinha virtual e fa\u00e7a sua doa\u00e7\u00e3o: <a href=\"https:\/\/www.vakinha.com.br\/vaquinha\/ame-seus-ciclos\">vaka.me\/2221687<\/a>\r\n\r\n[gallery link=\"file\" ids=\"13932,13934\"]","_links":{"self":[{"href":"https:\/\/sinprofaz.org.br\/2024\/wp-json\/wp\/v2\/posts\/13931"}],"collection":[{"href":"https:\/\/sinprofaz.org.br\/2024\/wp-json\/wp\/v2\/posts"}],"about":[{"href":"https:\/\/sinprofaz.org.br\/2024\/wp-json\/wp\/v2\/types\/post"}],"author":[{"embeddable":true,"href":"https:\/\/sinprofaz.org.br\/2024\/wp-json\/wp\/v2\/users\/2"}],"replies":[{"embeddable":true,"href":"https:\/\/sinprofaz.org.br\/2024\/wp-json\/wp\/v2\/comments?post=13931"}],"version-history":[{"count":1,"href":"https:\/\/sinprofaz.org.br\/2024\/wp-json\/wp\/v2\/posts\/13931\/revisions"}],"predecessor-version":[{"id":13935,"href":"https:\/\/sinprofaz.org.br\/2024\/wp-json\/wp\/v2\/posts\/13931\/revisions\/13935"}],"wp:featuredmedia":[{"embeddable":true,"href":"https:\/\/sinprofaz.org.br\/2024\/wp-json\/wp\/v2\/media\/13933"}],"wp:attachment":[{"href":"https:\/\/sinprofaz.org.br\/2024\/wp-json\/wp\/v2\/media?parent=13931"}],"wp:term":[{"taxonomy":"category","embeddable":true,"href":"https:\/\/sinprofaz.org.br\/2024\/wp-json\/wp\/v2\/categories?post=13931"},{"taxonomy":"post_tag","embeddable":true,"href":"https:\/\/sinprofaz.org.br\/2024\/wp-json\/wp\/v2\/tags?post=13931"}],"curies":[{"name":"wp","href":"https:\/\/api.w.org\/{rel}","templated":true}]}}