{"id":13916,"date":"2021-10-01T08:25:36","date_gmt":"2021-10-01T11:25:36","guid":{"rendered":"http:\/\/www.sinprofaz.org.br\/?p=13916"},"modified":"2021-10-04T10:42:53","modified_gmt":"2021-10-04T13:42:53","slug":"sinprofaz-realiza-webinar-sobre-qualidade-de-vida-sono-e-sonhos-assista","status":"publish","type":"post","link":"https:\/\/sinprofaz.org.br\/2024\/noticias\/sinprofaz-realiza-webinar-sobre-qualidade-de-vida-sono-e-sonhos-assista\/","title":{"rendered":"SINPROFAZ REALIZA WEBINAR SOBRE &#8220;QUALIDADE DE VIDA, SONO E SONHOS&#8221;. ASSISTA!"},"content":{"rendered":"<p>Temas como a import\u00e2ncia do sono para a preven\u00e7\u00e3o ao <em>burnout<\/em> foram abordados no <em>Webinar Setembro Amarelo &#8211; Qualidade de vida, Sono e Sonhos<\/em>, realizado ontem (30) pelo SINPROFAZ. O evento teve como convidado especial o neurocientista Sidarta Ribeiro, professor e vice-presidente do Instituto do C\u00e9rebro da UFRN. O Webinar ainda contou com as presen\u00e7as de Achilles Frias, presidente do SINPROFAZ; Adriana Rocha, procuradora-geral da Fazenda Nacional substituta; Beatriz Pereira, representante do Grupo Nacional de Sa\u00fade Mental &#8211; PGFN; Aleksey Cardoso, diretor do Departamento de Gest\u00e3o Corporativa &#8211; DGC\/PGFN; e Cristiano Costa, psic\u00f3logo coordenador do Projeto do SINPROFAZ de Sa\u00fade Mental e Qualidade de Vida na PFN.<\/p>\n<p>Coube ao presidente do Sindicato abrir o evento e dar as boas-vindas ao p\u00fablico e aos participantes do Webinar. Segundo Achilles Frias, a palestra motivada pelo Setembro Amarelo foi mais uma a\u00e7\u00e3o do Projeto de Sa\u00fade Mental que, lan\u00e7ado h\u00e1 um ano, ganhou continuidade para atender \u00e0 demanda da Carreira: &#8220;A PGFN tem demonstrado resultados brilhantes de arrecada\u00e7\u00e3o e efici\u00eancia. \u00c9 um \u00f3rg\u00e3o muito respeitado no cen\u00e1rio pol\u00edtico. Nosso atual desafio \u00e9 fazer com que essa Institui\u00e7\u00e3o de excel\u00eancia preserve tamb\u00e9m a sa\u00fade de seus Membros. Percebemos a paix\u00e3o dos mais de dois mil procuradores da Fazenda Nacional, mas essa dedica\u00e7\u00e3o tem um custo muito alto. A quest\u00e3o da sa\u00fade mental tem toda a aten\u00e7\u00e3o do SINPROFAZ&#8221;.<\/p>\n<p><strong>Qualidade de vida, Sono e Sonhos<\/strong><br \/>\nDe acordo com o professor Sidarta Ribeiro, sono e sonhos formam a base de uma sa\u00fade perfeita, alcan\u00e7ada quando se soma a alimenta\u00e7\u00e3o de boa qualidade e o exerc\u00edcio f\u00edsico regular. Ao abordar a quest\u00e3o da sobrecarga de trabalho, o neurocientista apontou para a exist\u00eancia de uma &#8220;glorifica\u00e7\u00e3o do sacrif\u00edcio&#8221; em todas as profiss\u00f5es. &#8220;Estamos longe do equil\u00edbrio, construindo uma sociedade do cansa\u00e7o, da exaust\u00e3o. Estamos sempre devendo, nunca est\u00e1 bom o suficiente. Isso tem muito a ver com o tempo on-line: aquele que consegue desligar o celular e se concentrar no presente faz muito pela sa\u00fade. Mas diminuir a quantidade de trabalho tamb\u00e9m \u00e9 uma quest\u00e3o pol\u00edtica. Afinal, estamos correndo para onde? Ser\u00e1 que precisamos trabalhar tanto?&#8221;, questionou.<\/p>\n<p>Os preocupantes resultados do Diagn\u00f3stico de Sa\u00fade Mental e Qualidade de Vida e de Trabalho na PFN foram destacados por Cristiano Costa em exposi\u00e7\u00e3o durante o Webinar: a pesquisa do Sindicato concluiu que a Carreira caminha para um quadro de <em>burnout<\/em>. &#8220;Constatou-se a estafa e a ins\u00f4nia dos PFNs, al\u00e9m do senso de que n\u00e3o possuem condi\u00e7\u00f5es para gozar a vida, ter lazer e usufruir de uma diversidade de experi\u00eancias. A percep\u00e7\u00e3o geral de impessoalidade e falta de afeto tamb\u00e9m impacta a vida dos Membros da Carreira&#8221;, explicou o psic\u00f3logo. Conforme o Diagn\u00f3stico, a sobrecarga na Institui\u00e7\u00e3o \u00e9 percebida como m\u00e1xima e 66,93% dos PFNs acreditam que a efetiva melhoria das condi\u00e7\u00f5es de trabalho est\u00e1 relacionada ao suporte administrativo.<\/p>\n<p><strong>Representantes da Carreira<\/strong><br \/>\nConvidada para falar ao p\u00fablico, Beatriz Pereira apresentou o Grupo Nacional de Sa\u00fade Mental &#8211; PGFN. De acordo com a filiada, o Grupo \u00e9 formado por mais de uma dezena de Colegas representantes de todas as Regi\u00f5es do pa\u00eds. Ao fazer refer\u00eancia \u00e0 palestra de Sidarta Ribeiro, a procuradora da Fazenda chamou a aten\u00e7\u00e3o para a abordagem dos aspectos t\u00e9cnicos e, especialmente, dos aspectos estruturais &#8211; estes, segundo ela, s\u00e3o os que demandam os maiores esfor\u00e7os. &#8220;Convido todas e todos para um pacto coletivo: precisamos resgatar a &#8216;\u00e9tica do cuidado&#8217; &#8211; como dito pelo professor Sidarta Ribeiro &#8211; e tratar da sa\u00fade mental em rede. Estamos todos no mesmo barco e com grande potencial de adoecimento. \u00c9 justamente na vulnerabilidade que podemos nos mostrar mais fortes.&#8221;<\/p>\n<p>No Webinar, a PGFN foi representada por Adriana Rocha e Aleksey Cardoso. De acordo com a procuradora-geral substituta, os gestores da Institui\u00e7\u00e3o t\u00eam a percep\u00e7\u00e3o do quanto as reflex\u00f5es sobre sa\u00fade mental s\u00e3o importantes &#8211; isso porque o tema n\u00e3o guarda respostas f\u00e1ceis. &#8220;Talvez a melhor resposta esteja na empatia, no olhar generoso para o outro, na compreens\u00e3o de nossas vulnerabilidades e no entendimento de que todos estamos suscet\u00edveis a dificuldades&#8221;, ressaltou. A fala foi reiterada pelo diretor do DGC, segundo o qual &#8220;est\u00e3o todos imbu\u00eddos do desejo de enfrentar os desafios que existem na PGFN. J\u00e1 tivemos v\u00e1rias reuni\u00f5es internas envolvendo os procuradores-adjuntos e os regionais e temos debatido bastante a tem\u00e1tica da sa\u00fade mental&#8221;.<\/p>\n<p><strong>Sorteios de livros<\/strong><br \/>\nFindado o <em>Webinar Setembro Amarelo &#8211; Qualidade de vida, Sono e Sonhos<\/em>, foram realizados os sorteios de cinco exemplares da obra <em><strong>O or\u00e1culo da noite: A hist\u00f3ria e a ci\u00eancia do sonho<\/strong><\/em>, de autoria do palestrante convidado Sidarta Ribeiro. No livro lan\u00e7ado em 2019, o autor responde a perguntas como &#8220;o que s\u00e3o os sonhos?&#8221; e &#8220;qual o papel deles na evolu\u00e7\u00e3o da consci\u00eancia humana?&#8221;. As filiadas e os filiados ao SINPROFAZ contemplados nos sorteios foram Ricardo Almeida Zacharias, \u00c9rica Feitosa Fortaleza, Marcelo Vieira de Sousa C\u00e9sar, Andr\u00e9a Borges Ara\u00fajo e M\u00f4nica Franke da Silva. Os livros ser\u00e3o encaminhados \u00e0s cinco resid\u00eancias. Parab\u00e9ns aos contemplados!<\/p>\n<p>N\u00e3o assistiu ao <em>Webinar Setembro Amarelo &#8211; Qualidade de vida, Sono e Sonhos<\/em>? Acesse o YouTube do SINPROFAZ e confira: <a href=\"https:\/\/www.youtube.com\/watch?v=xI16H-C4eXE\">bit.ly\/SonoeSonhos<\/a><\/p>\n\n\t\t<style type=\"text\/css\">\n\t\t\t#gallery-1 {\n\t\t\t\tmargin: auto;\n\t\t\t}\n\t\t\t#gallery-1 .gallery-item {\n\t\t\t\tfloat: left;\n\t\t\t\tmargin-top: 10px;\n\t\t\t\ttext-align: center;\n\t\t\t\twidth: 33%;\n\t\t\t}\n\t\t\t#gallery-1 img {\n\t\t\t\tborder: 2px solid #cfcfcf;\n\t\t\t}\n\t\t\t#gallery-1 .gallery-caption {\n\t\t\t\tmargin-left: 0;\n\t\t\t}\n\t\t\t\/* see gallery_shortcode() in wp-includes\/media.php *\/\n\t\t<\/style>\n\t\t<div id='gallery-1' class='gallery galleryid-13916 gallery-columns-3 gallery-size-thumbnail'><dl class='gallery-item'>\n\t\t\t<dt class='gallery-icon landscape'>\n\t\t\t\t<a href='https:\/\/sinprofaz.org.br\/2024\/wp-content\/uploads\/2021\/10\/2.jpg'><img loading=\"lazy\" decoding=\"async\" width=\"150\" height=\"150\" src=\"https:\/\/sinprofaz.org.br\/2024\/wp-content\/uploads\/2021\/10\/2-150x150.jpg\" class=\"attachment-thumbnail size-thumbnail\" alt=\"\" \/><\/a>\n\t\t\t<\/dt><\/dl><dl class='gallery-item'>\n\t\t\t<dt class='gallery-icon landscape'>\n\t\t\t\t<a href='https:\/\/sinprofaz.org.br\/2024\/wp-content\/uploads\/2021\/10\/3.jpg'><img loading=\"lazy\" decoding=\"async\" width=\"150\" height=\"150\" src=\"https:\/\/sinprofaz.org.br\/2024\/wp-content\/uploads\/2021\/10\/3-150x150.jpg\" class=\"attachment-thumbnail size-thumbnail\" alt=\"\" \/><\/a>\n\t\t\t<\/dt><\/dl><dl class='gallery-item'>\n\t\t\t<dt class='gallery-icon landscape'>\n\t\t\t\t<a href='https:\/\/sinprofaz.org.br\/2024\/wp-content\/uploads\/2021\/10\/4.jpg'><img loading=\"lazy\" decoding=\"async\" width=\"150\" height=\"150\" src=\"https:\/\/sinprofaz.org.br\/2024\/wp-content\/uploads\/2021\/10\/4-150x150.jpg\" class=\"attachment-thumbnail size-thumbnail\" alt=\"\" \/><\/a>\n\t\t\t<\/dt><\/dl><br style=\"clear: both\" \/><dl class='gallery-item'>\n\t\t\t<dt class='gallery-icon landscape'>\n\t\t\t\t<a href='https:\/\/sinprofaz.org.br\/2024\/wp-content\/uploads\/2021\/10\/5.jpg'><img loading=\"lazy\" decoding=\"async\" width=\"150\" height=\"150\" src=\"https:\/\/sinprofaz.org.br\/2024\/wp-content\/uploads\/2021\/10\/5-150x150.jpg\" class=\"attachment-thumbnail size-thumbnail\" alt=\"\" \/><\/a>\n\t\t\t<\/dt><\/dl><dl class='gallery-item'>\n\t\t\t<dt class='gallery-icon landscape'>\n\t\t\t\t<a href='https:\/\/sinprofaz.org.br\/2024\/wp-content\/uploads\/2021\/10\/6.jpg'><img loading=\"lazy\" decoding=\"async\" width=\"150\" height=\"150\" src=\"https:\/\/sinprofaz.org.br\/2024\/wp-content\/uploads\/2021\/10\/6-150x150.jpg\" class=\"attachment-thumbnail size-thumbnail\" alt=\"\" \/><\/a>\n\t\t\t<\/dt><\/dl><dl class='gallery-item'>\n\t\t\t<dt class='gallery-icon landscape'>\n\t\t\t\t<a href='https:\/\/sinprofaz.org.br\/2024\/wp-content\/uploads\/2021\/10\/7.jpg'><img loading=\"lazy\" decoding=\"async\" width=\"150\" height=\"150\" src=\"https:\/\/sinprofaz.org.br\/2024\/wp-content\/uploads\/2021\/10\/7-150x150.jpg\" class=\"attachment-thumbnail size-thumbnail\" alt=\"\" \/><\/a>\n\t\t\t<\/dt><\/dl><br style=\"clear: both\" \/>\n\t\t<\/div>\n\n","protected":false},"excerpt":{"rendered":"<p>Temas como a import\u00e2ncia do sono para a preven\u00e7\u00e3o ao burnout foram abordados no &#8220;Webinar Setembro Amarelo &#8211; Qualidade de vida, Sono e Sonhos&#8221;, realizado pelo SINPROFAZ. O evento teve como convidado especial o neurocientista Sidarta Ribeiro.<\/p>\n","protected":false},"author":2,"featured_media":13923,"comment_status":"open","ping_status":"open","sticky":false,"template":"","format":"standard","meta":{"footnotes":""},"categories":[8],"tags":[29,166,25],"featured_image_url":"https:\/\/sinprofaz.org.br\/2024\/wp-content\/uploads\/2021\/10\/1.jpg","character_count":3015,"formatted_date":"01\/10\/2021 - 08:25","contentNovo":"Temas como a import\u00e2ncia do sono para a preven\u00e7\u00e3o ao <em>burnout<\/em> foram abordados no <em>Webinar Setembro Amarelo - Qualidade de vida, Sono e Sonhos<\/em>, realizado ontem (30) pelo SINPROFAZ. O evento teve como convidado especial o neurocientista Sidarta Ribeiro, professor e vice-presidente do Instituto do C\u00e9rebro da UFRN. O Webinar ainda contou com as presen\u00e7as de Achilles Frias, presidente do SINPROFAZ; Adriana Rocha, procuradora-geral da Fazenda Nacional substituta; Beatriz Pereira, representante do Grupo Nacional de Sa\u00fade Mental - PGFN; Aleksey Cardoso, diretor do Departamento de Gest\u00e3o Corporativa - DGC\/PGFN; e Cristiano Costa, psic\u00f3logo coordenador do Projeto do SINPROFAZ de Sa\u00fade Mental e Qualidade de Vida na PFN.\r\n\r\nCoube ao presidente do Sindicato abrir o evento e dar as boas-vindas ao p\u00fablico e aos participantes do Webinar. Segundo Achilles Frias, a palestra motivada pelo Setembro Amarelo foi mais uma a\u00e7\u00e3o do Projeto de Sa\u00fade Mental que, lan\u00e7ado h\u00e1 um ano, ganhou continuidade para atender \u00e0 demanda da Carreira: \"A PGFN tem demonstrado resultados brilhantes de arrecada\u00e7\u00e3o e efici\u00eancia. \u00c9 um \u00f3rg\u00e3o muito respeitado no cen\u00e1rio pol\u00edtico. Nosso atual desafio \u00e9 fazer com que essa Institui\u00e7\u00e3o de excel\u00eancia preserve tamb\u00e9m a sa\u00fade de seus Membros. Percebemos a paix\u00e3o dos mais de dois mil procuradores da Fazenda Nacional, mas essa dedica\u00e7\u00e3o tem um custo muito alto. A quest\u00e3o da sa\u00fade mental tem toda a aten\u00e7\u00e3o do SINPROFAZ\".\r\n\r\n<strong>Qualidade de vida, Sono e Sonhos<\/strong>\r\nDe acordo com o professor Sidarta Ribeiro, sono e sonhos formam a base de uma sa\u00fade perfeita, alcan\u00e7ada quando se soma a alimenta\u00e7\u00e3o de boa qualidade e o exerc\u00edcio f\u00edsico regular. Ao abordar a quest\u00e3o da sobrecarga de trabalho, o neurocientista apontou para a exist\u00eancia de uma \"glorifica\u00e7\u00e3o do sacrif\u00edcio\" em todas as profiss\u00f5es. \"Estamos longe do equil\u00edbrio, construindo uma sociedade do cansa\u00e7o, da exaust\u00e3o. Estamos sempre devendo, nunca est\u00e1 bom o suficiente. Isso tem muito a ver com o tempo on-line: aquele que consegue desligar o celular e se concentrar no presente faz muito pela sa\u00fade. Mas diminuir a quantidade de trabalho tamb\u00e9m \u00e9 uma quest\u00e3o pol\u00edtica. Afinal, estamos correndo para onde? Ser\u00e1 que precisamos trabalhar tanto?\", questionou.\r\n\r\nOs preocupantes resultados do Diagn\u00f3stico de Sa\u00fade Mental e Qualidade de Vida e de Trabalho na PFN foram destacados por Cristiano Costa em exposi\u00e7\u00e3o durante o Webinar: a pesquisa do Sindicato concluiu que a Carreira caminha para um quadro de <em>burnout<\/em>. \"Constatou-se a estafa e a ins\u00f4nia dos PFNs, al\u00e9m do senso de que n\u00e3o possuem condi\u00e7\u00f5es para gozar a vida, ter lazer e usufruir de uma diversidade de experi\u00eancias. A percep\u00e7\u00e3o geral de impessoalidade e falta de afeto tamb\u00e9m impacta a vida dos Membros da Carreira\", explicou o psic\u00f3logo. Conforme o Diagn\u00f3stico, a sobrecarga na Institui\u00e7\u00e3o \u00e9 percebida como m\u00e1xima e 66,93% dos PFNs acreditam que a efetiva melhoria das condi\u00e7\u00f5es de trabalho est\u00e1 relacionada ao suporte administrativo.\r\n\r\n<strong>Representantes da Carreira<\/strong>\r\nConvidada para falar ao p\u00fablico, Beatriz Pereira apresentou o Grupo Nacional de Sa\u00fade Mental - PGFN. De acordo com a filiada, o Grupo \u00e9 formado por mais de uma dezena de Colegas representantes de todas as Regi\u00f5es do pa\u00eds. Ao fazer refer\u00eancia \u00e0 palestra de Sidarta Ribeiro, a procuradora da Fazenda chamou a aten\u00e7\u00e3o para a abordagem dos aspectos t\u00e9cnicos e, especialmente, dos aspectos estruturais - estes, segundo ela, s\u00e3o os que demandam os maiores esfor\u00e7os. \"Convido todas e todos para um pacto coletivo: precisamos resgatar a '\u00e9tica do cuidado' - como dito pelo professor Sidarta Ribeiro - e tratar da sa\u00fade mental em rede. Estamos todos no mesmo barco e com grande potencial de adoecimento. \u00c9 justamente na vulnerabilidade que podemos nos mostrar mais fortes.\"\r\n\r\nNo Webinar, a PGFN foi representada por Adriana Rocha e Aleksey Cardoso. De acordo com a procuradora-geral substituta, os gestores da Institui\u00e7\u00e3o t\u00eam a percep\u00e7\u00e3o do quanto as reflex\u00f5es sobre sa\u00fade mental s\u00e3o importantes - isso porque o tema n\u00e3o guarda respostas f\u00e1ceis. \"Talvez a melhor resposta esteja na empatia, no olhar generoso para o outro, na compreens\u00e3o de nossas vulnerabilidades e no entendimento de que todos estamos suscet\u00edveis a dificuldades\", ressaltou. A fala foi reiterada pelo diretor do DGC, segundo o qual \"est\u00e3o todos imbu\u00eddos do desejo de enfrentar os desafios que existem na PGFN. J\u00e1 tivemos v\u00e1rias reuni\u00f5es internas envolvendo os procuradores-adjuntos e os regionais e temos debatido bastante a tem\u00e1tica da sa\u00fade mental\".\r\n\r\n<strong>Sorteios de livros<\/strong>\r\nFindado o <em>Webinar Setembro Amarelo - Qualidade de vida, Sono e Sonhos<\/em>, foram realizados os sorteios de cinco exemplares da obra <em><strong>O or\u00e1culo da noite: A hist\u00f3ria e a ci\u00eancia do sonho<\/strong><\/em>, de autoria do palestrante convidado Sidarta Ribeiro. No livro lan\u00e7ado em 2019, o autor responde a perguntas como \"o que s\u00e3o os sonhos?\" e \"qual o papel deles na evolu\u00e7\u00e3o da consci\u00eancia humana?\". As filiadas e os filiados ao SINPROFAZ contemplados nos sorteios foram Ricardo Almeida Zacharias, \u00c9rica Feitosa Fortaleza, Marcelo Vieira de Sousa C\u00e9sar, Andr\u00e9a Borges Ara\u00fajo e M\u00f4nica Franke da Silva. Os livros ser\u00e3o encaminhados \u00e0s cinco resid\u00eancias. Parab\u00e9ns aos contemplados!\r\n\r\nN\u00e3o assistiu ao <em>Webinar Setembro Amarelo - Qualidade de vida, Sono e Sonhos<\/em>? Acesse o YouTube do SINPROFAZ e confira: <a href=\"https:\/\/www.youtube.com\/watch?v=xI16H-C4eXE\">bit.ly\/SonoeSonhos<\/a>\r\n\r\n[gallery link=\"file\" ids=\"13921,13922,13919,13920,13917,13918\"]","_links":{"self":[{"href":"https:\/\/sinprofaz.org.br\/2024\/wp-json\/wp\/v2\/posts\/13916"}],"collection":[{"href":"https:\/\/sinprofaz.org.br\/2024\/wp-json\/wp\/v2\/posts"}],"about":[{"href":"https:\/\/sinprofaz.org.br\/2024\/wp-json\/wp\/v2\/types\/post"}],"author":[{"embeddable":true,"href":"https:\/\/sinprofaz.org.br\/2024\/wp-json\/wp\/v2\/users\/2"}],"replies":[{"embeddable":true,"href":"https:\/\/sinprofaz.org.br\/2024\/wp-json\/wp\/v2\/comments?post=13916"}],"version-history":[{"count":5,"href":"https:\/\/sinprofaz.org.br\/2024\/wp-json\/wp\/v2\/posts\/13916\/revisions"}],"predecessor-version":[{"id":13936,"href":"https:\/\/sinprofaz.org.br\/2024\/wp-json\/wp\/v2\/posts\/13916\/revisions\/13936"}],"wp:featuredmedia":[{"embeddable":true,"href":"https:\/\/sinprofaz.org.br\/2024\/wp-json\/wp\/v2\/media\/13923"}],"wp:attachment":[{"href":"https:\/\/sinprofaz.org.br\/2024\/wp-json\/wp\/v2\/media?parent=13916"}],"wp:term":[{"taxonomy":"category","embeddable":true,"href":"https:\/\/sinprofaz.org.br\/2024\/wp-json\/wp\/v2\/categories?post=13916"},{"taxonomy":"post_tag","embeddable":true,"href":"https:\/\/sinprofaz.org.br\/2024\/wp-json\/wp\/v2\/tags?post=13916"}],"curies":[{"name":"wp","href":"https:\/\/api.w.org\/{rel}","templated":true}]}}