{"id":13870,"date":"2021-09-21T08:20:15","date_gmt":"2021-09-21T11:20:15","guid":{"rendered":"http:\/\/www.sinprofaz.org.br\/?p=13870"},"modified":"2021-09-22T09:01:35","modified_gmt":"2021-09-22T12:01:35","slug":"diretoria-debate-temas-como-saude-mental-e-dialogo-junto-a-corregedoria","status":"publish","type":"post","link":"https:\/\/sinprofaz.org.br\/2024\/noticias\/diretoria-debate-temas-como-saude-mental-e-dialogo-junto-a-corregedoria\/","title":{"rendered":"DIRETORIA DEBATE TEMAS COMO SA\u00daDE MENTAL E DI\u00c1LOGO JUNTO \u00c0 CORREGEDORIA"},"content":{"rendered":"<p>A Diretoria do SINPROFAZ se reuniu na sexta-feira (17). Realizado de modo virtual, o encontro teve in\u00edcio com uma an\u00e1lise a respeito do cen\u00e1rio institucional da PGFN e de como eventuais acontecimentos externos podem impactar a Carreira. Quest\u00f5es como a tramita\u00e7\u00e3o da reforma administrativa no Congresso Nacional e o trabalho do SINPROFAZ em parceria com o Fonacate foram discutidas durante a reuni\u00e3o. Levando-se em conta a moderniza\u00e7\u00e3o em curso na PGFN, debateu-se a participa\u00e7\u00e3o da Carreira no processo de regionaliza\u00e7\u00e3o das Unidades estaduais.<\/p>\n<p>Visando ao alinhamento entre diretoras e diretores, Achilles Frias fez um relato a respeito das reuni\u00f5es realizadas nos \u00faltimos dias com membros da Administra\u00e7\u00e3o em \u00e2mbito nacional e regional. Nessas ocasi\u00f5es, o presidente levou \u00e0s chefias temas suscitados pelo Diagn\u00f3stico de Sa\u00fade Mental e Qualidade de Vida e de Trabalho na PFN, como a sobrecarga de trabalho e a necessidade de di\u00e1logo junto \u00e0 Corregedoria da AGU. Nas referidas reuni\u00f5es, as chefias demonstraram amplo apoio \u00e0s pautas apresentadas pelo SINPROFAZ e disposi\u00e7\u00e3o para atuar conjuntamente com o Sindicato.<\/p>\n\n\t\t<style type=\"text\/css\">\n\t\t\t#gallery-1 {\n\t\t\t\tmargin: auto;\n\t\t\t}\n\t\t\t#gallery-1 .gallery-item {\n\t\t\t\tfloat: left;\n\t\t\t\tmargin-top: 10px;\n\t\t\t\ttext-align: center;\n\t\t\t\twidth: 33%;\n\t\t\t}\n\t\t\t#gallery-1 img {\n\t\t\t\tborder: 2px solid #cfcfcf;\n\t\t\t}\n\t\t\t#gallery-1 .gallery-caption {\n\t\t\t\tmargin-left: 0;\n\t\t\t}\n\t\t\t\/* see gallery_shortcode() in wp-includes\/media.php *\/\n\t\t<\/style>\n\t\t<div id='gallery-1' class='gallery galleryid-13870 gallery-columns-3 gallery-size-thumbnail'><dl class='gallery-item'>\n\t\t\t<dt class='gallery-icon landscape'>\n\t\t\t\t<a href='https:\/\/sinprofaz.org.br\/2024\/wp-content\/uploads\/2021\/09\/diret2.png'><img loading=\"lazy\" decoding=\"async\" width=\"150\" height=\"150\" src=\"https:\/\/sinprofaz.org.br\/2024\/wp-content\/uploads\/2021\/09\/diret2-150x150.png\" class=\"attachment-thumbnail size-thumbnail\" alt=\"\" \/><\/a>\n\t\t\t<\/dt><\/dl><dl class='gallery-item'>\n\t\t\t<dt class='gallery-icon landscape'>\n\t\t\t\t<a href='https:\/\/sinprofaz.org.br\/2024\/wp-content\/uploads\/2021\/09\/diret3.png'><img loading=\"lazy\" decoding=\"async\" width=\"150\" height=\"150\" src=\"https:\/\/sinprofaz.org.br\/2024\/wp-content\/uploads\/2021\/09\/diret3-150x150.png\" class=\"attachment-thumbnail size-thumbnail\" alt=\"\" \/><\/a>\n\t\t\t<\/dt><\/dl>\n\t\t\t<br style='clear: both' \/>\n\t\t<\/div>\n\n","protected":false},"excerpt":{"rendered":"<p>A Diretoria do SINPROFAZ se reuniu na sexta-feira (17). Realizado de modo virtual, o encontro teve in\u00edcio com uma an\u00e1lise do cen\u00e1rio institucional da PGFN e de como eventuais acontecimentos externos podem impactar a Carreira.<\/p>\n","protected":false},"author":2,"featured_media":13873,"comment_status":"open","ping_status":"open","sticky":false,"template":"","format":"standard","meta":{"footnotes":""},"categories":[8],"tags":[27,44,151],"featured_image_url":"https:\/\/sinprofaz.org.br\/2024\/wp-content\/uploads\/2021\/09\/diret1.png","character_count":757,"formatted_date":"21\/09\/2021 - 08:20","contentNovo":"A Diretoria do SINPROFAZ se reuniu na sexta-feira (17). Realizado de modo virtual, o encontro teve in\u00edcio com uma an\u00e1lise a respeito do cen\u00e1rio institucional da PGFN e de como eventuais acontecimentos externos podem impactar a Carreira. Quest\u00f5es como a tramita\u00e7\u00e3o da reforma administrativa no Congresso Nacional e o trabalho do SINPROFAZ em parceria com o Fonacate foram discutidas durante a reuni\u00e3o. Levando-se em conta a moderniza\u00e7\u00e3o em curso na PGFN, debateu-se a participa\u00e7\u00e3o da Carreira no processo de regionaliza\u00e7\u00e3o das Unidades estaduais.\r\n\r\nVisando ao alinhamento entre diretoras e diretores, Achilles Frias fez um relato a respeito das reuni\u00f5es realizadas nos \u00faltimos dias com membros da Administra\u00e7\u00e3o em \u00e2mbito nacional e regional. Nessas ocasi\u00f5es, o presidente levou \u00e0s chefias temas suscitados pelo Diagn\u00f3stico de Sa\u00fade Mental e Qualidade de Vida e de Trabalho na PFN, como a sobrecarga de trabalho e a necessidade de di\u00e1logo junto \u00e0 Corregedoria da AGU. Nas referidas reuni\u00f5es, as chefias demonstraram amplo apoio \u00e0s pautas apresentadas pelo SINPROFAZ e disposi\u00e7\u00e3o para atuar conjuntamente com o Sindicato.\r\n\r\n[gallery link=\"file\" ids=\"13871,13872\"]","_links":{"self":[{"href":"https:\/\/sinprofaz.org.br\/2024\/wp-json\/wp\/v2\/posts\/13870"}],"collection":[{"href":"https:\/\/sinprofaz.org.br\/2024\/wp-json\/wp\/v2\/posts"}],"about":[{"href":"https:\/\/sinprofaz.org.br\/2024\/wp-json\/wp\/v2\/types\/post"}],"author":[{"embeddable":true,"href":"https:\/\/sinprofaz.org.br\/2024\/wp-json\/wp\/v2\/users\/2"}],"replies":[{"embeddable":true,"href":"https:\/\/sinprofaz.org.br\/2024\/wp-json\/wp\/v2\/comments?post=13870"}],"version-history":[{"count":2,"href":"https:\/\/sinprofaz.org.br\/2024\/wp-json\/wp\/v2\/posts\/13870\/revisions"}],"predecessor-version":[{"id":13878,"href":"https:\/\/sinprofaz.org.br\/2024\/wp-json\/wp\/v2\/posts\/13870\/revisions\/13878"}],"wp:featuredmedia":[{"embeddable":true,"href":"https:\/\/sinprofaz.org.br\/2024\/wp-json\/wp\/v2\/media\/13873"}],"wp:attachment":[{"href":"https:\/\/sinprofaz.org.br\/2024\/wp-json\/wp\/v2\/media?parent=13870"}],"wp:term":[{"taxonomy":"category","embeddable":true,"href":"https:\/\/sinprofaz.org.br\/2024\/wp-json\/wp\/v2\/categories?post=13870"},{"taxonomy":"post_tag","embeddable":true,"href":"https:\/\/sinprofaz.org.br\/2024\/wp-json\/wp\/v2\/tags?post=13870"}],"curies":[{"name":"wp","href":"https:\/\/api.w.org\/{rel}","templated":true}]}}