{"id":13860,"date":"2021-09-17T08:15:33","date_gmt":"2021-09-17T11:15:33","guid":{"rendered":"http:\/\/www.sinprofaz.org.br\/?p=13860"},"modified":"2021-09-16T18:04:16","modified_gmt":"2021-09-16T21:04:16","slug":"entidades-participam-de-reuniao-da-comissao-de-advocacia-publica-do-cfoab","status":"publish","type":"post","link":"https:\/\/sinprofaz.org.br\/2024\/noticias\/entidades-participam-de-reuniao-da-comissao-de-advocacia-publica-do-cfoab\/","title":{"rendered":"ENTIDADES PARTICIPAM DE REUNI\u00c3O DA COMISS\u00c3O DE ADVOCACIA P\u00daBLICA DO CFOAB"},"content":{"rendered":"<p>O SINPROFAZ, representado pelo diretor Roberto Rodrigues, participou na segunda-feira (13) de encontro virtual da Comiss\u00e3o Nacional de Advocacia P\u00fablica do Conselho Federal da OAB. O diretor do Sindicato \u00e9 membro titular da Comiss\u00e3o, cuja reuni\u00e3o contou com as presen\u00e7as de dirigentes das associa\u00e7\u00f5es representativas da Advocacia P\u00fablica nas esferas Federal, Estadual e Municipal.<\/p>\n<p>Na oportunidade, os presentes avaliaram os avan\u00e7os que, em decorr\u00eancia da firme atua\u00e7\u00e3o conjunta da OAB e das entidades, foram alcan\u00e7ados no \u00e2mbito da proposta de reforma administrativa. Visando \u00e0 supera\u00e7\u00e3o dos desafios ainda constantes do texto substitutivo apresentado pelo relator, membros da Comiss\u00e3o e demais convidados discutiram estrat\u00e9gias de a\u00e7\u00e3o a serem colocadas em pr\u00e1tica no decorrer da tramita\u00e7\u00e3o da mat\u00e9ria. Conclu\u00eddo o debate sobre o tema, deu-se in\u00edcio \u00e0 an\u00e1lise da pauta ordin\u00e1ria de processos da Comiss\u00e3o.<\/p>\n","protected":false},"excerpt":{"rendered":"<p>O SINPROFAZ, representado pelo diretor Roberto Rodrigues, participou na segunda-feira (13) de encontro virtual da Comiss\u00e3o Nacional de Advocacia P\u00fablica do Conselho Federal da OAB. O diretor do Sindicato \u00e9 membro titular da Comiss\u00e3o.<\/p>\n","protected":false},"author":2,"featured_media":13861,"comment_status":"open","ping_status":"open","sticky":false,"template":"","format":"standard","meta":{"footnotes":""},"categories":[8],"tags":[22,151,25],"featured_image_url":"https:\/\/sinprofaz.org.br\/2024\/wp-content\/uploads\/2021\/09\/NOTA-SINPROFAZ-4.jpg","character_count":469,"formatted_date":"17\/09\/2021 - 08:15","contentNovo":"O SINPROFAZ, representado pelo diretor Roberto Rodrigues, participou na segunda-feira (13) de encontro virtual da Comiss\u00e3o Nacional de Advocacia P\u00fablica do Conselho Federal da OAB. O diretor do Sindicato \u00e9 membro titular da Comiss\u00e3o, cuja reuni\u00e3o contou com as presen\u00e7as de dirigentes das associa\u00e7\u00f5es representativas da Advocacia P\u00fablica nas esferas Federal, Estadual e Municipal.\r\n\r\nNa oportunidade, os presentes avaliaram os avan\u00e7os que, em decorr\u00eancia da firme atua\u00e7\u00e3o conjunta da OAB e das entidades, foram alcan\u00e7ados no \u00e2mbito da proposta de reforma administrativa. Visando \u00e0 supera\u00e7\u00e3o dos desafios ainda constantes do texto substitutivo apresentado pelo relator, membros da Comiss\u00e3o e demais convidados discutiram estrat\u00e9gias de a\u00e7\u00e3o a serem colocadas em pr\u00e1tica no decorrer da tramita\u00e7\u00e3o da mat\u00e9ria. Conclu\u00eddo o debate sobre o tema, deu-se in\u00edcio \u00e0 an\u00e1lise da pauta ordin\u00e1ria de processos da Comiss\u00e3o.","_links":{"self":[{"href":"https:\/\/sinprofaz.org.br\/2024\/wp-json\/wp\/v2\/posts\/13860"}],"collection":[{"href":"https:\/\/sinprofaz.org.br\/2024\/wp-json\/wp\/v2\/posts"}],"about":[{"href":"https:\/\/sinprofaz.org.br\/2024\/wp-json\/wp\/v2\/types\/post"}],"author":[{"embeddable":true,"href":"https:\/\/sinprofaz.org.br\/2024\/wp-json\/wp\/v2\/users\/2"}],"replies":[{"embeddable":true,"href":"https:\/\/sinprofaz.org.br\/2024\/wp-json\/wp\/v2\/comments?post=13860"}],"version-history":[{"count":1,"href":"https:\/\/sinprofaz.org.br\/2024\/wp-json\/wp\/v2\/posts\/13860\/revisions"}],"predecessor-version":[{"id":13862,"href":"https:\/\/sinprofaz.org.br\/2024\/wp-json\/wp\/v2\/posts\/13860\/revisions\/13862"}],"wp:featuredmedia":[{"embeddable":true,"href":"https:\/\/sinprofaz.org.br\/2024\/wp-json\/wp\/v2\/media\/13861"}],"wp:attachment":[{"href":"https:\/\/sinprofaz.org.br\/2024\/wp-json\/wp\/v2\/media?parent=13860"}],"wp:term":[{"taxonomy":"category","embeddable":true,"href":"https:\/\/sinprofaz.org.br\/2024\/wp-json\/wp\/v2\/categories?post=13860"},{"taxonomy":"post_tag","embeddable":true,"href":"https:\/\/sinprofaz.org.br\/2024\/wp-json\/wp\/v2\/tags?post=13860"}],"curies":[{"name":"wp","href":"https:\/\/api.w.org\/{rel}","templated":true}]}}