{"id":13854,"date":"2021-09-16T14:35:48","date_gmt":"2021-09-16T17:35:48","guid":{"rendered":"http:\/\/www.sinprofaz.org.br\/?p=13854"},"modified":"2021-09-16T14:53:30","modified_gmt":"2021-09-16T17:53:30","slug":"delegada-sindical-fala-sobre-projeto-de-educacao-fiscal-apoiado-pelo-sinprofaz","status":"publish","type":"post","link":"https:\/\/sinprofaz.org.br\/2024\/noticias\/delegada-sindical-fala-sobre-projeto-de-educacao-fiscal-apoiado-pelo-sinprofaz\/","title":{"rendered":"DELEGADA SINDICAL FALA SOBRE PROJETO DE EDUCA\u00c7\u00c3O FISCAL APOIADO PELO SINPROFAZ"},"content":{"rendered":"<p>O SINPROFAZ, representado pela delegada sindical em Alagoas, Carla Cristina Rocha Guerra, participou do evento de lan\u00e7amento do gibi\u00a0<em>Turma Lajense<\/em>.\u00a0A publica\u00e7\u00e3o integra\u00a0o projeto\u00a0<em>Da Cidadania Cultural \u00e0 Cidadania Fiscal<\/em>, criado pela Prefeitura de S\u00e3o Jos\u00e9 da Laje\/AL. O programa visa \u00e0 conscientiza\u00e7\u00e3o sobre a fun\u00e7\u00e3o socioecon\u00f4mica dos tributos e tem como p\u00fablico a comunidade escolar do Munic\u00edpio. No \u00e2mbito da\u00a0<em>Campanha Nacional da Justi\u00e7a Fiscal &#8211; Quanto Custa o Brasil pra Voc\u00ea?<\/em>, o SINPROFAZ concedeu apoio institucional \u00e0 publica\u00e7\u00e3o.<\/p>\n<p>Conhe\u00e7a a vers\u00e3o digital do gibi:\u00a0<a href=\"http:\/\/sinprofaz.org.br\/pdfs\/turma-lajense-digital.pdf\" target=\"_blank\" rel=\"noopener\">sinprofaz.org.br\/pdfs\/turma-lajense-digital.pdf<\/a><\/p>\n<p>Em v\u00eddeo gravado para a ocasi\u00e3o do lan\u00e7amento, Carla Guerra ressaltou a import\u00e2ncia da publica\u00e7\u00e3o e do projeto como um todo. Segundo a procuradora da Fazenda Nacional, ao levar \u00e0s escolas o conhecimento sobre o que \u00e9 o tributo e sobre como funcionam a reparti\u00e7\u00e3o de receitas tribut\u00e1rias e a gest\u00e3o fiscal, o projeto possibilita maior engajamento e participa\u00e7\u00e3o social de crian\u00e7as e jovens na gera\u00e7\u00e3o, na distribui\u00e7\u00e3o e, sobretudo, na fiscaliza\u00e7\u00e3o dos recursos p\u00fablicos.<\/p>\n<p>&#8220;Com uma linguagem simples, objetiva e l\u00fadica, inclusive usando elementos da cultura local e regional, o gibi \u00e9 uma importante ferramenta do processo de ensino e aprendizagem para a forma\u00e7\u00e3o de cidad\u00e3os mais conscientes e aptos a exercer a cidadania plena. Essas crian\u00e7as e esses jovens podem ser agentes multiplicadores das boas pr\u00e1ticas fiscais. S\u00f3 assim teremos uma melhor destina\u00e7\u00e3o dos recursos p\u00fablicos, distribui\u00e7\u00e3o de renda e presta\u00e7\u00e3o de servi\u00e7os, al\u00e9m do bem-estar social que, ao fim e ao cabo, \u00e9 o grande objetivo do Sistema Tribut\u00e1rio Nacional institu\u00eddo pela Constitui\u00e7\u00e3o Federal de 1988.&#8221;<\/p>\n<p>Assista \u00e0 \u00edntegra do v\u00eddeo gravado pela delegada sindical Carla Guerra: <a href=\"https:\/\/www.youtube.com\/watch?v=b10IZzInypc\">youtu.be\/b10IZzInypc<\/a><\/p>\n<p><iframe loading=\"lazy\" title=\"YouTube video player\" src=\"https:\/\/www.youtube.com\/embed\/b10IZzInypc\" width=\"560\" height=\"315\" frameborder=\"0\" allowfullscreen=\"allowfullscreen\"><\/iframe><\/p>\n","protected":false},"excerpt":{"rendered":"<p>Segundo Carla Guerra, ao levar \u00e0s escolas o conhecimento sobre o que \u00e9 o tributo, o projeto possibilita maior engajamento e participa\u00e7\u00e3o social de crian\u00e7as e jovens na gera\u00e7\u00e3o, na distribui\u00e7\u00e3o e, sobretudo, na fiscaliza\u00e7\u00e3o dos recursos p\u00fablicos.\u00a0<\/p>\n","protected":false},"author":2,"featured_media":13802,"comment_status":"open","ping_status":"open","sticky":false,"template":"","format":"standard","meta":{"footnotes":""},"categories":[8],"tags":[163,25],"featured_image_url":"https:\/\/sinprofaz.org.br\/2024\/wp-content\/uploads\/2021\/09\/turma-lanjense.jpg","character_count":940,"formatted_date":"16\/09\/2021 - 14:35","contentNovo":"O SINPROFAZ, representado pela delegada sindical em Alagoas, Carla Cristina Rocha Guerra, participou do evento de lan\u00e7amento do gibi\u00a0<em>Turma Lajense<\/em>.\u00a0A publica\u00e7\u00e3o integra\u00a0o projeto\u00a0<em>Da Cidadania Cultural \u00e0 Cidadania Fiscal<\/em>, criado pela Prefeitura de S\u00e3o Jos\u00e9 da Laje\/AL. O programa visa \u00e0 conscientiza\u00e7\u00e3o sobre a fun\u00e7\u00e3o socioecon\u00f4mica dos tributos e tem como p\u00fablico a comunidade escolar do Munic\u00edpio. No \u00e2mbito da\u00a0<em>Campanha Nacional da Justi\u00e7a Fiscal - Quanto Custa o Brasil pra Voc\u00ea?<\/em>, o SINPROFAZ concedeu apoio institucional \u00e0 publica\u00e7\u00e3o.\r\n\r\nConhe\u00e7a a vers\u00e3o digital do gibi:\u00a0<a href=\"http:\/\/sinprofaz.org.br\/pdfs\/turma-lajense-digital.pdf\" target=\"_blank\" rel=\"noopener\">sinprofaz.org.br\/pdfs\/turma-lajense-digital.pdf<\/a>\r\n\r\nEm v\u00eddeo gravado para a ocasi\u00e3o do lan\u00e7amento, Carla Guerra ressaltou a import\u00e2ncia da publica\u00e7\u00e3o e do projeto como um todo. Segundo a procuradora da Fazenda Nacional, ao levar \u00e0s escolas o conhecimento sobre o que \u00e9 o tributo e sobre como funcionam a reparti\u00e7\u00e3o de receitas tribut\u00e1rias e a gest\u00e3o fiscal, o projeto possibilita maior engajamento e participa\u00e7\u00e3o social de crian\u00e7as e jovens na gera\u00e7\u00e3o, na distribui\u00e7\u00e3o e, sobretudo, na fiscaliza\u00e7\u00e3o dos recursos p\u00fablicos.\r\n\r\n\"Com uma linguagem simples, objetiva e l\u00fadica, inclusive usando elementos da cultura local e regional, o gibi \u00e9 uma importante ferramenta do processo de ensino e aprendizagem para a forma\u00e7\u00e3o de cidad\u00e3os mais conscientes e aptos a exercer a cidadania plena. Essas crian\u00e7as e esses jovens podem ser agentes multiplicadores das boas pr\u00e1ticas fiscais. S\u00f3 assim teremos uma melhor destina\u00e7\u00e3o dos recursos p\u00fablicos, distribui\u00e7\u00e3o de renda e presta\u00e7\u00e3o de servi\u00e7os, al\u00e9m do bem-estar social que, ao fim e ao cabo, \u00e9 o grande objetivo do Sistema Tribut\u00e1rio Nacional institu\u00eddo pela Constitui\u00e7\u00e3o Federal de 1988.\"\r\n\r\nAssista \u00e0 \u00edntegra do v\u00eddeo gravado pela delegada sindical Carla Guerra: <a href=\"https:\/\/www.youtube.com\/watch?v=b10IZzInypc\">youtu.be\/b10IZzInypc<\/a>\r\n\r\n","_links":{"self":[{"href":"https:\/\/sinprofaz.org.br\/2024\/wp-json\/wp\/v2\/posts\/13854"}],"collection":[{"href":"https:\/\/sinprofaz.org.br\/2024\/wp-json\/wp\/v2\/posts"}],"about":[{"href":"https:\/\/sinprofaz.org.br\/2024\/wp-json\/wp\/v2\/types\/post"}],"author":[{"embeddable":true,"href":"https:\/\/sinprofaz.org.br\/2024\/wp-json\/wp\/v2\/users\/2"}],"replies":[{"embeddable":true,"href":"https:\/\/sinprofaz.org.br\/2024\/wp-json\/wp\/v2\/comments?post=13854"}],"version-history":[{"count":4,"href":"https:\/\/sinprofaz.org.br\/2024\/wp-json\/wp\/v2\/posts\/13854\/revisions"}],"predecessor-version":[{"id":13859,"href":"https:\/\/sinprofaz.org.br\/2024\/wp-json\/wp\/v2\/posts\/13854\/revisions\/13859"}],"wp:featuredmedia":[{"embeddable":true,"href":"https:\/\/sinprofaz.org.br\/2024\/wp-json\/wp\/v2\/media\/13802"}],"wp:attachment":[{"href":"https:\/\/sinprofaz.org.br\/2024\/wp-json\/wp\/v2\/media?parent=13854"}],"wp:term":[{"taxonomy":"category","embeddable":true,"href":"https:\/\/sinprofaz.org.br\/2024\/wp-json\/wp\/v2\/categories?post=13854"},{"taxonomy":"post_tag","embeddable":true,"href":"https:\/\/sinprofaz.org.br\/2024\/wp-json\/wp\/v2\/tags?post=13854"}],"curies":[{"name":"wp","href":"https:\/\/api.w.org\/{rel}","templated":true}]}}