{"id":13847,"date":"2021-09-16T08:30:21","date_gmt":"2021-09-16T11:30:21","guid":{"rendered":"http:\/\/www.sinprofaz.org.br\/?p=13847"},"modified":"2021-09-15T17:39:08","modified_gmt":"2021-09-15T20:39:08","slug":"sinprofaz-participa-de-reuniao-do-forvm-nacional-da-advocacia-publica-federal","status":"publish","type":"post","link":"https:\/\/sinprofaz.org.br\/2024\/noticias\/sinprofaz-participa-de-reuniao-do-forvm-nacional-da-advocacia-publica-federal\/","title":{"rendered":"SINPROFAZ PARTICIPA DE REUNI\u00c3O DO FORVM NACIONAL DA ADVOCACIA P\u00daBLICA FEDERAL"},"content":{"rendered":"<p>O presidente Achilles Frias e o diretor Roberto Rodrigues participaram de reuni\u00e3o do F\u00f3rum Nacional da Advocacia P\u00fablica Federal, do qual s\u00e3o diretores. Realizado de modo virtual, o encontro contou com as presen\u00e7as de Cl\u00f3vis Andrade e Caio Alexandre Wolff, respectivamente presidente e diretor da ANAUNI.<\/p>\n<p>A reuni\u00e3o foi a primeira realizada pela nova Diretoria do FORVM. Ao longo dos debates, os presentes avaliaram o cen\u00e1rio institucional da Advocacia-Geral da Uni\u00e3o. A partir da an\u00e1lise, definiram as pautas a serem trabalhadas durante o mandato e tra\u00e7aram estrat\u00e9gias com vistas \u00e0 defesa de prerrogativas das carreiras representadas.<\/p>\n","protected":false},"excerpt":{"rendered":"<p>A reuni\u00e3o foi a primeira realizada pela nova Diretoria do FORVM. Ao longo dos debates, os presentes avaliaram o cen\u00e1rio institucional da Advocacia-Geral da Uni\u00e3o e, a partir da an\u00e1lise, definiram as pautas a serem trabalhadas durante o mandato.<\/p>\n","protected":false},"author":2,"featured_media":13834,"comment_status":"open","ping_status":"open","sticky":false,"template":"","format":"standard","meta":{"footnotes":""},"categories":[8],"tags":[32,137,25],"featured_image_url":"https:\/\/sinprofaz.org.br\/2024\/wp-content\/uploads\/2021\/09\/NOTA-SINPROFAZ-2.jpg","character_count":325,"formatted_date":"16\/09\/2021 - 08:30","contentNovo":"O presidente Achilles Frias e o diretor Roberto Rodrigues participaram de reuni\u00e3o do F\u00f3rum Nacional da Advocacia P\u00fablica Federal, do qual s\u00e3o diretores. Realizado de modo virtual, o encontro contou com as presen\u00e7as de Cl\u00f3vis Andrade e Caio Alexandre Wolff, respectivamente presidente e diretor da ANAUNI.\r\n\r\nA reuni\u00e3o foi a primeira realizada pela nova Diretoria do FORVM. Ao longo dos debates, os presentes avaliaram o cen\u00e1rio institucional da Advocacia-Geral da Uni\u00e3o. A partir da an\u00e1lise, definiram as pautas a serem trabalhadas durante o mandato e tra\u00e7aram estrat\u00e9gias com vistas \u00e0 defesa de prerrogativas das carreiras representadas.","_links":{"self":[{"href":"https:\/\/sinprofaz.org.br\/2024\/wp-json\/wp\/v2\/posts\/13847"}],"collection":[{"href":"https:\/\/sinprofaz.org.br\/2024\/wp-json\/wp\/v2\/posts"}],"about":[{"href":"https:\/\/sinprofaz.org.br\/2024\/wp-json\/wp\/v2\/types\/post"}],"author":[{"embeddable":true,"href":"https:\/\/sinprofaz.org.br\/2024\/wp-json\/wp\/v2\/users\/2"}],"replies":[{"embeddable":true,"href":"https:\/\/sinprofaz.org.br\/2024\/wp-json\/wp\/v2\/comments?post=13847"}],"version-history":[{"count":1,"href":"https:\/\/sinprofaz.org.br\/2024\/wp-json\/wp\/v2\/posts\/13847\/revisions"}],"predecessor-version":[{"id":13848,"href":"https:\/\/sinprofaz.org.br\/2024\/wp-json\/wp\/v2\/posts\/13847\/revisions\/13848"}],"wp:featuredmedia":[{"embeddable":true,"href":"https:\/\/sinprofaz.org.br\/2024\/wp-json\/wp\/v2\/media\/13834"}],"wp:attachment":[{"href":"https:\/\/sinprofaz.org.br\/2024\/wp-json\/wp\/v2\/media?parent=13847"}],"wp:term":[{"taxonomy":"category","embeddable":true,"href":"https:\/\/sinprofaz.org.br\/2024\/wp-json\/wp\/v2\/categories?post=13847"},{"taxonomy":"post_tag","embeddable":true,"href":"https:\/\/sinprofaz.org.br\/2024\/wp-json\/wp\/v2\/tags?post=13847"}],"curies":[{"name":"wp","href":"https:\/\/api.w.org\/{rel}","templated":true}]}}