{"id":13801,"date":"2021-09-09T08:20:07","date_gmt":"2021-09-09T11:20:07","guid":{"rendered":"http:\/\/www.sinprofaz.org.br\/?p=13801"},"modified":"2021-09-10T16:10:07","modified_gmt":"2021-09-10T19:10:07","slug":"sinprofaz-apoia-projeto-de-educacao-fiscal-idealizado-por-municipio-de-alagoas","status":"publish","type":"post","link":"https:\/\/sinprofaz.org.br\/2024\/noticias\/sinprofaz-apoia-projeto-de-educacao-fiscal-idealizado-por-municipio-de-alagoas\/","title":{"rendered":"SINPROFAZ APOIA PROJETO DE EDUCA\u00c7\u00c3O FISCAL IDEALIZADO POR MUNIC\u00cdPIO DE ALAGOAS"},"content":{"rendered":"<p>Em nova a\u00e7\u00e3o da <em>Campanha Nacional da Justi\u00e7a Fiscal &#8211; Quanto Custa o Brasil pra Voc\u00ea?<\/em>, o SINPROFAZ concedeu apoio institucional ao projeto <em>Da Cidadania Cultural \u00e0 Cidadania Fiscal<\/em>, lan\u00e7ado pela Prefeitura de S\u00e3o Jos\u00e9 da Laje\/AL. O programa, promovido em parceria com a Secretaria de Estado da Fazenda de Alagoas, inclui uma s\u00e9rie de iniciativas relacionadas \u00e0 educa\u00e7\u00e3o fiscal, que visam levar de forma pedag\u00f3gica, \u00e0s salas de aula e \u00e0 sociedade como um todo, a discuss\u00e3o acerca da import\u00e2ncia do pagamento de tributos.<\/p>\n<p>Uma das a\u00e7\u00f5es do projeto alia de modo especial a cultura local, a promo\u00e7\u00e3o da cidadania e a educa\u00e7\u00e3o fiscal. Trata-se do gibi da <em>Turma Lajense<\/em>. Por meio de seis personagens ilustrados, a publica\u00e7\u00e3o aborda a relev\u00e2ncia dos impostos para a manuten\u00e7\u00e3o da cultura, da hist\u00f3ria e do patrim\u00f4nio municipais. O gibi tem registro internacional ISBN e ser\u00e1 distribu\u00eddo nas escolas p\u00fablicas de ensino fundamental de S\u00e3o Jos\u00e9 da Laje. A vers\u00e3o digital do gibi est\u00e1 dispon\u00edvel! Conhe\u00e7a: <a href=\"https:\/\/www.sinprofaz.org.br\/pdfs\/turma-lajense-digital.pdf\">sinprofaz.org.br\/pdfs\/turma-lajense-digital.pdf<\/a><\/p>\n<p>Delegada sindical em Alagoas, Carla Guerra aprovou o apoio concedido pelo SINPROFAZ ao projeto. De acordo com a PFN, a iniciativa do Munic\u00edpio &#8220;objetiva a dissemina\u00e7\u00e3o de pr\u00e1ticas voltadas para a responsabilidade fiscal. Assim como as demais pol\u00edticas relacionadas a essa tem\u00e1tica, o projeto visa \u00e0 forma\u00e7\u00e3o de cidad\u00e3os mais comprometidos com a causa, sobretudo para que haja um real conhecimento a respeito do valor social do tributo&#8221;. O SINPROFAZ agradece \u00e0 delegada sindical pela contribui\u00e7\u00e3o, assim como \u00e0 filiada Keila Melo, pela indica\u00e7\u00e3o do projeto, e \u00e0 procuradora-geral do Munic\u00edpio de S\u00e3o Jos\u00e9 da Laje, Roseli Matias, pelas orienta\u00e7\u00f5es e pelos esclarecimentos.<\/p>\n<p><strong>Da Cidadania Cultural \u00e0 Cidadania Fiscal<\/strong><br \/>\nEntre as demais a\u00e7\u00f5es do projeto, est\u00e3o a realiza\u00e7\u00e3o de videoconfer\u00eancias e palestras sobre educa\u00e7\u00e3o fiscal para alunos da rede p\u00fablica municipal, a promo\u00e7\u00e3o de <em>lives<\/em> nas m\u00eddias sociais do Munic\u00edpio sobre a import\u00e2ncia dos tributos para a materializa\u00e7\u00e3o das pol\u00edticas p\u00fablicas e a garantia de direitos, e a disponibiliza\u00e7\u00e3o de um aplicativo da <em>Turma Lajense<\/em> com jogos e informa\u00e7\u00f5es sobre a fun\u00e7\u00e3o socioecon\u00f4mica dos tributos. Todas as atividades prop\u00f5em a conscientiza\u00e7\u00e3o e a mudan\u00e7a de comportamento, de modo que a comunidade escolar adquira maior familiaridade com a quest\u00e3o fiscal.<\/p>\n","protected":false},"excerpt":{"rendered":"<p>Uma das a\u00e7\u00f5es do projeto de S\u00e3o Jos\u00e9 da Laje\/AL alia cultura, cidadania e educa\u00e7\u00e3o fiscal. Trata-se do gibi da &#8220;Turma Lajense&#8221;, que aborda a relev\u00e2ncia dos impostos para a manuten\u00e7\u00e3o da hist\u00f3ria e do patrim\u00f4nio municipais. A vers\u00e3o digital do gibi est\u00e1 dispon\u00edvel para o p\u00fablico!<\/p>\n","protected":false},"author":2,"featured_media":13802,"comment_status":"open","ping_status":"open","sticky":false,"template":"","format":"standard","meta":{"footnotes":""},"categories":[8],"tags":[163,146,25],"featured_image_url":"https:\/\/sinprofaz.org.br\/2024\/wp-content\/uploads\/2021\/09\/turma-lanjense.jpg","character_count":1224,"formatted_date":"09\/09\/2021 - 08:20","contentNovo":"Em nova a\u00e7\u00e3o da <em>Campanha Nacional da Justi\u00e7a Fiscal - Quanto Custa o Brasil pra Voc\u00ea?<\/em>, o SINPROFAZ concedeu apoio institucional ao projeto <em>Da Cidadania Cultural \u00e0 Cidadania Fiscal<\/em>, lan\u00e7ado pela Prefeitura de S\u00e3o Jos\u00e9 da Laje\/AL. O programa, promovido em parceria com a Secretaria de Estado da Fazenda de Alagoas, inclui uma s\u00e9rie de iniciativas relacionadas \u00e0 educa\u00e7\u00e3o fiscal, que visam levar de forma pedag\u00f3gica, \u00e0s salas de aula e \u00e0 sociedade como um todo, a discuss\u00e3o acerca da import\u00e2ncia do pagamento de tributos.\r\n\r\nUma das a\u00e7\u00f5es do projeto alia de modo especial a cultura local, a promo\u00e7\u00e3o da cidadania e a educa\u00e7\u00e3o fiscal. Trata-se do gibi da <em>Turma Lajense<\/em>. Por meio de seis personagens ilustrados, a publica\u00e7\u00e3o aborda a relev\u00e2ncia dos impostos para a manuten\u00e7\u00e3o da cultura, da hist\u00f3ria e do patrim\u00f4nio municipais. O gibi tem registro internacional ISBN e ser\u00e1 distribu\u00eddo nas escolas p\u00fablicas de ensino fundamental de S\u00e3o Jos\u00e9 da Laje. A vers\u00e3o digital do gibi est\u00e1 dispon\u00edvel! Conhe\u00e7a: <a href=\"https:\/\/www.sinprofaz.org.br\/pdfs\/turma-lajense-digital.pdf\">sinprofaz.org.br\/pdfs\/turma-lajense-digital.pdf<\/a>\r\n\r\nDelegada sindical em Alagoas, Carla Guerra aprovou o apoio concedido pelo SINPROFAZ ao projeto. De acordo com a PFN, a iniciativa do Munic\u00edpio \"objetiva a dissemina\u00e7\u00e3o de pr\u00e1ticas voltadas para a responsabilidade fiscal. Assim como as demais pol\u00edticas relacionadas a essa tem\u00e1tica, o projeto visa \u00e0 forma\u00e7\u00e3o de cidad\u00e3os mais comprometidos com a causa, sobretudo para que haja um real conhecimento a respeito do valor social do tributo\". O SINPROFAZ agradece \u00e0 delegada sindical pela contribui\u00e7\u00e3o, assim como \u00e0 filiada Keila Melo, pela indica\u00e7\u00e3o do projeto, e \u00e0 procuradora-geral do Munic\u00edpio de S\u00e3o Jos\u00e9 da Laje, Roseli Matias, pelas orienta\u00e7\u00f5es e pelos esclarecimentos.\r\n\r\n<strong>Da Cidadania Cultural \u00e0 Cidadania Fiscal<\/strong>\r\nEntre as demais a\u00e7\u00f5es do projeto, est\u00e3o a realiza\u00e7\u00e3o de videoconfer\u00eancias e palestras sobre educa\u00e7\u00e3o fiscal para alunos da rede p\u00fablica municipal, a promo\u00e7\u00e3o de <em>lives<\/em> nas m\u00eddias sociais do Munic\u00edpio sobre a import\u00e2ncia dos tributos para a materializa\u00e7\u00e3o das pol\u00edticas p\u00fablicas e a garantia de direitos, e a disponibiliza\u00e7\u00e3o de um aplicativo da <em>Turma Lajense<\/em> com jogos e informa\u00e7\u00f5es sobre a fun\u00e7\u00e3o socioecon\u00f4mica dos tributos. Todas as atividades prop\u00f5em a conscientiza\u00e7\u00e3o e a mudan\u00e7a de comportamento, de modo que a comunidade escolar adquira maior familiaridade com a quest\u00e3o fiscal.","_links":{"self":[{"href":"https:\/\/sinprofaz.org.br\/2024\/wp-json\/wp\/v2\/posts\/13801"}],"collection":[{"href":"https:\/\/sinprofaz.org.br\/2024\/wp-json\/wp\/v2\/posts"}],"about":[{"href":"https:\/\/sinprofaz.org.br\/2024\/wp-json\/wp\/v2\/types\/post"}],"author":[{"embeddable":true,"href":"https:\/\/sinprofaz.org.br\/2024\/wp-json\/wp\/v2\/users\/2"}],"replies":[{"embeddable":true,"href":"https:\/\/sinprofaz.org.br\/2024\/wp-json\/wp\/v2\/comments?post=13801"}],"version-history":[{"count":3,"href":"https:\/\/sinprofaz.org.br\/2024\/wp-json\/wp\/v2\/posts\/13801\/revisions"}],"predecessor-version":[{"id":13810,"href":"https:\/\/sinprofaz.org.br\/2024\/wp-json\/wp\/v2\/posts\/13801\/revisions\/13810"}],"wp:featuredmedia":[{"embeddable":true,"href":"https:\/\/sinprofaz.org.br\/2024\/wp-json\/wp\/v2\/media\/13802"}],"wp:attachment":[{"href":"https:\/\/sinprofaz.org.br\/2024\/wp-json\/wp\/v2\/media?parent=13801"}],"wp:term":[{"taxonomy":"category","embeddable":true,"href":"https:\/\/sinprofaz.org.br\/2024\/wp-json\/wp\/v2\/categories?post=13801"},{"taxonomy":"post_tag","embeddable":true,"href":"https:\/\/sinprofaz.org.br\/2024\/wp-json\/wp\/v2\/tags?post=13801"}],"curies":[{"name":"wp","href":"https:\/\/api.w.org\/{rel}","templated":true}]}}