{"id":1378,"date":"2013-06-25T11:41:06","date_gmt":"2013-06-25T11:41:06","guid":{"rendered":""},"modified":"-0001-11-30T00:00:00","modified_gmt":"-0001-11-30T03:00:00","slug":"convocacao-imediata-de-novos-pfns-conta-com-adesao-de-parlamentares","status":"publish","type":"post","link":"https:\/\/sinprofaz.org.br\/2024\/noticias\/convocacao-imediata-de-novos-pfns-conta-com-adesao-de-parlamentares\/","title":{"rendered":"Convoca\u00e7\u00e3o imediata de novos PFNs conta com ades\u00e3o de parlamentares"},"content":{"rendered":"<p>A convoca\u00e7\u00e3o imediata de todos os aprovados no \u00faltimo concurso para PFN \u00e9 uma das prioridades do Sindicato especialmente nas abordagens aos deputados durante a realiza\u00e7\u00e3o de agendas no Congresso Nacional.<\/p>\n<p>A deputada Andreia Zito apoia a reivindica\u00e7\u00e3o do SINPROFAZ e tem defendido na tribuna da Casa a convoca\u00e7\u00e3o de candidatos aprovados em concurso p\u00fablico para preenchimento de vagas no servi\u00e7o p\u00fablico federal.<\/p>\n<p>No caso espec\u00edfico da PGFN, o Sindicato levou ao conhecimento dos deputados que h\u00e1 mais vagas previstas na lei do que aprovados.<\/p>\n<p>Apesar da recente chamada de 200 novos PFNs para compor os quadros da carreira, h\u00e1 cinco anos, mais de 400 cargos efetivos de Procurador da Fazenda Nacional permanecem vagos com preju\u00edzos flagrantes \u00e0 cobran\u00e7a da D\u00edvida Ativa da Uni\u00e3o, \u00e0 defesa da Uni\u00e3o Federal em mat\u00e9ria fiscal e provocando sobrecarga de trabalho.<\/p>\n<p>Veja o pronunciamento da deputada:<\/p>\n<p><b>A SRA. ANDREIA ZITO (PSDB-RJ. Pronuncia o seguinte discurso.)<\/b> &#8211; Boa tarde, Sr. Presidente, Sras. e Srs. Deputados, todos que nos ouvem pelos meios de comunica\u00e7\u00e3o desta Casa. Ocupo esta tribuna, neste Pequeno Expediente, para trazer algumas palavras de alegria e, ao mesmo tempo, levantar algumas preocupa\u00e7\u00f5es as pol\u00edticas p\u00fablicas definidas em nosso Pa\u00eds, no tocante \u00e0 ofertas de emprego no mercado de trabalho da administra\u00e7\u00e3o p\u00fablica federal. Neste in\u00edcio de semana, fomos notificados pela imprensa de que Bras\u00edlia \u00e9 a capital dos concursos, pois, neste momento, quatro minist\u00e9rios abrem processos seletivos que somam 741 vagas, sendo 553 para posse e exerc\u00edcio em Bras\u00edlia. Muito dignificante saber que essas vagas est\u00e3o distribu\u00eddas entre os Minist\u00e9rios da Fazenda, Planejamento, Or\u00e7amento e Gest\u00e3o, Justi\u00e7a e das Comunica\u00e7\u00f5es, sendo em sua grande maioria para profissionais de n\u00edvel superior em diversas \u00e1reas. Encontramos tamb\u00e9m a informa\u00e7\u00e3o de que a Pol\u00edcia Rodovi\u00e1ria Federal est\u00e1 realizando concurso p\u00fablico para o preenchimento de mil vagas e forma\u00e7\u00e3o de cadastro reserva para o cargo de policial rodovi\u00e1rio federal. Tudo isso entendemos ser maravilhoso, pois s\u00e3o novas oportunidades que o Estado est\u00e1 oferecendo aos que chegam agora ao mercado de trabalho, como tamb\u00e9m, para aqueles que j\u00e1 vem h\u00e1 algum tempo tentando uma oportunidade de ingressar no servi\u00e7o p\u00fablico federal. Minhas preocupa\u00e7\u00f5es, Senhor Presidente, s\u00e3o no sentido de que n\u00e3o vemos nenhum sinal da convoca\u00e7\u00e3o de candidatos aprovados em processos j\u00e1 acontecidos, e que se encontram na qualidade de excedentes \u00e0 lota\u00e7\u00e3o em diversos Minist\u00e9rios e Autarquias. Estes ficam ainda&nbsp; creditando numa oportunidade que possa vir a acontecer dentro do prazo de validade do concurso realizado para suas convoca\u00e7\u00f5es, o que, ao que parece, n\u00e3o acontecer\u00e1. Existem candidatos excedentes, hoje, tanto na \u00e1rea da Advocacia Geral da Uni\u00e3o, da Comiss\u00e3o de Valores Mobili\u00e1rios, da Pol\u00edcia Rodovi\u00e1ria Federal, entre outros, e n\u00e3o recebemos informa\u00e7\u00f5es sobre a possibilidade do aproveitamento desses candidatos. Muito ao contr\u00e1rio: no caderno Boa Chance do jornal O Globo do \u00faltimo domingo, h\u00e1 a informa\u00e7\u00e3o sobre um novo concurso p\u00fablico para a Pol\u00edcia Rodovi\u00e1ria Federal. Considero muito importante e positivo o Poder Executivo oferecer, neste momento, mais 741 oportunidades para cidad\u00e3os virem a se tornar servidores p\u00fablicos federais. Mas tamb\u00e9m \u00e9 importante o respeito e a convoca\u00e7\u00e3o de todos aqueles que se encontram na condi\u00e7\u00e3o de excedente de um concurso p\u00fablico realizado recentemente e ainda em vig\u00eancia de validade, para \u00f3rg\u00e3os que frequentemente declaram estar com d\u00e9ficit de servidores para recomposi\u00e7\u00e3o dos seus quadros funcionais. Aqui est\u00e3o, Sr. Presidente, registradas as minhas alegrias e preocupa\u00e7\u00f5es com as pol\u00edticas p\u00fablicas adotadas pelo Poder Executivo para nomea\u00e7\u00e3o de servidores p\u00fablicos federais, via concurso p\u00fablico. Entendo que talvez, juntos, possamos encontrar solu\u00e7\u00e3o para as situa\u00e7\u00f5es aqui expostas. Muito obrigada a todos.<\/p>\n","protected":false},"excerpt":{"rendered":"<p>A deputada Andreia Zito (PSDB-RJ) \u00e9 uma das parlamentares que defende a convoca\u00e7\u00e3o de candidatos aprovados em concurso p\u00fablico.<\/p>\n","protected":false},"author":1,"featured_media":0,"comment_status":"closed","ping_status":"open","sticky":false,"template":"","format":"standard","meta":{"footnotes":""},"categories":[8],"tags":[],"featured_image_url":"https:\/\/dummyimage.com\/720x400","character_count":2022,"formatted_date":"25\/06\/2013 - 11:41","contentNovo":"\r\n<p>A convoca\u00e7\u00e3o imediata de todos os aprovados no \u00faltimo concurso para PFN \u00e9 uma das prioridades do Sindicato especialmente nas abordagens aos deputados durante a realiza\u00e7\u00e3o de agendas no Congresso Nacional.<\/p>\r\n<p>A deputada Andreia Zito apoia a reivindica\u00e7\u00e3o do SINPROFAZ e tem defendido na tribuna da Casa a convoca\u00e7\u00e3o de candidatos aprovados em concurso p\u00fablico para preenchimento de vagas no servi\u00e7o p\u00fablico federal.<\/p>\r\n<p>No caso espec\u00edfico da PGFN, o Sindicato levou ao conhecimento dos deputados que h\u00e1 mais vagas previstas na lei do que aprovados.<\/p>\r\n<p>Apesar da recente chamada de 200 novos PFNs para compor os quadros da carreira, h\u00e1 cinco anos, mais de 400 cargos efetivos de Procurador da Fazenda Nacional permanecem vagos com preju\u00edzos flagrantes \u00e0 cobran\u00e7a da D\u00edvida Ativa da Uni\u00e3o, \u00e0 defesa da Uni\u00e3o Federal em mat\u00e9ria fiscal e provocando sobrecarga de trabalho.<\/p>\r\n<p>Veja o pronunciamento da deputada:<\/p>\r\n<p>A SRA. ANDREIA ZITO (PSDB-RJ. Pronuncia o seguinte discurso.) - Boa tarde, Sr. Presidente, Sras. e Srs. Deputados, todos que nos ouvem pelos meios de comunica\u00e7\u00e3o desta Casa. Ocupo esta tribuna, neste Pequeno Expediente, para trazer algumas palavras de alegria e, ao mesmo tempo, levantar algumas preocupa\u00e7\u00f5es as pol\u00edticas p\u00fablicas definidas em nosso Pa\u00eds, no tocante \u00e0 ofertas de emprego no mercado de trabalho da administra\u00e7\u00e3o p\u00fablica federal. Neste in\u00edcio de semana, fomos notificados pela imprensa de que Bras\u00edlia \u00e9 a capital dos concursos, pois, neste momento, quatro minist\u00e9rios abrem processos seletivos que somam 741 vagas, sendo 553 para posse e exerc\u00edcio em Bras\u00edlia. Muito dignificante saber que essas vagas est\u00e3o distribu\u00eddas entre os Minist\u00e9rios da Fazenda, Planejamento, Or\u00e7amento e Gest\u00e3o, Justi\u00e7a e das Comunica\u00e7\u00f5es, sendo em sua grande maioria para profissionais de n\u00edvel superior em diversas \u00e1reas. Encontramos tamb\u00e9m a informa\u00e7\u00e3o de que a Pol\u00edcia Rodovi\u00e1ria Federal est\u00e1 realizando concurso p\u00fablico para o preenchimento de mil vagas e forma\u00e7\u00e3o de cadastro reserva para o cargo de policial rodovi\u00e1rio federal. Tudo isso entendemos ser maravilhoso, pois s\u00e3o novas oportunidades que o Estado est\u00e1 oferecendo aos que chegam agora ao mercado de trabalho, como tamb\u00e9m, para aqueles que j\u00e1 vem h\u00e1 algum tempo tentando uma oportunidade de ingressar no servi\u00e7o p\u00fablico federal. Minhas preocupa\u00e7\u00f5es, Senhor Presidente, s\u00e3o no sentido de que n\u00e3o vemos nenhum sinal da convoca\u00e7\u00e3o de candidatos aprovados em processos j\u00e1 acontecidos, e que se encontram na qualidade de excedentes \u00e0 lota\u00e7\u00e3o em diversos Minist\u00e9rios e Autarquias. Estes ficam ainda&nbsp; creditando numa oportunidade que possa vir a acontecer dentro do prazo de validade do concurso realizado para suas convoca\u00e7\u00f5es, o que, ao que parece, n\u00e3o acontecer\u00e1. Existem candidatos excedentes, hoje, tanto na \u00e1rea da Advocacia Geral da Uni\u00e3o, da Comiss\u00e3o de Valores Mobili\u00e1rios, da Pol\u00edcia Rodovi\u00e1ria Federal, entre outros, e n\u00e3o recebemos informa\u00e7\u00f5es sobre a possibilidade do aproveitamento desses candidatos. Muito ao contr\u00e1rio: no caderno Boa Chance do jornal O Globo do \u00faltimo domingo, h\u00e1 a informa\u00e7\u00e3o sobre um novo concurso p\u00fablico para a Pol\u00edcia Rodovi\u00e1ria Federal. Considero muito importante e positivo o Poder Executivo oferecer, neste momento, mais 741 oportunidades para cidad\u00e3os virem a se tornar servidores p\u00fablicos federais. Mas tamb\u00e9m \u00e9 importante o respeito e a convoca\u00e7\u00e3o de todos aqueles que se encontram na condi\u00e7\u00e3o de excedente de um concurso p\u00fablico realizado recentemente e ainda em vig\u00eancia de validade, para \u00f3rg\u00e3os que frequentemente declaram estar com d\u00e9ficit de servidores para recomposi\u00e7\u00e3o dos seus quadros funcionais. Aqui est\u00e3o, Sr. Presidente, registradas as minhas alegrias e preocupa\u00e7\u00f5es com as pol\u00edticas p\u00fablicas adotadas pelo Poder Executivo para nomea\u00e7\u00e3o de servidores p\u00fablicos federais, via concurso p\u00fablico. Entendo que talvez, juntos, possamos encontrar solu\u00e7\u00e3o para as situa\u00e7\u00f5es aqui expostas. Muito obrigada a todos.<\/p>","_links":{"self":[{"href":"https:\/\/sinprofaz.org.br\/2024\/wp-json\/wp\/v2\/posts\/1378"}],"collection":[{"href":"https:\/\/sinprofaz.org.br\/2024\/wp-json\/wp\/v2\/posts"}],"about":[{"href":"https:\/\/sinprofaz.org.br\/2024\/wp-json\/wp\/v2\/types\/post"}],"author":[{"embeddable":true,"href":"https:\/\/sinprofaz.org.br\/2024\/wp-json\/wp\/v2\/users\/1"}],"replies":[{"embeddable":true,"href":"https:\/\/sinprofaz.org.br\/2024\/wp-json\/wp\/v2\/comments?post=1378"}],"version-history":[{"count":0,"href":"https:\/\/sinprofaz.org.br\/2024\/wp-json\/wp\/v2\/posts\/1378\/revisions"}],"wp:attachment":[{"href":"https:\/\/sinprofaz.org.br\/2024\/wp-json\/wp\/v2\/media?parent=1378"}],"wp:term":[{"taxonomy":"category","embeddable":true,"href":"https:\/\/sinprofaz.org.br\/2024\/wp-json\/wp\/v2\/categories?post=1378"},{"taxonomy":"post_tag","embeddable":true,"href":"https:\/\/sinprofaz.org.br\/2024\/wp-json\/wp\/v2\/tags?post=1378"}],"curies":[{"name":"wp","href":"https:\/\/api.w.org\/{rel}","templated":true}]}}