{"id":13771,"date":"2021-09-01T08:20:50","date_gmt":"2021-09-01T11:20:50","guid":{"rendered":"http:\/\/www.sinprofaz.org.br\/?p=13771"},"modified":"2021-08-31T17:55:55","modified_gmt":"2021-08-31T20:55:55","slug":"vitoria-relator-da-pec-32-inclui-advogados-publicos-no-rol-de-carreiras-tipicas-de-estado","status":"publish","type":"post","link":"https:\/\/sinprofaz.org.br\/2024\/noticias\/vitoria-relator-da-pec-32-inclui-advogados-publicos-no-rol-de-carreiras-tipicas-de-estado\/","title":{"rendered":"VIT\u00d3RIA: RELATOR DA PEC 32 INCLUI ADVOGADOS P\u00daBLICOS NO ROL DE CARREIRAS T\u00cdPICAS DE ESTADO"},"content":{"rendered":"<p>O SINPROFAZ, representado pelo presidente Achilles Frias, reuniu-se na \u00faltima quarta-feira (25) com o relator da reforma administrativa, o deputado federal Arthur Oliveira Maia (DEM-BA). A reuni\u00e3o contou com as presen\u00e7as dos presidentes da ANAUNI, Cl\u00f3vis Andrade, e da ANPM, Gustavo Machado, assim como do ex-senador Romero Juc\u00e1, diretor da Blue Solution &#8211; assessoria \u00e0 qual as tr\u00eas entidades aderem.<\/p>\n<p>A reuni\u00e3o foi decisiva para a conclus\u00e3o do relat\u00f3rio sobre a PEC 32\/2020, no qual a Advocacia P\u00fablica foi inclu\u00edda no rol de Carreiras definidas como T\u00edpicas de Estado. Atento \u00e0 exposi\u00e7\u00e3o de argumentos do presidente do SINPROFAZ, Arthur Oliveira Maia compreendeu a import\u00e2ncia da inclus\u00e3o dos advogados p\u00fablicos no parecer e a necessidade de se resguardar as prerrogativas daqueles que desempenham Fun\u00e7\u00e3o Essencial \u00e0 Justi\u00e7a.<\/p>\n","protected":false},"excerpt":{"rendered":"<p>O presidente Achilles Frias se reuniu na \u00faltima quarta-feira (25) com o relator da reforma administrativa, o deputado federal Arthur Oliveira Maia (DEM-BA). A reuni\u00e3o foi decisiva para a conclus\u00e3o do relat\u00f3rio sobre a PEC 32\/2020.<\/p>\n","protected":false},"author":2,"featured_media":13772,"comment_status":"open","ping_status":"open","sticky":false,"template":"","format":"standard","meta":{"footnotes":""},"categories":[8],"tags":[32,151,25],"featured_image_url":"https:\/\/sinprofaz.org.br\/2024\/wp-content\/uploads\/2021\/08\/NOTA-SINPROFAZ-12.jpg","character_count":428,"formatted_date":"01\/09\/2021 - 08:20","contentNovo":"O SINPROFAZ, representado pelo presidente Achilles Frias, reuniu-se na \u00faltima quarta-feira (25) com o relator da reforma administrativa, o deputado federal Arthur Oliveira Maia (DEM-BA). A reuni\u00e3o contou com as presen\u00e7as dos presidentes da ANAUNI, Cl\u00f3vis Andrade, e da ANPM, Gustavo Machado, assim como do ex-senador Romero Juc\u00e1, diretor da Blue Solution - assessoria \u00e0 qual as tr\u00eas entidades aderem.\r\n\r\nA reuni\u00e3o foi decisiva para a conclus\u00e3o do relat\u00f3rio sobre a PEC 32\/2020, no qual a Advocacia P\u00fablica foi inclu\u00edda no rol de Carreiras definidas como T\u00edpicas de Estado. Atento \u00e0 exposi\u00e7\u00e3o de argumentos do presidente do SINPROFAZ, Arthur Oliveira Maia compreendeu a import\u00e2ncia da inclus\u00e3o dos advogados p\u00fablicos no parecer e a necessidade de se resguardar as prerrogativas daqueles que desempenham Fun\u00e7\u00e3o Essencial \u00e0 Justi\u00e7a.","_links":{"self":[{"href":"https:\/\/sinprofaz.org.br\/2024\/wp-json\/wp\/v2\/posts\/13771"}],"collection":[{"href":"https:\/\/sinprofaz.org.br\/2024\/wp-json\/wp\/v2\/posts"}],"about":[{"href":"https:\/\/sinprofaz.org.br\/2024\/wp-json\/wp\/v2\/types\/post"}],"author":[{"embeddable":true,"href":"https:\/\/sinprofaz.org.br\/2024\/wp-json\/wp\/v2\/users\/2"}],"replies":[{"embeddable":true,"href":"https:\/\/sinprofaz.org.br\/2024\/wp-json\/wp\/v2\/comments?post=13771"}],"version-history":[{"count":1,"href":"https:\/\/sinprofaz.org.br\/2024\/wp-json\/wp\/v2\/posts\/13771\/revisions"}],"predecessor-version":[{"id":13773,"href":"https:\/\/sinprofaz.org.br\/2024\/wp-json\/wp\/v2\/posts\/13771\/revisions\/13773"}],"wp:featuredmedia":[{"embeddable":true,"href":"https:\/\/sinprofaz.org.br\/2024\/wp-json\/wp\/v2\/media\/13772"}],"wp:attachment":[{"href":"https:\/\/sinprofaz.org.br\/2024\/wp-json\/wp\/v2\/media?parent=13771"}],"wp:term":[{"taxonomy":"category","embeddable":true,"href":"https:\/\/sinprofaz.org.br\/2024\/wp-json\/wp\/v2\/categories?post=13771"},{"taxonomy":"post_tag","embeddable":true,"href":"https:\/\/sinprofaz.org.br\/2024\/wp-json\/wp\/v2\/tags?post=13771"}],"curies":[{"name":"wp","href":"https:\/\/api.w.org\/{rel}","templated":true}]}}