{"id":13744,"date":"2021-08-26T08:24:19","date_gmt":"2021-08-26T11:24:19","guid":{"rendered":"http:\/\/www.sinprofaz.org.br\/?p=13744"},"modified":"2021-08-26T11:13:29","modified_gmt":"2021-08-26T14:13:29","slug":"filiado-ao-sinprofaz-lanca-manual-de-direito-tributario-saiba-mais-sobre-a-obra","status":"publish","type":"post","link":"https:\/\/sinprofaz.org.br\/2024\/noticias\/filiado-ao-sinprofaz-lanca-manual-de-direito-tributario-saiba-mais-sobre-a-obra\/","title":{"rendered":"FILIADO AO SINPROFAZ LAN\u00c7A MANUAL DE DIREITO TRIBUT\u00c1RIO. SAIBA MAIS SOBRE A OBRA!"},"content":{"rendered":"<p>O SINPROFAZ convida a Carreira para conhecer a obra <em>Manual de Direito Tribut\u00e1rio<\/em>, lan\u00e7ada no \u00faltimo m\u00eas pelo procurador da Fazenda Nacional filiado Carlos Alexandre Domingos Gonzales. O mais novo livro de interesse dos PFNs comp\u00f5e a Cole\u00e7\u00e3o <em>Direito em Ess\u00eancia<\/em> e oferece uma abordagem clara e objetiva a respeito do complexo Sistema Tribut\u00e1rio Brasileiro.<\/p>\n<p>Equilibrando did\u00e1tica e conte\u00fado, <em>o Manual de Direito Tribut\u00e1rio<\/em> aborda temas atuais como a Reforma da Previd\u00eancia e a nova Lei de Fal\u00eancias. Ao considerar as perspectivas doutrin\u00e1ria e jurisprudencial, sobretudo quanto aos pontos mais pol\u00eamicos do Sistema Tribut\u00e1rio, a obra se consolida como eficiente ferramenta de trabalho para os operadores do Direito, em especial as procuradoras e os procuradores da Fazenda Nacional.<\/p>\n<p><em>O Manual de Direito Tribut\u00e1rio<\/em> foi publicado pela Editora Mizuno e pode ser adquirido por meio da loja virtual. Confira: <a href=\"https:\/\/www.editoramizuno.com.br\/manual-de-direito-tributario.html\">editoramizuno.com.br\/manual-de-direito-tributario.html<\/a><\/p>\n<p><strong>Sobre o autor<\/strong><br \/>\nH\u00e1 18 anos na Carreira e h\u00e1 16 no magist\u00e9rio, Carlos Alexandre Domingos Gonzales se destaca pela experi\u00eancia pr\u00e1tica e docente na esfera tribut\u00e1ria. Lotado em Ribeir\u00e3o Preto\/SP, \u00e9 p\u00f3s-graduado em Direito Econ\u00f4mico Internacional e Europeu pela Universidade de Coimbra\/PT e especialista lato sensu em Direito Constitucional pela Universidade do Sul de Santa Catarina. \u00c9 professor titular de Direito Tribut\u00e1rio da Universidade Paulista, campus Ribeir\u00e3o Preto\/SP.<\/p>\n\n\t\t<style type=\"text\/css\">\n\t\t\t#gallery-1 {\n\t\t\t\tmargin: auto;\n\t\t\t}\n\t\t\t#gallery-1 .gallery-item {\n\t\t\t\tfloat: left;\n\t\t\t\tmargin-top: 10px;\n\t\t\t\ttext-align: center;\n\t\t\t\twidth: 33%;\n\t\t\t}\n\t\t\t#gallery-1 img {\n\t\t\t\tborder: 2px solid #cfcfcf;\n\t\t\t}\n\t\t\t#gallery-1 .gallery-caption {\n\t\t\t\tmargin-left: 0;\n\t\t\t}\n\t\t\t\/* see gallery_shortcode() in wp-includes\/media.php *\/\n\t\t<\/style>\n\t\t<div id='gallery-1' class='gallery galleryid-13744 gallery-columns-3 gallery-size-thumbnail'><dl class='gallery-item'>\n\t\t\t<dt class='gallery-icon landscape'>\n\t\t\t\t<a href='https:\/\/sinprofaz.org.br\/2024\/wp-content\/uploads\/2021\/08\/1-6.jpg'><img loading=\"lazy\" decoding=\"async\" width=\"150\" height=\"150\" src=\"https:\/\/sinprofaz.org.br\/2024\/wp-content\/uploads\/2021\/08\/1-6-150x150.jpg\" class=\"attachment-thumbnail size-thumbnail\" alt=\"\" \/><\/a>\n\t\t\t<\/dt><\/dl><dl class='gallery-item'>\n\t\t\t<dt class='gallery-icon landscape'>\n\t\t\t\t<a href='https:\/\/sinprofaz.org.br\/2024\/wp-content\/uploads\/2021\/08\/2-6.jpg'><img loading=\"lazy\" decoding=\"async\" width=\"150\" height=\"150\" src=\"https:\/\/sinprofaz.org.br\/2024\/wp-content\/uploads\/2021\/08\/2-6-150x150.jpg\" class=\"attachment-thumbnail size-thumbnail\" alt=\"\" \/><\/a>\n\t\t\t<\/dt><\/dl><dl class='gallery-item'>\n\t\t\t<dt class='gallery-icon landscape'>\n\t\t\t\t<a href='https:\/\/sinprofaz.org.br\/2024\/wp-content\/uploads\/2021\/08\/3-4.jpg'><img loading=\"lazy\" decoding=\"async\" width=\"150\" height=\"150\" src=\"https:\/\/sinprofaz.org.br\/2024\/wp-content\/uploads\/2021\/08\/3-4-150x150.jpg\" class=\"attachment-thumbnail size-thumbnail\" alt=\"\" \/><\/a>\n\t\t\t<\/dt><\/dl><br style=\"clear: both\" \/>\n\t\t<\/div>\n\n","protected":false},"excerpt":{"rendered":"<p>O SINPROFAZ convida a Carreira para conhecer a obra &#8220;Manual de Direito Tribut\u00e1rio&#8221;, de Carlos Alexandre Domingos Gonzales. O mais novo livro de interesse dos PFNs oferece uma abordagem objetiva sobre o Sistema Tribut\u00e1rio Brasileiro.<\/p>\n","protected":false},"author":2,"featured_media":13745,"comment_status":"open","ping_status":"open","sticky":false,"template":"","format":"standard","meta":{"footnotes":""},"categories":[8],"tags":[32,121,25],"featured_image_url":"https:\/\/sinprofaz.org.br\/2024\/wp-content\/uploads\/2021\/08\/NOTA-SINPROFAZ-7.jpg","character_count":920,"formatted_date":"26\/08\/2021 - 08:24","contentNovo":"O SINPROFAZ convida a Carreira para conhecer a obra <em>Manual de Direito Tribut\u00e1rio<\/em>, lan\u00e7ada no \u00faltimo m\u00eas pelo procurador da Fazenda Nacional filiado Carlos Alexandre Domingos Gonzales. O mais novo livro de interesse dos PFNs comp\u00f5e a Cole\u00e7\u00e3o <em>Direito em Ess\u00eancia<\/em> e oferece uma abordagem clara e objetiva a respeito do complexo Sistema Tribut\u00e1rio Brasileiro.\r\n\r\nEquilibrando did\u00e1tica e conte\u00fado, <em>o Manual de Direito Tribut\u00e1rio<\/em> aborda temas atuais como a Reforma da Previd\u00eancia e a nova Lei de Fal\u00eancias. Ao considerar as perspectivas doutrin\u00e1ria e jurisprudencial, sobretudo quanto aos pontos mais pol\u00eamicos do Sistema Tribut\u00e1rio, a obra se consolida como eficiente ferramenta de trabalho para os operadores do Direito, em especial as procuradoras e os procuradores da Fazenda Nacional.\r\n\r\n<em>O Manual de Direito Tribut\u00e1rio<\/em> foi publicado pela Editora Mizuno e pode ser adquirido por meio da loja virtual. Confira: <a href=\"https:\/\/www.editoramizuno.com.br\/manual-de-direito-tributario.html\">editoramizuno.com.br\/manual-de-direito-tributario.html<\/a>\r\n\r\n<strong>Sobre o autor<\/strong>\r\nH\u00e1 18 anos na Carreira e h\u00e1 16 no magist\u00e9rio, Carlos Alexandre Domingos Gonzales se destaca pela experi\u00eancia pr\u00e1tica e docente na esfera tribut\u00e1ria. Lotado em Ribeir\u00e3o Preto\/SP, \u00e9 p\u00f3s-graduado em Direito Econ\u00f4mico Internacional e Europeu pela Universidade de Coimbra\/PT e especialista lato sensu em Direito Constitucional pela Universidade do Sul de Santa Catarina. \u00c9 professor titular de Direito Tribut\u00e1rio da Universidade Paulista, campus Ribeir\u00e3o Preto\/SP.\r\n\r\n[gallery link=\"file\" ids=\"13748,13749,13747\"]","_links":{"self":[{"href":"https:\/\/sinprofaz.org.br\/2024\/wp-json\/wp\/v2\/posts\/13744"}],"collection":[{"href":"https:\/\/sinprofaz.org.br\/2024\/wp-json\/wp\/v2\/posts"}],"about":[{"href":"https:\/\/sinprofaz.org.br\/2024\/wp-json\/wp\/v2\/types\/post"}],"author":[{"embeddable":true,"href":"https:\/\/sinprofaz.org.br\/2024\/wp-json\/wp\/v2\/users\/2"}],"replies":[{"embeddable":true,"href":"https:\/\/sinprofaz.org.br\/2024\/wp-json\/wp\/v2\/comments?post=13744"}],"version-history":[{"count":4,"href":"https:\/\/sinprofaz.org.br\/2024\/wp-json\/wp\/v2\/posts\/13744\/revisions"}],"predecessor-version":[{"id":13756,"href":"https:\/\/sinprofaz.org.br\/2024\/wp-json\/wp\/v2\/posts\/13744\/revisions\/13756"}],"wp:featuredmedia":[{"embeddable":true,"href":"https:\/\/sinprofaz.org.br\/2024\/wp-json\/wp\/v2\/media\/13745"}],"wp:attachment":[{"href":"https:\/\/sinprofaz.org.br\/2024\/wp-json\/wp\/v2\/media?parent=13744"}],"wp:term":[{"taxonomy":"category","embeddable":true,"href":"https:\/\/sinprofaz.org.br\/2024\/wp-json\/wp\/v2\/categories?post=13744"},{"taxonomy":"post_tag","embeddable":true,"href":"https:\/\/sinprofaz.org.br\/2024\/wp-json\/wp\/v2\/tags?post=13744"}],"curies":[{"name":"wp","href":"https:\/\/api.w.org\/{rel}","templated":true}]}}