{"id":13696,"date":"2021-08-19T10:10:47","date_gmt":"2021-08-19T13:10:47","guid":{"rendered":"http:\/\/www.sinprofaz.org.br\/?p=13696"},"modified":"2021-08-20T09:30:46","modified_gmt":"2021-08-20T12:30:46","slug":"sinprofaz-participa-de-eleicao-da-nova-diretoria-do-forum-nacional-da-advocacia-publica-federal","status":"publish","type":"post","link":"https:\/\/sinprofaz.org.br\/2024\/noticias\/sinprofaz-participa-de-eleicao-da-nova-diretoria-do-forum-nacional-da-advocacia-publica-federal\/","title":{"rendered":"SINPROFAZ PARTICIPA DE ELEI\u00c7\u00c3O DA NOVA DIRETORIA DO F\u00d3RUM NACIONAL DA ADVOCACIA P\u00daBLICA FEDERAL"},"content":{"rendered":"<p>O SINPROFAZ, representado pelo presidente Achilles Frias, participou ontem (18), em Bras\u00edlia\/DF, de reuni\u00e3o para elei\u00e7\u00e3o e posse dos novos dirigentes do F\u00f3rum Nacional da Advocacia P\u00fablica Federal. Ao longo do encontro, os presentes destacaram a import\u00e2ncia do FORVM, que se consolidou como espa\u00e7o para debate entre Procuradoras e Procuradores da Fazenda Nacional e Advogadas e Advogados da Uni\u00e3o.<\/p>\n<p>Ao atuarem de forma conjunta, as entidades garantem maior efici\u00eancia na luta por avan\u00e7os junto \u00e0 AGU e \u00e0s diversas outras inst\u00e2ncias de Poder, sempre prezando pelo di\u00e1logo e pelo respeito \u00e0s especificidades de cada uma das Carreiras. No FORVM, o Sindicato ser\u00e1 agora representado por Achilles Frias (no cargo de diretor tesoureiro) e Roberto Rodrigues (no cargo de secret\u00e1rio-geral). A presid\u00eancia ser\u00e1 exercida pela ANAUNI e a vice-presid\u00eancia, pela ANAJUR.<\/p>\n\n\t\t<style type=\"text\/css\">\n\t\t\t#gallery-1 {\n\t\t\t\tmargin: auto;\n\t\t\t}\n\t\t\t#gallery-1 .gallery-item {\n\t\t\t\tfloat: left;\n\t\t\t\tmargin-top: 10px;\n\t\t\t\ttext-align: center;\n\t\t\t\twidth: 33%;\n\t\t\t}\n\t\t\t#gallery-1 img {\n\t\t\t\tborder: 2px solid #cfcfcf;\n\t\t\t}\n\t\t\t#gallery-1 .gallery-caption {\n\t\t\t\tmargin-left: 0;\n\t\t\t}\n\t\t\t\/* see gallery_shortcode() in wp-includes\/media.php *\/\n\t\t<\/style>\n\t\t<div id='gallery-1' class='gallery galleryid-13696 gallery-columns-3 gallery-size-thumbnail'><dl class='gallery-item'>\n\t\t\t<dt class='gallery-icon landscape'>\n\t\t\t\t<a href='https:\/\/sinprofaz.org.br\/2024\/wp-content\/uploads\/2021\/08\/1-2.jpg'><img loading=\"lazy\" decoding=\"async\" width=\"150\" height=\"150\" src=\"https:\/\/sinprofaz.org.br\/2024\/wp-content\/uploads\/2021\/08\/1-2-150x150.jpg\" class=\"attachment-thumbnail size-thumbnail\" alt=\"\" \/><\/a>\n\t\t\t<\/dt><\/dl><dl class='gallery-item'>\n\t\t\t<dt class='gallery-icon landscape'>\n\t\t\t\t<a href='https:\/\/sinprofaz.org.br\/2024\/wp-content\/uploads\/2021\/08\/2-2.jpg'><img loading=\"lazy\" decoding=\"async\" width=\"150\" height=\"150\" src=\"https:\/\/sinprofaz.org.br\/2024\/wp-content\/uploads\/2021\/08\/2-2-150x150.jpg\" class=\"attachment-thumbnail size-thumbnail\" alt=\"\" \/><\/a>\n\t\t\t<\/dt><\/dl><dl class='gallery-item'>\n\t\t\t<dt class='gallery-icon landscape'>\n\t\t\t\t<a href='https:\/\/sinprofaz.org.br\/2024\/wp-content\/uploads\/2021\/08\/3-1.jpg'><img loading=\"lazy\" decoding=\"async\" width=\"150\" height=\"150\" src=\"https:\/\/sinprofaz.org.br\/2024\/wp-content\/uploads\/2021\/08\/3-1-150x150.jpg\" class=\"attachment-thumbnail size-thumbnail\" alt=\"\" \/><\/a>\n\t\t\t<\/dt><\/dl><br style=\"clear: both\" \/>\n\t\t<\/div>\n\n","protected":false},"excerpt":{"rendered":"<p>Ao atuarem de forma conjunta, as entidades garantem maior efici\u00eancia na luta por avan\u00e7os junto \u00e0 AGU e \u00e0s diversas outras inst\u00e2ncias de Poder, sempre prezando pelo respeito \u00e0s especificidades das Carreiras.<\/p>\n","protected":false},"author":2,"featured_media":13697,"comment_status":"open","ping_status":"open","sticky":false,"template":"","format":"standard","meta":{"footnotes":""},"categories":[8],"tags":[32,137,146,25],"featured_image_url":"https:\/\/sinprofaz.org.br\/2024\/wp-content\/uploads\/2021\/08\/NOTA-SINPROFAZ-5.jpg","character_count":628,"formatted_date":"19\/08\/2021 - 10:10","contentNovo":"O SINPROFAZ, representado pelo presidente Achilles Frias, participou ontem (18), em Bras\u00edlia\/DF, de reuni\u00e3o para elei\u00e7\u00e3o e posse dos novos dirigentes do F\u00f3rum Nacional da Advocacia P\u00fablica Federal. Ao longo do encontro, os presentes destacaram a import\u00e2ncia do FORVM, que se consolidou como espa\u00e7o para debate entre Procuradoras e Procuradores da Fazenda Nacional e Advogadas e Advogados da Uni\u00e3o.\r\n\r\nAo atuarem de forma conjunta, as entidades garantem maior efici\u00eancia na luta por avan\u00e7os junto \u00e0 AGU e \u00e0s diversas outras inst\u00e2ncias de Poder, sempre prezando pelo di\u00e1logo e pelo respeito \u00e0s especificidades de cada uma das Carreiras. No FORVM, o Sindicato ser\u00e1 agora representado por Achilles Frias (no cargo de diretor tesoureiro) e Roberto Rodrigues (no cargo de secret\u00e1rio-geral). A presid\u00eancia ser\u00e1 exercida pela ANAUNI e a vice-presid\u00eancia, pela ANAJUR.\r\n\r\n[gallery link=\"file\" ids=\"13700,13698,13699\"]","_links":{"self":[{"href":"https:\/\/sinprofaz.org.br\/2024\/wp-json\/wp\/v2\/posts\/13696"}],"collection":[{"href":"https:\/\/sinprofaz.org.br\/2024\/wp-json\/wp\/v2\/posts"}],"about":[{"href":"https:\/\/sinprofaz.org.br\/2024\/wp-json\/wp\/v2\/types\/post"}],"author":[{"embeddable":true,"href":"https:\/\/sinprofaz.org.br\/2024\/wp-json\/wp\/v2\/users\/2"}],"replies":[{"embeddable":true,"href":"https:\/\/sinprofaz.org.br\/2024\/wp-json\/wp\/v2\/comments?post=13696"}],"version-history":[{"count":2,"href":"https:\/\/sinprofaz.org.br\/2024\/wp-json\/wp\/v2\/posts\/13696\/revisions"}],"predecessor-version":[{"id":13711,"href":"https:\/\/sinprofaz.org.br\/2024\/wp-json\/wp\/v2\/posts\/13696\/revisions\/13711"}],"wp:featuredmedia":[{"embeddable":true,"href":"https:\/\/sinprofaz.org.br\/2024\/wp-json\/wp\/v2\/media\/13697"}],"wp:attachment":[{"href":"https:\/\/sinprofaz.org.br\/2024\/wp-json\/wp\/v2\/media?parent=13696"}],"wp:term":[{"taxonomy":"category","embeddable":true,"href":"https:\/\/sinprofaz.org.br\/2024\/wp-json\/wp\/v2\/categories?post=13696"},{"taxonomy":"post_tag","embeddable":true,"href":"https:\/\/sinprofaz.org.br\/2024\/wp-json\/wp\/v2\/tags?post=13696"}],"curies":[{"name":"wp","href":"https:\/\/api.w.org\/{rel}","templated":true}]}}