{"id":1367,"date":"2013-06-23T15:34:33","date_gmt":"2013-06-23T15:34:33","guid":{"rendered":""},"modified":"-0001-11-30T00:00:00","modified_gmt":"-0001-11-30T03:00:00","slug":"sinprofaz-convoca-participacao-em-ato-publico-na-oab","status":"publish","type":"post","link":"https:\/\/sinprofaz.org.br\/2024\/noticias\/sinprofaz-convoca-participacao-em-ato-publico-na-oab\/","title":{"rendered":"SINPROFAZ convoca participa\u00e7\u00e3o em ato p\u00fablico na OAB"},"content":{"rendered":"<p>O evento contar\u00e1 com a participa\u00e7\u00e3o do Movimento de Combate \u00e0 Corrup\u00e7\u00e3o Eleitoral \u2013 MCCE e de diversas entidades da sociedade civil, entre elas o SINPROFAZ.<\/p>\n<p>O SINPROFAZ convoca todos os filiados para debater os temas de interesse da sociedade, precipuamente a necessidade de tratar a AGU como Advocacia de Estado, conforme prev\u00ea a Constitui\u00e7\u00e3o. Nesta pauta, destaca-se o combate aos equ\u00edvocos do PLP 205\/12, o qual elimina a exclusividade exigida na carreira pelo artigo 131 da Constitui\u00e7\u00e3o, admitindo n\u00e3o concursados nos quadros da AGU e limita a autonomia t\u00e9cnica dos advogados p\u00fablicos em rela\u00e7\u00e3o aos seus superiores, incentivando que o advogado p\u00fablico atue contra seu convencimento t\u00e9cnico para n\u00e3o ser punido.<\/p>\n<p>Tamb\u00e9m integrar\u00e3o o debate os seguintes temas da agenda nacional:<\/p>\n<ul>\n<li>Reforma pol\u00edtica para o financiamento democr\u00e1tico de campanha, o voto transparente e a liberdade de express\u00e3o na internet;<\/li>\n<li>Projeto Sa\u00fade+10, objetivando a apresenta\u00e7\u00e3o de projeto de lei de iniciativa popular determinando que governo federal destine 10% do or\u00e7amento para o setor da sa\u00fade p\u00fablica;<\/li>\n<li>Projeto de Lei em defesa de 10% do PIB Nacional destinado \u00e0 educa\u00e7\u00e3o;<\/li>\n<li>Controle Social dos Gastos P\u00fablicos;<\/li>\n<li>Aplica\u00e7\u00e3o do C\u00f3digo de Defesa do Consumidor em favor dos usu\u00e1rios dos servi\u00e7os p\u00fablicos.<\/li>\n<\/ul>\n","protected":false},"excerpt":{"rendered":"<p>Nesta segunda, 24, a partir das 10 horas, ser\u00e1 realizado ato p\u00fablico no plen\u00e1rio do Conselho Federal da OAB em defesa do Combate \u00e0 Corrup\u00e7\u00e3o.<\/p>\n","protected":false},"author":1,"featured_media":0,"comment_status":"closed","ping_status":"open","sticky":false,"template":"","format":"standard","meta":{"footnotes":""},"categories":[8],"tags":[],"featured_image_url":"https:\/\/dummyimage.com\/720x400","character_count":660,"formatted_date":"23\/06\/2013 - 15:34","contentNovo":"\r\n<p>O evento contar\u00e1 com a participa\u00e7\u00e3o do Movimento de Combate \u00e0 Corrup\u00e7\u00e3o Eleitoral \u2013 MCCE e de diversas entidades da sociedade civil, entre elas o SINPROFAZ.<\/p>\r\n<p>O SINPROFAZ convoca todos os filiados para debater os temas de interesse da sociedade, precipuamente a necessidade de tratar a AGU como Advocacia de Estado, conforme prev\u00ea a Constitui\u00e7\u00e3o. Nesta pauta, destaca-se o combate aos equ\u00edvocos do PLP 205\/12, o qual elimina a exclusividade exigida na carreira pelo artigo 131 da Constitui\u00e7\u00e3o, admitindo n\u00e3o concursados nos quadros da AGU e limita a autonomia t\u00e9cnica dos advogados p\u00fablicos em rela\u00e7\u00e3o aos seus superiores, incentivando que o advogado p\u00fablico atue contra seu convencimento t\u00e9cnico para n\u00e3o ser punido.<\/p>\r\n<p>Tamb\u00e9m integrar\u00e3o o debate os seguintes temas da agenda nacional:<\/p>\r\n\r\nReforma pol\u00edtica para o financiamento democr\u00e1tico de campanha, o voto transparente e a liberdade de express\u00e3o na internet;\r\nProjeto Sa\u00fade+10, objetivando a apresenta\u00e7\u00e3o de projeto de lei de iniciativa popular determinando que governo federal destine 10% do or\u00e7amento para o setor da sa\u00fade p\u00fablica;\r\nProjeto de Lei em defesa de 10% do PIB Nacional destinado \u00e0 educa\u00e7\u00e3o;\r\nControle Social dos Gastos P\u00fablicos;\r\nAplica\u00e7\u00e3o do C\u00f3digo de Defesa do Consumidor em favor dos usu\u00e1rios dos servi\u00e7os p\u00fablicos.\r\n","_links":{"self":[{"href":"https:\/\/sinprofaz.org.br\/2024\/wp-json\/wp\/v2\/posts\/1367"}],"collection":[{"href":"https:\/\/sinprofaz.org.br\/2024\/wp-json\/wp\/v2\/posts"}],"about":[{"href":"https:\/\/sinprofaz.org.br\/2024\/wp-json\/wp\/v2\/types\/post"}],"author":[{"embeddable":true,"href":"https:\/\/sinprofaz.org.br\/2024\/wp-json\/wp\/v2\/users\/1"}],"replies":[{"embeddable":true,"href":"https:\/\/sinprofaz.org.br\/2024\/wp-json\/wp\/v2\/comments?post=1367"}],"version-history":[{"count":0,"href":"https:\/\/sinprofaz.org.br\/2024\/wp-json\/wp\/v2\/posts\/1367\/revisions"}],"wp:attachment":[{"href":"https:\/\/sinprofaz.org.br\/2024\/wp-json\/wp\/v2\/media?parent=1367"}],"wp:term":[{"taxonomy":"category","embeddable":true,"href":"https:\/\/sinprofaz.org.br\/2024\/wp-json\/wp\/v2\/categories?post=1367"},{"taxonomy":"post_tag","embeddable":true,"href":"https:\/\/sinprofaz.org.br\/2024\/wp-json\/wp\/v2\/tags?post=1367"}],"curies":[{"name":"wp","href":"https:\/\/api.w.org\/{rel}","templated":true}]}}