{"id":13657,"date":"2021-08-11T08:34:55","date_gmt":"2021-08-11T11:34:55","guid":{"rendered":"http:\/\/www.sinprofaz.org.br\/?p=13657"},"modified":"2021-08-11T08:34:55","modified_gmt":"2021-08-11T11:34:55","slug":"em-webinar-palestrante-apresenta-analise-psicologica-da-violencia-masculina","status":"publish","type":"post","link":"https:\/\/sinprofaz.org.br\/2024\/noticias\/em-webinar-palestrante-apresenta-analise-psicologica-da-violencia-masculina\/","title":{"rendered":"EM WEBINAR, PALESTRANTE APRESENTA AN\u00c1LISE PSICOL\u00d3GICA DA VIOL\u00caNCIA MASCULINA"},"content":{"rendered":"<p>Cristiano Costa \u00e9 s\u00f3cio-administrador da Psych &#8211; Psicologia Cl\u00ednica e Organizacional. Convidado para coordenar o Projeto de Sa\u00fade Mental e Qualidade de Vida na PFN, idealizou o webinar <em>Olhos nos olhos, quero ver o que voc\u00ea faz! &#8211; A constru\u00e7\u00e3o das masculinidades e a an\u00e1lise psicol\u00f3gica da viol\u00eancia masculina<\/em>, que encerrou o projeto<em> PFN e G\u00eanero: Sensibiliza\u00e7\u00e3o, Conscientiza\u00e7\u00e3o e Di\u00e1logos<\/em>. Em palestra \u00e0 Carreira na ocasi\u00e3o do webinar, o psic\u00f3logo tratou da Teoria dos Arqu\u00e9tipos, de Carl Gustav Jung, segundo a qual &#8220;previamente ao que a cultura vai estabelecendo como comportamento aceit\u00e1vel para cada sexo, existe a quest\u00e3o da polaridade do psiquismo humano&#8221;. A primeira dessas dualidades, de acordo com Costa, \u00e9 a do consciente e inconsciente, que se desdobra na polaridade do masculino e feminino.<\/p>\n<p>O tema dos mitos, que &#8220;falam mais para o nosso cora\u00e7\u00e3o e n\u00e3o tanto para a nossa intelectualidade&#8221;, foi explorado pelo palestrante. Para iniciar a exposi\u00e7\u00e3o sobre o assunto, Cristiano Costa lan\u00e7ou m\u00e3o da chamada &#8220;doutrina do Logos&#8221;, descrita no primeiro cap\u00edtulo do Evangelho de Jo\u00e3o. &#8220;A ideia de que &#8216;a luz brilhou nas trevas e as trevas n\u00e3o a compreenderam&#8217; nos remete a um entendimento da realidade em dois polos: o da luz e o da treva.&#8221; Ao fazer uma conex\u00e3o entre a passagem b\u00edblica e a filosofia grega, o psic\u00f3logo citou Plat\u00e3o, segundo o qual &#8220;nossa natureza de outrora n\u00e3o era a mesma de agora, mas diferente. Em primeiro lugar, tr\u00eas eram os g\u00eaneros da humanidade, n\u00e3o dois como agora, o masculino e o feminino. Tamb\u00e9m havia um terceiro, comum a estes dois, do qual resta agora um nome, desaparecida a coisa&#8221;.<\/p>\n<p>Cristiano Costa prop\u00f4s ent\u00e3o uma reflex\u00e3o sobre o que \u00e9 uma rela\u00e7\u00e3o. Retomando um conceito de Jung &#8211; para quem duas personalidades, ao se tocarem, passam a provocar uma rea\u00e7\u00e3o qu\u00edmica -, o palestrante apresentou a ideia da rela\u00e7\u00e3o como um vaso. De acordo com o psic\u00f3logo, essa analogia evoca os mist\u00e9rios mundanos que ultrapassam os indiv\u00edduos, como a quest\u00e3o da morte. &#8220;Esse conceito de rela\u00e7\u00e3o universaliza os desafios do afeto. Em todos os povos e em todas as culturas ao longo da hist\u00f3ria, percebemos rela\u00e7\u00f5es que se configuram com assimetria, mas tamb\u00e9m rela\u00e7\u00f5es que revelam os desafios da conviv\u00eancia, das trocas que precisam ser estabelecidas.&#8221; Rela\u00e7\u00e3o seria, portanto, o direito \u00e0 amplia\u00e7\u00e3o da personalidade, \u00e0 autorrealiza\u00e7\u00e3o, ao acolhimento de si e do outro, haja vista que a individua\u00e7\u00e3o guarda dores e desafios.<\/p>\n<p>Conforme Cristiano Costa, &#8220;toda rela\u00e7\u00e3o faz emergir aquilo que est\u00e1 oculto em nosso inconsciente&#8221;. Isso explica a necessidade e a import\u00e2ncia de nos darmos conta dos &#8220;monstros que nos habitam&#8221;: &#8220;\u00c9 preciso ter coragem para falar sobre aquilo que nos assusta, que nos desafia. Para perceber que existem facetas sombrias de nossa personalidade que, em vez de serem devolvidas para fora, precisam ser trazidas para mais perto&#8221;. De acordo com o psic\u00f3logo, vem da\u00ed a linha de racioc\u00ednio que nos leva a pensar sobre como pessoas pr\u00f3ximas, conhecidas, podem ser capazes de monstruosidades. Por fim, segundo Costa, a pr\u00e1tica da viol\u00eancia se relaciona com experi\u00eancias de humilha\u00e7\u00e3o. Nesse sentido, idealiza\u00e7\u00f5es e proje\u00e7\u00f5es do homem seriam respons\u00e1veis por originar os padr\u00f5es de assimetria, submiss\u00e3o, domina\u00e7\u00e3o e agress\u00e3o.<\/p>\n<p>Acesse <a href=\"https:\/\/www.youtube.com\/watch?v=KwE3p70ipiE\">bit.ly\/CristianoCosta<\/a> e confira a palestra completa!<\/p>\n","protected":false},"excerpt":{"rendered":"<p>Cristiano Costa \u00e9 coordenador do Projeto de Sa\u00fade Mental e Qualidade de Vida na PFN e idealizou o webinar &#8220;Olhos nos olhos, quero ver o que voc\u00ea faz! &#8211; A constru\u00e7\u00e3o das masculinidades e a an\u00e1lise psicol\u00f3gica da viol\u00eancia masculina&#8221;.<\/p>\n","protected":false},"author":2,"featured_media":13658,"comment_status":"open","ping_status":"open","sticky":false,"template":"","format":"standard","meta":{"footnotes":""},"categories":[8],"tags":[32,166,25],"featured_image_url":"https:\/\/sinprofaz.org.br\/2024\/wp-content\/uploads\/2021\/08\/NOTA-SINPROFAZ-1.jpg","character_count":1779,"formatted_date":"11\/08\/2021 - 08:34","contentNovo":"Cristiano Costa \u00e9 s\u00f3cio-administrador da Psych - Psicologia Cl\u00ednica e Organizacional. Convidado para coordenar o Projeto de Sa\u00fade Mental e Qualidade de Vida na PFN, idealizou o webinar <em>Olhos nos olhos, quero ver o que voc\u00ea faz! - A constru\u00e7\u00e3o das masculinidades e a an\u00e1lise psicol\u00f3gica da viol\u00eancia masculina<\/em>, que encerrou o projeto<em> PFN e G\u00eanero: Sensibiliza\u00e7\u00e3o, Conscientiza\u00e7\u00e3o e Di\u00e1logos<\/em>. Em palestra \u00e0 Carreira na ocasi\u00e3o do webinar, o psic\u00f3logo tratou da Teoria dos Arqu\u00e9tipos, de Carl Gustav Jung, segundo a qual \"previamente ao que a cultura vai estabelecendo como comportamento aceit\u00e1vel para cada sexo, existe a quest\u00e3o da polaridade do psiquismo humano\". A primeira dessas dualidades, de acordo com Costa, \u00e9 a do consciente e inconsciente, que se desdobra na polaridade do masculino e feminino.\r\n\r\nO tema dos mitos, que \"falam mais para o nosso cora\u00e7\u00e3o e n\u00e3o tanto para a nossa intelectualidade\", foi explorado pelo palestrante. Para iniciar a exposi\u00e7\u00e3o sobre o assunto, Cristiano Costa lan\u00e7ou m\u00e3o da chamada \"doutrina do Logos\", descrita no primeiro cap\u00edtulo do Evangelho de Jo\u00e3o. \"A ideia de que 'a luz brilhou nas trevas e as trevas n\u00e3o a compreenderam' nos remete a um entendimento da realidade em dois polos: o da luz e o da treva.\" Ao fazer uma conex\u00e3o entre a passagem b\u00edblica e a filosofia grega, o psic\u00f3logo citou Plat\u00e3o, segundo o qual \"nossa natureza de outrora n\u00e3o era a mesma de agora, mas diferente. Em primeiro lugar, tr\u00eas eram os g\u00eaneros da humanidade, n\u00e3o dois como agora, o masculino e o feminino. Tamb\u00e9m havia um terceiro, comum a estes dois, do qual resta agora um nome, desaparecida a coisa\".\r\n\r\nCristiano Costa prop\u00f4s ent\u00e3o uma reflex\u00e3o sobre o que \u00e9 uma rela\u00e7\u00e3o. Retomando um conceito de Jung - para quem duas personalidades, ao se tocarem, passam a provocar uma rea\u00e7\u00e3o qu\u00edmica -, o palestrante apresentou a ideia da rela\u00e7\u00e3o como um vaso. De acordo com o psic\u00f3logo, essa analogia evoca os mist\u00e9rios mundanos que ultrapassam os indiv\u00edduos, como a quest\u00e3o da morte. \"Esse conceito de rela\u00e7\u00e3o universaliza os desafios do afeto. Em todos os povos e em todas as culturas ao longo da hist\u00f3ria, percebemos rela\u00e7\u00f5es que se configuram com assimetria, mas tamb\u00e9m rela\u00e7\u00f5es que revelam os desafios da conviv\u00eancia, das trocas que precisam ser estabelecidas.\" Rela\u00e7\u00e3o seria, portanto, o direito \u00e0 amplia\u00e7\u00e3o da personalidade, \u00e0 autorrealiza\u00e7\u00e3o, ao acolhimento de si e do outro, haja vista que a individua\u00e7\u00e3o guarda dores e desafios.\r\n\r\nConforme Cristiano Costa, \"toda rela\u00e7\u00e3o faz emergir aquilo que est\u00e1 oculto em nosso inconsciente\". Isso explica a necessidade e a import\u00e2ncia de nos darmos conta dos \"monstros que nos habitam\": \"\u00c9 preciso ter coragem para falar sobre aquilo que nos assusta, que nos desafia. Para perceber que existem facetas sombrias de nossa personalidade que, em vez de serem devolvidas para fora, precisam ser trazidas para mais perto\". De acordo com o psic\u00f3logo, vem da\u00ed a linha de racioc\u00ednio que nos leva a pensar sobre como pessoas pr\u00f3ximas, conhecidas, podem ser capazes de monstruosidades. Por fim, segundo Costa, a pr\u00e1tica da viol\u00eancia se relaciona com experi\u00eancias de humilha\u00e7\u00e3o. Nesse sentido, idealiza\u00e7\u00f5es e proje\u00e7\u00f5es do homem seriam respons\u00e1veis por originar os padr\u00f5es de assimetria, submiss\u00e3o, domina\u00e7\u00e3o e agress\u00e3o.\r\n\r\nAcesse <a href=\"https:\/\/www.youtube.com\/watch?v=KwE3p70ipiE\">bit.ly\/CristianoCosta<\/a> e confira a palestra completa!","_links":{"self":[{"href":"https:\/\/sinprofaz.org.br\/2024\/wp-json\/wp\/v2\/posts\/13657"}],"collection":[{"href":"https:\/\/sinprofaz.org.br\/2024\/wp-json\/wp\/v2\/posts"}],"about":[{"href":"https:\/\/sinprofaz.org.br\/2024\/wp-json\/wp\/v2\/types\/post"}],"author":[{"embeddable":true,"href":"https:\/\/sinprofaz.org.br\/2024\/wp-json\/wp\/v2\/users\/2"}],"replies":[{"embeddable":true,"href":"https:\/\/sinprofaz.org.br\/2024\/wp-json\/wp\/v2\/comments?post=13657"}],"version-history":[{"count":1,"href":"https:\/\/sinprofaz.org.br\/2024\/wp-json\/wp\/v2\/posts\/13657\/revisions"}],"predecessor-version":[{"id":13659,"href":"https:\/\/sinprofaz.org.br\/2024\/wp-json\/wp\/v2\/posts\/13657\/revisions\/13659"}],"wp:featuredmedia":[{"embeddable":true,"href":"https:\/\/sinprofaz.org.br\/2024\/wp-json\/wp\/v2\/media\/13658"}],"wp:attachment":[{"href":"https:\/\/sinprofaz.org.br\/2024\/wp-json\/wp\/v2\/media?parent=13657"}],"wp:term":[{"taxonomy":"category","embeddable":true,"href":"https:\/\/sinprofaz.org.br\/2024\/wp-json\/wp\/v2\/categories?post=13657"},{"taxonomy":"post_tag","embeddable":true,"href":"https:\/\/sinprofaz.org.br\/2024\/wp-json\/wp\/v2\/tags?post=13657"}],"curies":[{"name":"wp","href":"https:\/\/api.w.org\/{rel}","templated":true}]}}