{"id":13646,"date":"2021-08-06T08:30:31","date_gmt":"2021-08-06T11:30:31","guid":{"rendered":"http:\/\/www.sinprofaz.org.br\/?p=13646"},"modified":"2021-08-09T09:08:44","modified_gmt":"2021-08-09T12:08:44","slug":"sinprofaz-congratula-novo-advogado-geral-da-uniao","status":"publish","type":"post","link":"https:\/\/sinprofaz.org.br\/2024\/noticias\/sinprofaz-congratula-novo-advogado-geral-da-uniao\/","title":{"rendered":"SINPROFAZ CONGRATULA NOVO ADVOGADO-GERAL DA UNI\u00c3O"},"content":{"rendered":"<p>Tendo em vista a nomea\u00e7\u00e3o do Procurador Bruno Bianco para o cargo de Advogado-Geral da Uni\u00e3o, o Sindicato Nacional dos Procuradores da Fazenda Nacional &#8211; SINPROFAZ deseja ao novo AGU uma prof\u00edcua gest\u00e3o.<\/p>\n<p>O SINPROFAZ se coloca \u00e0 disposi\u00e7\u00e3o para o di\u00e1logo cont\u00ednuo e para o debate a respeito dos temas caros \u00e0 Institui\u00e7\u00e3o, de modo a dar continuidade ao trabalho de fortalecimento e progresso da Advocacia-Geral da Uni\u00e3o.<\/p>\n","protected":false},"excerpt":{"rendered":"<p>Tendo em vista a nomea\u00e7\u00e3o do Procurador Bruno Bianco para o cargo de Advogado-Geral da Uni\u00e3o, o Sindicato Nacional dos Procuradores da Fazenda Nacional \u2013 SINPROFAZ deseja ao novo AGU uma prof\u00edcua gest\u00e3o. O SINPROFAZ se coloca \u00e0 disposi\u00e7\u00e3o para o di\u00e1logo cont\u00ednuo.<\/p>\n","protected":false},"author":2,"featured_media":11737,"comment_status":"open","ping_status":"open","sticky":false,"template":"","format":"standard","meta":{"footnotes":""},"categories":[8],"tags":[43,146,25],"featured_image_url":"https:\/\/sinprofaz.org.br\/2024\/wp-content\/uploads\/2020\/07\/logo-sinprofaz-1.png","character_count":220,"formatted_date":"06\/08\/2021 - 08:30","contentNovo":"Tendo em vista a nomea\u00e7\u00e3o do Procurador Bruno Bianco para o cargo de Advogado-Geral da Uni\u00e3o, o Sindicato Nacional dos Procuradores da Fazenda Nacional - SINPROFAZ deseja ao novo AGU uma prof\u00edcua gest\u00e3o.\r\n\r\nO SINPROFAZ se coloca \u00e0 disposi\u00e7\u00e3o para o di\u00e1logo cont\u00ednuo e para o debate a respeito dos temas caros \u00e0 Institui\u00e7\u00e3o, de modo a dar continuidade ao trabalho de fortalecimento e progresso da Advocacia-Geral da Uni\u00e3o.","_links":{"self":[{"href":"https:\/\/sinprofaz.org.br\/2024\/wp-json\/wp\/v2\/posts\/13646"}],"collection":[{"href":"https:\/\/sinprofaz.org.br\/2024\/wp-json\/wp\/v2\/posts"}],"about":[{"href":"https:\/\/sinprofaz.org.br\/2024\/wp-json\/wp\/v2\/types\/post"}],"author":[{"embeddable":true,"href":"https:\/\/sinprofaz.org.br\/2024\/wp-json\/wp\/v2\/users\/2"}],"replies":[{"embeddable":true,"href":"https:\/\/sinprofaz.org.br\/2024\/wp-json\/wp\/v2\/comments?post=13646"}],"version-history":[{"count":2,"href":"https:\/\/sinprofaz.org.br\/2024\/wp-json\/wp\/v2\/posts\/13646\/revisions"}],"predecessor-version":[{"id":13651,"href":"https:\/\/sinprofaz.org.br\/2024\/wp-json\/wp\/v2\/posts\/13646\/revisions\/13651"}],"wp:featuredmedia":[{"embeddable":true,"href":"https:\/\/sinprofaz.org.br\/2024\/wp-json\/wp\/v2\/media\/11737"}],"wp:attachment":[{"href":"https:\/\/sinprofaz.org.br\/2024\/wp-json\/wp\/v2\/media?parent=13646"}],"wp:term":[{"taxonomy":"category","embeddable":true,"href":"https:\/\/sinprofaz.org.br\/2024\/wp-json\/wp\/v2\/categories?post=13646"},{"taxonomy":"post_tag","embeddable":true,"href":"https:\/\/sinprofaz.org.br\/2024\/wp-json\/wp\/v2\/tags?post=13646"}],"curies":[{"name":"wp","href":"https:\/\/api.w.org\/{rel}","templated":true}]}}