{"id":13632,"date":"2021-08-04T08:28:03","date_gmt":"2021-08-04T11:28:03","guid":{"rendered":"http:\/\/www.sinprofaz.org.br\/?p=13632"},"modified":"2021-08-04T08:28:03","modified_gmt":"2021-08-04T11:28:03","slug":"revista-forum-de-direito-tributario-esta-aberta-para-artigos-de-autoria-da-carreira","status":"publish","type":"post","link":"https:\/\/sinprofaz.org.br\/2024\/noticias\/revista-forum-de-direito-tributario-esta-aberta-para-artigos-de-autoria-da-carreira\/","title":{"rendered":"REVISTA F\u00d3RUM DE DIREITO TRIBUT\u00c1RIO EST\u00c1 ABERTA PARA ARTIGOS DE AUTORIA DA CARREIRA"},"content":{"rendered":"<p>A Revista F\u00f3rum de Direito Tribut\u00e1rio &#8211; RFDT \u00e9 um peri\u00f3dico especializado na legisla\u00e7\u00e3o tribut\u00e1ria. Apresenta artigos, pareceres e decis\u00f5es sobre as normas e princ\u00edpios que regem a administra\u00e7\u00e3o, a arrecada\u00e7\u00e3o, a regulamenta\u00e7\u00e3o e a fiscaliza\u00e7\u00e3o de tributos. Os temas s\u00e3o abordados nas se\u00e7\u00f5es &#8220;Doutrina&#8221;, dividida em artigos e pareceres, e &#8220;Jurisprud\u00eancia Selecionada&#8221;, com ac\u00f3rd\u00e3os e tend\u00eancias jurisprudenciais.<\/p>\n<p>O filiado Oswaldo Othon de Pontes Saraiva Filho \u00e9 fundador do peri\u00f3dico e diretor cient\u00edfico da publica\u00e7\u00e3o, al\u00e9m de membro do Conselho Editorial da Editora F\u00f3rum. Ex-consultor da Uni\u00e3o (1996 a 2019), Othon Saraiva Filho colocou a Revista \u00e0 disposi\u00e7\u00e3o dos Colegas para a publica\u00e7\u00e3o de artigos pertinentes ao Direito Tribut\u00e1rio. As procuradoras e os procuradores da Fazenda Nacional interessados devem entrar em contato pelo e-mail othonsaraiva.filho@gmail.com.<\/p>\n<p>A Revista F\u00f3rum de Direito Tribut\u00e1rio &#8211; RFDT guarda conte\u00fado de interesse da Advocacia P\u00fablica e Privada, com artigos e pareceres de autoria de renomados tributaristas nacionais e internacionais. \u00c9 um canal efetivo para a divulga\u00e7\u00e3o das teses favor\u00e1veis \u00e0 Fazenda Nacional em mat\u00e9ria fiscal. Para saber mais, acesse: <a href=\"https:\/\/loja.editoraforum.com.br\/revista-forum-de-direito-tributario-rfdt?search=REVISTA%20F%C3%93RUM%20DE%20DIREITO%20TRIBUT%C3%81RIO\">bit.ly\/2EoOGeF<\/a><\/p>\n<p>Confira o Sum\u00e1rio da mais recente edi\u00e7\u00e3o da RFDT: <a href=\"https:\/\/www.sinprofaz.org.br\/pdfs\/rfdt111.pdf\">sinprofaz.org.br\/pdfs\/rfdt111.pdf<\/a><\/p>\n\n\t\t<style type=\"text\/css\">\n\t\t\t#gallery-1 {\n\t\t\t\tmargin: auto;\n\t\t\t}\n\t\t\t#gallery-1 .gallery-item {\n\t\t\t\tfloat: left;\n\t\t\t\tmargin-top: 10px;\n\t\t\t\ttext-align: center;\n\t\t\t\twidth: 33%;\n\t\t\t}\n\t\t\t#gallery-1 img {\n\t\t\t\tborder: 2px solid #cfcfcf;\n\t\t\t}\n\t\t\t#gallery-1 .gallery-caption {\n\t\t\t\tmargin-left: 0;\n\t\t\t}\n\t\t\t\/* see gallery_shortcode() in wp-includes\/media.php *\/\n\t\t<\/style>\n\t\t<div id='gallery-1' class='gallery galleryid-13632 gallery-columns-3 gallery-size-thumbnail'><dl class='gallery-item'>\n\t\t\t<dt class='gallery-icon landscape'>\n\t\t\t\t<a href='https:\/\/sinprofaz.org.br\/2024\/wp-content\/uploads\/2021\/08\/Dr.-Othon-interno.jpg'><img loading=\"lazy\" decoding=\"async\" width=\"150\" height=\"150\" src=\"https:\/\/sinprofaz.org.br\/2024\/wp-content\/uploads\/2021\/08\/Dr.-Othon-interno-150x150.jpg\" class=\"attachment-thumbnail size-thumbnail\" alt=\"\" \/><\/a>\n\t\t\t<\/dt><\/dl>\n\t\t\t<br style='clear: both' \/>\n\t\t<\/div>\n\n","protected":false},"excerpt":{"rendered":"<p>A Revista F\u00f3rum de Direito Tribut\u00e1rio \u00e9 especializada na legisla\u00e7\u00e3o tribut\u00e1ria. Apresenta artigos, pareceres e decis\u00f5es sobre as normas e princ\u00edpios que regem a administra\u00e7\u00e3o, a arrecada\u00e7\u00e3o, a regulamenta\u00e7\u00e3o e a fiscaliza\u00e7\u00e3o de tributos.<\/p>\n","protected":false},"author":2,"featured_media":13634,"comment_status":"open","ping_status":"open","sticky":false,"template":"","format":"standard","meta":{"footnotes":""},"categories":[8],"tags":[174,32,146,25],"featured_image_url":"https:\/\/sinprofaz.org.br\/2024\/wp-content\/uploads\/2021\/08\/RFDT.jpg","character_count":866,"formatted_date":"04\/08\/2021 - 08:28","contentNovo":"A Revista F\u00f3rum de Direito Tribut\u00e1rio - RFDT \u00e9 um peri\u00f3dico especializado na legisla\u00e7\u00e3o tribut\u00e1ria. Apresenta artigos, pareceres e decis\u00f5es sobre as normas e princ\u00edpios que regem a administra\u00e7\u00e3o, a arrecada\u00e7\u00e3o, a regulamenta\u00e7\u00e3o e a fiscaliza\u00e7\u00e3o de tributos. Os temas s\u00e3o abordados nas se\u00e7\u00f5es \"Doutrina\", dividida em artigos e pareceres, e \"Jurisprud\u00eancia Selecionada\", com ac\u00f3rd\u00e3os e tend\u00eancias jurisprudenciais.\r\n\r\nO filiado Oswaldo Othon de Pontes Saraiva Filho \u00e9 fundador do peri\u00f3dico e diretor cient\u00edfico da publica\u00e7\u00e3o, al\u00e9m de membro do Conselho Editorial da Editora F\u00f3rum. Ex-consultor da Uni\u00e3o (1996 a 2019), Othon Saraiva Filho colocou a Revista \u00e0 disposi\u00e7\u00e3o dos Colegas para a publica\u00e7\u00e3o de artigos pertinentes ao Direito Tribut\u00e1rio. As procuradoras e os procuradores da Fazenda Nacional interessados devem entrar em contato pelo e-mail othonsaraiva.filho@gmail.com.\r\n\r\nA Revista F\u00f3rum de Direito Tribut\u00e1rio - RFDT guarda conte\u00fado de interesse da Advocacia P\u00fablica e Privada, com artigos e pareceres de autoria de renomados tributaristas nacionais e internacionais. \u00c9 um canal efetivo para a divulga\u00e7\u00e3o das teses favor\u00e1veis \u00e0 Fazenda Nacional em mat\u00e9ria fiscal. Para saber mais, acesse: <a href=\"https:\/\/loja.editoraforum.com.br\/revista-forum-de-direito-tributario-rfdt?search=REVISTA%20F%C3%93RUM%20DE%20DIREITO%20TRIBUT%C3%81RIO\">bit.ly\/2EoOGeF<\/a>\r\n\r\nConfira o Sum\u00e1rio da mais recente edi\u00e7\u00e3o da RFDT: <a href=\"https:\/\/www.sinprofaz.org.br\/pdfs\/rfdt111.pdf\">sinprofaz.org.br\/pdfs\/rfdt111.pdf<\/a>\r\n\r\n[gallery link=\"file\" ids=\"13633\"]","_links":{"self":[{"href":"https:\/\/sinprofaz.org.br\/2024\/wp-json\/wp\/v2\/posts\/13632"}],"collection":[{"href":"https:\/\/sinprofaz.org.br\/2024\/wp-json\/wp\/v2\/posts"}],"about":[{"href":"https:\/\/sinprofaz.org.br\/2024\/wp-json\/wp\/v2\/types\/post"}],"author":[{"embeddable":true,"href":"https:\/\/sinprofaz.org.br\/2024\/wp-json\/wp\/v2\/users\/2"}],"replies":[{"embeddable":true,"href":"https:\/\/sinprofaz.org.br\/2024\/wp-json\/wp\/v2\/comments?post=13632"}],"version-history":[{"count":1,"href":"https:\/\/sinprofaz.org.br\/2024\/wp-json\/wp\/v2\/posts\/13632\/revisions"}],"predecessor-version":[{"id":13635,"href":"https:\/\/sinprofaz.org.br\/2024\/wp-json\/wp\/v2\/posts\/13632\/revisions\/13635"}],"wp:featuredmedia":[{"embeddable":true,"href":"https:\/\/sinprofaz.org.br\/2024\/wp-json\/wp\/v2\/media\/13634"}],"wp:attachment":[{"href":"https:\/\/sinprofaz.org.br\/2024\/wp-json\/wp\/v2\/media?parent=13632"}],"wp:term":[{"taxonomy":"category","embeddable":true,"href":"https:\/\/sinprofaz.org.br\/2024\/wp-json\/wp\/v2\/categories?post=13632"},{"taxonomy":"post_tag","embeddable":true,"href":"https:\/\/sinprofaz.org.br\/2024\/wp-json\/wp\/v2\/tags?post=13632"}],"curies":[{"name":"wp","href":"https:\/\/api.w.org\/{rel}","templated":true}]}}