{"id":1363,"date":"2013-06-21T14:24:48","date_gmt":"2013-06-21T14:24:48","guid":{"rendered":""},"modified":"-0001-11-30T00:00:00","modified_gmt":"-0001-11-30T03:00:00","slug":"lancamento-processo-de-mandado-de-seguranca","status":"publish","type":"post","link":"https:\/\/sinprofaz.org.br\/2024\/noticias\/lancamento-processo-de-mandado-de-seguranca\/","title":{"rendered":"Lan\u00e7amento: Processo de Mandado de Seguran\u00e7a"},"content":{"rendered":"<p><img loading=\"lazy\" decoding=\"async\" style=\"margin-right: 10px; border: 1px solid #000000; float: left;\" alt=\"livro-mandado-seguranca-2013-convite-lancamento\" src=\"images\/noticias\/livro-mandado-seguranca\/livro-mandado-seguranca-2013-convite-lancamento.jpg\" height=\"154\" width=\"218\" \/>Este \u00e9 o t\u00edtulo de livro de autoria do PFN Ronaldo Campos e Silva. A obra ser\u00e1 lan\u00e7ada em 4 de julho no Sal\u00e3o Nobre no Pal\u00e1cio do Minist\u00e9rio da Fazenda no Rio de Janeiro.<\/p>\n<p>O livro, lan\u00e7ado pela Editora Impetus, alia profundidade acad\u00eamica e praticidade, sendo \u00fatil tanto para aquele que deseja realizar estudos aprofundados sobre o tema, como para quem deseja se preparar para os diversos concursos p\u00fablicos na \u00e1rea jur\u00eddica.<\/p>\n<p>De autoria do Procurador da Fazenda lotado na PRFN2, Ronaldo Campos e Silva, a publica\u00e7\u00e3o \u00e9 fruto de vasta pesquisa realizada pelo autor no \u00e2mbito do programa de p\u00f3s-gradua\u00e7\u00e3o stricto sensu da UERJ. Oferece ainda um anexo com quadro comparativo das quatro principais leis que regeram o mandado de seguran\u00e7a durante toda a sua hist\u00f3ria.<\/p>\n<p>O lan\u00e7amento ocorrer\u00e1 das 17h \u00e0s 20h no pr\u00f3ximo dia 4 de julho.<\/p>\n","protected":false},"excerpt":{"rendered":"<p>Este \u00e9 o t\u00edtulo de livro de autoria do PFN Ronaldo Campos e Silva. A obra ser\u00e1 lan\u00e7ada em 4 de julho no Sal\u00e3o Nobre no Pal\u00e1cio do Minist\u00e9rio da Fazenda no Rio de Janeiro.<\/p>\n","protected":false},"author":1,"featured_media":0,"comment_status":"closed","ping_status":"open","sticky":false,"template":"","format":"standard","meta":{"footnotes":""},"categories":[8],"tags":[],"featured_image_url":"https:\/\/dummyimage.com\/720x400","character_count":426,"formatted_date":"21\/06\/2013 - 14:24","contentNovo":"\r\n<p>Este \u00e9 o t\u00edtulo de livro de autoria do PFN Ronaldo Campos e Silva. A obra ser\u00e1 lan\u00e7ada em 4 de julho no Sal\u00e3o Nobre no Pal\u00e1cio do Minist\u00e9rio da Fazenda no Rio de Janeiro.<\/p>\r\n<p>O livro, lan\u00e7ado pela Editora Impetus, alia profundidade acad\u00eamica e praticidade, sendo \u00fatil tanto para aquele que deseja realizar estudos aprofundados sobre o tema, como para quem deseja se preparar para os diversos concursos p\u00fablicos na \u00e1rea jur\u00eddica.<\/p>\r\n<p>De autoria do Procurador da Fazenda lotado na PRFN2, Ronaldo Campos e Silva, a publica\u00e7\u00e3o \u00e9 fruto de vasta pesquisa realizada pelo autor no \u00e2mbito do programa de p\u00f3s-gradua\u00e7\u00e3o stricto sensu da UERJ. Oferece ainda um anexo com quadro comparativo das quatro principais leis que regeram o mandado de seguran\u00e7a durante toda a sua hist\u00f3ria.<\/p>\r\n<p>O lan\u00e7amento ocorrer\u00e1 das 17h \u00e0s 20h no pr\u00f3ximo dia 4 de julho.<\/p>","_links":{"self":[{"href":"https:\/\/sinprofaz.org.br\/2024\/wp-json\/wp\/v2\/posts\/1363"}],"collection":[{"href":"https:\/\/sinprofaz.org.br\/2024\/wp-json\/wp\/v2\/posts"}],"about":[{"href":"https:\/\/sinprofaz.org.br\/2024\/wp-json\/wp\/v2\/types\/post"}],"author":[{"embeddable":true,"href":"https:\/\/sinprofaz.org.br\/2024\/wp-json\/wp\/v2\/users\/1"}],"replies":[{"embeddable":true,"href":"https:\/\/sinprofaz.org.br\/2024\/wp-json\/wp\/v2\/comments?post=1363"}],"version-history":[{"count":0,"href":"https:\/\/sinprofaz.org.br\/2024\/wp-json\/wp\/v2\/posts\/1363\/revisions"}],"wp:attachment":[{"href":"https:\/\/sinprofaz.org.br\/2024\/wp-json\/wp\/v2\/media?parent=1363"}],"wp:term":[{"taxonomy":"category","embeddable":true,"href":"https:\/\/sinprofaz.org.br\/2024\/wp-json\/wp\/v2\/categories?post=1363"},{"taxonomy":"post_tag","embeddable":true,"href":"https:\/\/sinprofaz.org.br\/2024\/wp-json\/wp\/v2\/tags?post=1363"}],"curies":[{"name":"wp","href":"https:\/\/api.w.org\/{rel}","templated":true}]}}