{"id":13625,"date":"2021-08-05T09:10:13","date_gmt":"2021-08-05T12:10:13","guid":{"rendered":"http:\/\/www.sinprofaz.org.br\/?p=13625"},"modified":"2021-08-05T09:09:19","modified_gmt":"2021-08-05T12:09:19","slug":"sinprofaz-ingressa-com-novas-acoes-judiciais-em-defesa-dos-filiados","status":"publish","type":"post","link":"https:\/\/sinprofaz.org.br\/2024\/noticias\/sinprofaz-ingressa-com-novas-acoes-judiciais-em-defesa-dos-filiados\/","title":{"rendered":"SINPROFAZ INGRESSA COM NOVAS A\u00c7\u00d5ES JUDICIAIS EM DEFESA DOS FILIADOS"},"content":{"rendered":"<p>O Sindicato Nacional dos Procuradores da Fazenda Nacional &#8211; SINPROFAZ, com o patroc\u00ednio do escrit\u00f3rio Wagner Advogados Associados, ingressou com cinco (5) novas a\u00e7\u00f5es coletivas em nome de filiadas e filiados. As referidas a\u00e7\u00f5es versam sobre:<\/p>\n<p>&#8211; Corre\u00e7\u00e3o monet\u00e1ria de valores pagos em atraso administrativamente (Proc. 1045128-11.2021.4.01.3400, 16\u00aa Vara Federal do DF)<\/p>\n<p>&#8211; Incid\u00eancia do teto remunerat\u00f3rio em separado sobre remunera\u00e7\u00f5es\/proventos de aposentadoria (Proc. 1045135-03.2021.4.01.3400, 20\u00aa Vara Federal do DF)<\/p>\n<p>&#8211; Indeniza\u00e7\u00e3o por f\u00e9rias n\u00e3o gozadas em raz\u00e3o de aposentadoria volunt\u00e1ria ou invalidez (Proc. 1045123-86.2021.4.01.3400, 16\u00aa Vara Federal do DF)<\/p>\n<p>&#8211; Reajuste dos proventos dos aposentados pelos \u00edndices do RGPS (Proc. 1045142-92.2021.4.01.3400, 13\u00aa Vara Federal do DF)<\/p>\n<p>&#8211; Verbas vencimentais de exerc\u00edcios anteriores &#8211; N\u00e3o pagamento por falta de recursos (Proc. 1045113-42.2021.4.01.3400, 1\u00aa Vara Federal do DF)<\/p>\n<p>Para consultar o andamento das demandas judiciais, filiadas e filiados devem enviar e-mail para <a href=\"falecomjuridico@sinprofaz.org.br\">falecomjuridico@sinprofaz.org.br<\/a>. A equipe Wagner Advogados Associados tem o prazo de quinze (15) dias \u00fateis para responder \u00e0s solicita\u00e7\u00f5es. A Diretoria Jur\u00eddica do SINPROFAZ est\u00e1 \u00e0 inteira disposi\u00e7\u00e3o da Carreira!<\/p>\n","protected":false},"excerpt":{"rendered":"<p>O Sindicato Nacional dos Procuradores da Fazenda Nacional, com o patroc\u00ednio do escrit\u00f3rio Wagner Advogados Associados, ingressou com cinco (5) novas a\u00e7\u00f5es coletivas em nome de filiadas e filiados. As referidas a\u00e7\u00f5es versam sobre diferentes assuntos. Confira!<\/p>\n","protected":false},"author":2,"featured_media":11737,"comment_status":"open","ping_status":"open","sticky":false,"template":"","format":"standard","meta":{"footnotes":""},"categories":[8],"tags":[32,26,146,25],"featured_image_url":"https:\/\/sinprofaz.org.br\/2024\/wp-content\/uploads\/2020\/07\/logo-sinprofaz-1.png","character_count":658,"formatted_date":"05\/08\/2021 - 09:10","contentNovo":"O Sindicato Nacional dos Procuradores da Fazenda Nacional - SINPROFAZ, com o patroc\u00ednio do escrit\u00f3rio Wagner Advogados Associados, ingressou com cinco (5) novas a\u00e7\u00f5es coletivas em nome de filiadas e filiados. As referidas a\u00e7\u00f5es versam sobre:\r\n\r\n- Corre\u00e7\u00e3o monet\u00e1ria de valores pagos em atraso administrativamente (Proc. 1045128-11.2021.4.01.3400, 16\u00aa Vara Federal do DF)\r\n\r\n- Incid\u00eancia do teto remunerat\u00f3rio em separado sobre remunera\u00e7\u00f5es\/proventos de aposentadoria (Proc. 1045135-03.2021.4.01.3400, 20\u00aa Vara Federal do DF)\r\n\r\n- Indeniza\u00e7\u00e3o por f\u00e9rias n\u00e3o gozadas em raz\u00e3o de aposentadoria volunt\u00e1ria ou invalidez (Proc. 1045123-86.2021.4.01.3400, 16\u00aa Vara Federal do DF)\r\n\r\n- Reajuste dos proventos dos aposentados pelos \u00edndices do RGPS (Proc. 1045142-92.2021.4.01.3400, 13\u00aa Vara Federal do DF)\r\n\r\n- Verbas vencimentais de exerc\u00edcios anteriores - N\u00e3o pagamento por falta de recursos (Proc. 1045113-42.2021.4.01.3400, 1\u00aa Vara Federal do DF)\r\n\r\nPara consultar o andamento das demandas judiciais, filiadas e filiados devem enviar e-mail para <a href=\"falecomjuridico@sinprofaz.org.br\">falecomjuridico@sinprofaz.org.br<\/a>. A equipe Wagner Advogados Associados tem o prazo de quinze (15) dias \u00fateis para responder \u00e0s solicita\u00e7\u00f5es. A Diretoria Jur\u00eddica do SINPROFAZ est\u00e1 \u00e0 inteira disposi\u00e7\u00e3o da Carreira!","_links":{"self":[{"href":"https:\/\/sinprofaz.org.br\/2024\/wp-json\/wp\/v2\/posts\/13625"}],"collection":[{"href":"https:\/\/sinprofaz.org.br\/2024\/wp-json\/wp\/v2\/posts"}],"about":[{"href":"https:\/\/sinprofaz.org.br\/2024\/wp-json\/wp\/v2\/types\/post"}],"author":[{"embeddable":true,"href":"https:\/\/sinprofaz.org.br\/2024\/wp-json\/wp\/v2\/users\/2"}],"replies":[{"embeddable":true,"href":"https:\/\/sinprofaz.org.br\/2024\/wp-json\/wp\/v2\/comments?post=13625"}],"version-history":[{"count":1,"href":"https:\/\/sinprofaz.org.br\/2024\/wp-json\/wp\/v2\/posts\/13625\/revisions"}],"predecessor-version":[{"id":13626,"href":"https:\/\/sinprofaz.org.br\/2024\/wp-json\/wp\/v2\/posts\/13625\/revisions\/13626"}],"wp:featuredmedia":[{"embeddable":true,"href":"https:\/\/sinprofaz.org.br\/2024\/wp-json\/wp\/v2\/media\/11737"}],"wp:attachment":[{"href":"https:\/\/sinprofaz.org.br\/2024\/wp-json\/wp\/v2\/media?parent=13625"}],"wp:term":[{"taxonomy":"category","embeddable":true,"href":"https:\/\/sinprofaz.org.br\/2024\/wp-json\/wp\/v2\/categories?post=13625"},{"taxonomy":"post_tag","embeddable":true,"href":"https:\/\/sinprofaz.org.br\/2024\/wp-json\/wp\/v2\/tags?post=13625"}],"curies":[{"name":"wp","href":"https:\/\/api.w.org\/{rel}","templated":true}]}}