{"id":13591,"date":"2021-07-28T17:52:12","date_gmt":"2021-07-28T20:52:12","guid":{"rendered":"http:\/\/www.sinprofaz.org.br\/?p=13591"},"modified":"2021-07-29T10:21:32","modified_gmt":"2021-07-29T13:21:32","slug":"fonacate-promove-evento-sobre-gestao-de-desempenho-no-setor-publico-assista","status":"publish","type":"post","link":"https:\/\/sinprofaz.org.br\/2024\/noticias\/fonacate-promove-evento-sobre-gestao-de-desempenho-no-setor-publico-assista\/","title":{"rendered":"FONACATE PROMOVE EVENTO SOBRE GEST\u00c3O DE DESEMPENHO NO SETOR P\u00daBLICO. ASSISTA!"},"content":{"rendered":"<p>O F\u00f3rum Nacional Permanente de Carreiras T\u00edpicas de Estado &#8211; Fonacate realiza na sexta-feira (30) o Semin\u00e1rio Gest\u00e3o de Desempenho no Setor P\u00fablico. Promovido em parceria com o Movimento Pessoas \u00e0 Frente, o evento ter\u00e1 in\u00edcio \u00e0s 9h, com transmiss\u00e3o pelo <a href=\"https:\/\/www.youtube.com\/watch?v=hChAULqlXeQ\">canal do Fonacate no YouTube<\/a> e pelo Facebook do SINPROFAZ. A Programa\u00e7\u00e3o j\u00e1 conta com a participa\u00e7\u00e3o confirmada de diversos especialistas e parlamentares.<\/p>\n<p>O Semin\u00e1rio tem por objetivos promover o debate sobre os mecanismos de gest\u00e3o de desempenho no setor p\u00fablico e sobre os caminhos para a ampla implementa\u00e7\u00e3o dos procedimentos no Brasil. O evento tamb\u00e9m prop\u00f5e sensibilizar parlamentares para a import\u00e2ncia da an\u00e1lise do tema &#8220;gest\u00e3o de desempenho&#8221; \u00e0 luz das melhores pr\u00e1ticas nacionais e internacionais. Espera-se, com o debate, engajar lideran\u00e7as pol\u00edticas e servidores p\u00fablicos na busca por ambientes organizacionais que permitam o desenvolvimento de todos os seus integrantes.<\/p>\n<p>Segundo o presidente do Fonacate, Rudinei Marques, &#8220;com a PEC 32 tramitando na C\u00e2mara, muitos parlamentares v\u00eam abordando a quest\u00e3o da avalia\u00e7\u00e3o de desempenho no setor p\u00fablico. Eles, no entanto, ignoram que o assunto n\u00e3o \u00e9 tratado em nenhum dispositivo da proposta de emenda \u00e0 Constitui\u00e7\u00e3o. Vamos nos adiantar e elaborar, em articula\u00e7\u00e3o com entidades parceiras, um projeto de lei consistente sobre gest\u00e3o de desempenho, a partir das experi\u00eancias em diversos \u00f3rg\u00e3os da Administra\u00e7\u00e3o P\u00fablica&#8221;.<\/p>\n<p><strong>PROGRAMA\u00c7\u00c3O<\/strong><\/p>\n<p><strong>9h a 9h15 &#8211; Abertura<\/strong><br \/>\nRudinei Marques (Presidente\/FONACATE)<br \/>\nRenata Vilhena (Movimento Pessoas \u00e0 Frente)<\/p>\n<p><strong>9h20 a 10h50 &#8211; Painel 1 &#8211; Gest\u00e3o do desempenho: prop\u00f3sitos e desafios?<\/strong><br \/>\nSenador Antonio Anastasia (PSD\/MG)<br \/>\nHumberto Falc\u00e3o (FDC\/MPAF)<br \/>\nMarizaura Cam\u00f5es (ENAP)<br \/>\nJuarez Freitas (Jurista)<br \/>\nMedia\u00e7\u00e3o: Weber Sutti<\/p>\n<p><strong>11h a 12h10 &#8211; Painel 2 &#8211; Experi\u00eancias e boas pr\u00e1ticas: o que podemos aprender com casos no Brasil?<\/strong><br \/>\nDeputado Federal Arthur Maia (DEM\/BA)<br \/>\nElaine Neiva (Universidade de Bras\u00edlia)<br \/>\nAndr\u00e9a Coelho (Agente Executivo\/CVM)<br \/>\nCristina Kiomi Mori (Insper\/MPAF)<br \/>\nMedia\u00e7\u00e3o: Pedro Pontual<\/p>\n<p><strong>12h20 a 13h30 &#8211; Painel 3 &#8211; Gest\u00e3o do Desempenho: por que focar em lideran\u00e7as?<\/strong><br \/>\nDeputado Federal Tiago Mitraud (NOVO\/MG &#8211; Frente Parlamentar Mista da Reforma Administrativa)<br \/>\nMaria da Penha Barbosa Cruz (Diretora do Departamento de Carreiras e Desenvolvimento de Pessoas &#8211; Minist\u00e9rio da Economia)<br \/>\nMonica Bernardi (FJP)<br \/>\nJos\u00e9 Ricardo de Santana (Superintendente Executivo da Secretaria de Educa\u00e7\u00e3o de Sergipe)<br \/>\nMedia\u00e7\u00e3o: Amanda Moreira<\/p>\n<p><strong>13h30 &#8211; Encerramento<\/strong><\/p>\n<p>Com informa\u00e7\u00f5es de Ascom\/Fonacate<\/p>\n","protected":false},"excerpt":{"rendered":"<p>Promovido em parceria com o Movimento Pessoas \u00e0 Frente, o evento ter\u00e1 in\u00edcio \u00e0s 9h, com transmiss\u00e3o pelo canal do Fonacate no YouTube e pelo Facebook do SINPROFAZ. A Programa\u00e7\u00e3o conta com especialistas e parlamentares.<\/p>\n","protected":false},"author":2,"featured_media":13592,"comment_status":"open","ping_status":"open","sticky":false,"template":"","format":"standard","meta":{"footnotes":""},"categories":[8],"tags":[29,122],"featured_image_url":"https:\/\/sinprofaz.org.br\/2024\/wp-content\/uploads\/2021\/07\/SEMIN\u00c1RIO-DESEMPENHO.jpeg","character_count":1335,"formatted_date":"28\/07\/2021 - 17:52","contentNovo":"O F\u00f3rum Nacional Permanente de Carreiras T\u00edpicas de Estado - Fonacate realiza na sexta-feira (30) o Semin\u00e1rio Gest\u00e3o de Desempenho no Setor P\u00fablico. Promovido em parceria com o Movimento Pessoas \u00e0 Frente, o evento ter\u00e1 in\u00edcio \u00e0s 9h, com transmiss\u00e3o pelo <a href=\"https:\/\/www.youtube.com\/watch?v=hChAULqlXeQ\">canal do Fonacate no YouTube<\/a> e pelo Facebook do SINPROFAZ. A Programa\u00e7\u00e3o j\u00e1 conta com a participa\u00e7\u00e3o confirmada de diversos especialistas e parlamentares.\r\n\r\nO Semin\u00e1rio tem por objetivos promover o debate sobre os mecanismos de gest\u00e3o de desempenho no setor p\u00fablico e sobre os caminhos para a ampla implementa\u00e7\u00e3o dos procedimentos no Brasil. O evento tamb\u00e9m prop\u00f5e sensibilizar parlamentares para a import\u00e2ncia da an\u00e1lise do tema \"gest\u00e3o de desempenho\" \u00e0 luz das melhores pr\u00e1ticas nacionais e internacionais. Espera-se, com o debate, engajar lideran\u00e7as pol\u00edticas e servidores p\u00fablicos na busca por ambientes organizacionais que permitam o desenvolvimento de todos os seus integrantes.\r\n\r\nSegundo o presidente do Fonacate, Rudinei Marques, \"com a PEC 32 tramitando na C\u00e2mara, muitos parlamentares v\u00eam abordando a quest\u00e3o da avalia\u00e7\u00e3o de desempenho no setor p\u00fablico. Eles, no entanto, ignoram que o assunto n\u00e3o \u00e9 tratado em nenhum dispositivo da proposta de emenda \u00e0 Constitui\u00e7\u00e3o. Vamos nos adiantar e elaborar, em articula\u00e7\u00e3o com entidades parceiras, um projeto de lei consistente sobre gest\u00e3o de desempenho, a partir das experi\u00eancias em diversos \u00f3rg\u00e3os da Administra\u00e7\u00e3o P\u00fablica\".\r\n\r\n<strong>PROGRAMA\u00c7\u00c3O<\/strong>\r\n\r\n<strong>9h a 9h15 - Abertura<\/strong>\r\nRudinei Marques (Presidente\/FONACATE)\r\nRenata Vilhena (Movimento Pessoas \u00e0 Frente)\r\n\r\n<strong>9h20 a 10h50 - Painel 1 - Gest\u00e3o do desempenho: prop\u00f3sitos e desafios?<\/strong>\r\nSenador Antonio Anastasia (PSD\/MG)\r\nHumberto Falc\u00e3o (FDC\/MPAF)\r\nMarizaura Cam\u00f5es (ENAP)\r\nJuarez Freitas (Jurista)\r\nMedia\u00e7\u00e3o: Weber Sutti\r\n\r\n<strong>11h a 12h10 - Painel 2 - Experi\u00eancias e boas pr\u00e1ticas: o que podemos aprender com casos no Brasil?<\/strong>\r\nDeputado Federal Arthur Maia (DEM\/BA)\r\nElaine Neiva (Universidade de Bras\u00edlia)\r\nAndr\u00e9a Coelho (Agente Executivo\/CVM)\r\nCristina Kiomi Mori (Insper\/MPAF)\r\nMedia\u00e7\u00e3o: Pedro Pontual\r\n\r\n<strong>12h20 a 13h30 - Painel 3 - Gest\u00e3o do Desempenho: por que focar em lideran\u00e7as?<\/strong>\r\nDeputado Federal Tiago Mitraud (NOVO\/MG - Frente Parlamentar Mista da Reforma Administrativa)\r\nMaria da Penha Barbosa Cruz (Diretora do Departamento de Carreiras e Desenvolvimento de Pessoas - Minist\u00e9rio da Economia)\r\nMonica Bernardi (FJP)\r\nJos\u00e9 Ricardo de Santana (Superintendente Executivo da Secretaria de Educa\u00e7\u00e3o de Sergipe)\r\nMedia\u00e7\u00e3o: Amanda Moreira\r\n\r\n<strong>13h30 - Encerramento<\/strong>\r\n\r\nCom informa\u00e7\u00f5es de Ascom\/Fonacate","_links":{"self":[{"href":"https:\/\/sinprofaz.org.br\/2024\/wp-json\/wp\/v2\/posts\/13591"}],"collection":[{"href":"https:\/\/sinprofaz.org.br\/2024\/wp-json\/wp\/v2\/posts"}],"about":[{"href":"https:\/\/sinprofaz.org.br\/2024\/wp-json\/wp\/v2\/types\/post"}],"author":[{"embeddable":true,"href":"https:\/\/sinprofaz.org.br\/2024\/wp-json\/wp\/v2\/users\/2"}],"replies":[{"embeddable":true,"href":"https:\/\/sinprofaz.org.br\/2024\/wp-json\/wp\/v2\/comments?post=13591"}],"version-history":[{"count":2,"href":"https:\/\/sinprofaz.org.br\/2024\/wp-json\/wp\/v2\/posts\/13591\/revisions"}],"predecessor-version":[{"id":13598,"href":"https:\/\/sinprofaz.org.br\/2024\/wp-json\/wp\/v2\/posts\/13591\/revisions\/13598"}],"wp:featuredmedia":[{"embeddable":true,"href":"https:\/\/sinprofaz.org.br\/2024\/wp-json\/wp\/v2\/media\/13592"}],"wp:attachment":[{"href":"https:\/\/sinprofaz.org.br\/2024\/wp-json\/wp\/v2\/media?parent=13591"}],"wp:term":[{"taxonomy":"category","embeddable":true,"href":"https:\/\/sinprofaz.org.br\/2024\/wp-json\/wp\/v2\/categories?post=13591"},{"taxonomy":"post_tag","embeddable":true,"href":"https:\/\/sinprofaz.org.br\/2024\/wp-json\/wp\/v2\/tags?post=13591"}],"curies":[{"name":"wp","href":"https:\/\/api.w.org\/{rel}","templated":true}]}}