{"id":13545,"date":"2021-07-20T17:30:48","date_gmt":"2021-07-20T20:30:48","guid":{"rendered":"http:\/\/www.sinprofaz.org.br\/?p=13545"},"modified":"2021-07-27T14:41:22","modified_gmt":"2021-07-27T17:41:22","slug":"divulgados-os-nomes-dos-mais-votados-para-a-lista-sextupla-da-advocacia-geral-da-uniao","status":"publish","type":"post","link":"https:\/\/sinprofaz.org.br\/2024\/noticias\/divulgados-os-nomes-dos-mais-votados-para-a-lista-sextupla-da-advocacia-geral-da-uniao\/","title":{"rendered":"DIVULGADOS OS NOMES DOS MAIS VOTADOS PARA A LISTA S\u00caXTUPLA DA ADVOCACIA-GERAL DA UNI\u00c3O"},"content":{"rendered":"<p>O SINPROFAZ torna p\u00fablicos os nomes das Procuradoras e dos Procuradores da Fazenda Nacional que mais votos receberam na primeira fase da Lista S\u00eaxtupla para AGU. S\u00e3o onze (11) nomes, em raz\u00e3o de um empate. Os escolhidos participar\u00e3o da segunda etapa do processo eleitoral, cujos tr\u00eas (3) mais votados compor\u00e3o a Lista S\u00eaxtupla juntamente com tr\u00eas (3) Advogadas ou Advogados da Uni\u00e3o. A Lista \u00e9 uma iniciativa do F\u00f3rum Nacional da Advocacia P\u00fablica Federal, composto por SINPROFAZ, ANAJUR e ANAUNI.<\/p>\n<p>A seguir, as Procuradoras e os Procuradores da Fazenda Nacional escolhidos pela Carreira para liderar a Advocacia-Geral da Uni\u00e3o (em ordem alfab\u00e9tica):<\/p>\n<p><strong>Adriana Gomes de Paula Rocha<\/strong><br \/>\nProcuradora-Geral Adjunta de Consultoria e Estrat\u00e9gia da Representa\u00e7\u00e3o Judicial. Atuou na chefia da PRFN\/1, da PFN\/GO e da PSFN\/An\u00e1polis. P\u00f3s-graduada e Mestranda em Administra\u00e7\u00e3o P\u00fablica (FGV). Integra o Tributos a Elas<\/p>\n<p><strong>Claudia Aparecida de Souza Trindade<\/strong><br \/>\nDoutora em Direito Econ\u00f4mico e Financeiro (USP). Lotada na Coordena\u00e7\u00e3o-Geral de Assuntos Societ\u00e1rios da Uni\u00e3o. Atuou como Coordenadora da Atua\u00e7\u00e3o Judicial da Fazenda Nacional perante o STF. Integra o Tributos a Elas<\/p>\n<p><strong>Claudio Xavier Seefelder Filho<\/strong><br \/>\nAtuou como Secret\u00e1rio-Executivo do Minist\u00e9rio do Desenvolvimento Regional, como Procurador-Geral Adjunto de Consultoria e Contencioso Tribut\u00e1rio e como Procurador-Geral Substituto<\/p>\n<p><strong>Cristiano Neuenschwander Lins de Morais<\/strong><br \/>\nProcurador-Geral Adjunto de Gest\u00e3o da D\u00edvida Ativa da Uni\u00e3o e FGTS. Atou como Coordenador-Geral da D\u00edvida Ativa da Uni\u00e3o e do FGTS e como Subprocurador-Regional na PRFN\/5\u00aa Regi\u00e3o<\/p>\n<p><strong>Daniel de Saboia Xavier<\/strong><br \/>\nAssessor na Procuradoria-Geral Adjunta de Gest\u00e3o da D\u00edvida Ativa da Uni\u00e3o e FGTS. Atuou como Assessor Especial do Ministro da Justi\u00e7a e Seguran\u00e7a P\u00fablica<\/p>\n<p><strong>Fabr\u00edcio Da Soller<\/strong><br \/>\nAdvogado-Geral da Uni\u00e3o Substituto e Secret\u00e1rio-Geral de Consultoria. Atuou como Procurador-Geral da Fazenda Nacional<\/p>\n<p><strong>Her\u00e1clio Mendes de Camargo Neto<\/strong><br \/>\nMestre em Direito pela Universidade de Sheffield &#8211; Inglaterra. Bacharel em Direito pela USP. Atuou como Presidente do Sindicato Nacional dos Procuradores da Fazenda Nacional &#8211; SINPROFAZ<\/p>\n<p><strong>Jos\u00e9 Levi Mello do Amaral J\u00fanior<\/strong><br \/>\nAtuou como Advogado-Geral da Uni\u00e3o, Procurador-Geral da Fazenda Nacional, Secret\u00e1rio-Executivo do Minist\u00e9rio da Justi\u00e7a, Consultor-Geral da Uni\u00e3o, entre outros<\/p>\n<p><strong>Leonardo de Andrade Rezende Alvim<\/strong><br \/>\nAtuou como Procurador-Geral Adjunto de Consultoria Tribut\u00e1ria e Previdenci\u00e1ria, como Coordenador-Geral de Assuntos Tribut\u00e1rios e como Consultor-Jur\u00eddico do Minist\u00e9rio da Previd\u00eancia Social<\/p>\n<p><strong>Ricardo Soriano de Alencar<\/strong><br \/>\nProcurador-Geral da Fazenda Nacional. Atuou como Procurador-Geral Adjunto da Consultoria Administrativa, como Coordenador-Geral Jur\u00eddico na PGFN e como Consultor da Uni\u00e3o na Consultoria-Geral da Uni\u00e3o<\/p>\n<p><strong>Rog\u00e9rio Campos<\/strong><br \/>\nDiretor de Programa de Previd\u00eancia, Trabalho e Assist\u00eancia Social da Secretaria Executiva do Minist\u00e9rio da Economia, onde atuou tamb\u00e9m como Assessor Especial<\/p>\n<p>A Diretoria do F\u00f3rum Nacional da Advocacia P\u00fablica Federal decidiu antecipar a segunda etapa do processo eleitoral. <strong>A nova fase se iniciar\u00e1 \u00e0s 9h da sexta-feira (23), com prazo final previsto para as 18h da segunda-feira (26).<\/strong> Para votar, os PFNs utilizar\u00e3o novamente a plataforma <a href=\"http:\/\/www.listatripliceagu.com.br\/\">www.listatripliceagu.com.br<\/a>. Nesta nova fase, filiadas e filiados ao SINPROFAZ poder\u00e3o indicar at\u00e9 tr\u00eas (3) nomes dentre os onze (11) vencedores da primeira etapa. A Lista S\u00eaxtupla ser\u00e1 conhecida no dia 27 de julho e entregue ao Presidente da Rep\u00fablica pelas entidades do FORVM.<\/p>\n","protected":false},"excerpt":{"rendered":"<p>S\u00e3o onze nomes. Os escolhidos participar\u00e3o da segunda etapa do processo eleitoral, cujos tr\u00eas (3) mais votados compor\u00e3o a Lista S\u00eaxtupla juntamente com tr\u00eas (3) Advogadas ou Advogados da Uni\u00e3o. A vota\u00e7\u00e3o da segunda fase come\u00e7a na sexta. Programe-se!<\/p>\n","protected":false},"author":2,"featured_media":13546,"comment_status":"open","ping_status":"open","sticky":false,"template":"","format":"standard","meta":{"footnotes":""},"categories":[8],"tags":[43,137,146,25],"featured_image_url":"https:\/\/sinprofaz.org.br\/2024\/wp-content\/uploads\/2021\/07\/NOTA-SINPROFAZ.jpg","character_count":1793,"formatted_date":"20\/07\/2021 - 17:30","contentNovo":"O SINPROFAZ torna p\u00fablicos os nomes das Procuradoras e dos Procuradores da Fazenda Nacional que mais votos receberam na primeira fase da Lista S\u00eaxtupla para AGU. S\u00e3o onze (11) nomes, em raz\u00e3o de um empate. Os escolhidos participar\u00e3o da segunda etapa do processo eleitoral, cujos tr\u00eas (3) mais votados compor\u00e3o a Lista S\u00eaxtupla juntamente com tr\u00eas (3) Advogadas ou Advogados da Uni\u00e3o. A Lista \u00e9 uma iniciativa do F\u00f3rum Nacional da Advocacia P\u00fablica Federal, composto por SINPROFAZ, ANAJUR e ANAUNI.\r\n\r\nA seguir, as Procuradoras e os Procuradores da Fazenda Nacional escolhidos pela Carreira para liderar a Advocacia-Geral da Uni\u00e3o (em ordem alfab\u00e9tica):\r\n\r\n<strong>Adriana Gomes de Paula Rocha<\/strong>\r\nProcuradora-Geral Adjunta de Consultoria e Estrat\u00e9gia da Representa\u00e7\u00e3o Judicial. Atuou na chefia da PRFN\/1, da PFN\/GO e da PSFN\/An\u00e1polis. P\u00f3s-graduada e Mestranda em Administra\u00e7\u00e3o P\u00fablica (FGV). Integra o Tributos a Elas\r\n\r\n<strong>Claudia Aparecida de Souza Trindade<\/strong>\r\nDoutora em Direito Econ\u00f4mico e Financeiro (USP). Lotada na Coordena\u00e7\u00e3o-Geral de Assuntos Societ\u00e1rios da Uni\u00e3o. Atuou como Coordenadora da Atua\u00e7\u00e3o Judicial da Fazenda Nacional perante o STF. Integra o Tributos a Elas\r\n\r\n<strong>Claudio Xavier Seefelder Filho<\/strong>\r\nAtuou como Secret\u00e1rio-Executivo do Minist\u00e9rio do Desenvolvimento Regional, como Procurador-Geral Adjunto de Consultoria e Contencioso Tribut\u00e1rio e como Procurador-Geral Substituto\r\n\r\n<strong>Cristiano Neuenschwander Lins de Morais<\/strong>\r\nProcurador-Geral Adjunto de Gest\u00e3o da D\u00edvida Ativa da Uni\u00e3o e FGTS. Atou como Coordenador-Geral da D\u00edvida Ativa da Uni\u00e3o e do FGTS e como Subprocurador-Regional na PRFN\/5\u00aa Regi\u00e3o\r\n\r\n<strong>Daniel de Saboia Xavier<\/strong>\r\nAssessor na Procuradoria-Geral Adjunta de Gest\u00e3o da D\u00edvida Ativa da Uni\u00e3o e FGTS. Atuou como Assessor Especial do Ministro da Justi\u00e7a e Seguran\u00e7a P\u00fablica\r\n\r\n<strong>Fabr\u00edcio Da Soller<\/strong>\r\nAdvogado-Geral da Uni\u00e3o Substituto e Secret\u00e1rio-Geral de Consultoria. Atuou como Procurador-Geral da Fazenda Nacional\r\n\r\n<strong>Her\u00e1clio Mendes de Camargo Neto<\/strong>\r\nMestre em Direito pela Universidade de Sheffield - Inglaterra. Bacharel em Direito pela USP. Atuou como Presidente do Sindicato Nacional dos Procuradores da Fazenda Nacional - SINPROFAZ\r\n\r\n<strong>Jos\u00e9 Levi Mello do Amaral J\u00fanior<\/strong>\r\nAtuou como Advogado-Geral da Uni\u00e3o, Procurador-Geral da Fazenda Nacional, Secret\u00e1rio-Executivo do Minist\u00e9rio da Justi\u00e7a, Consultor-Geral da Uni\u00e3o, entre outros\r\n\r\n<strong>Leonardo de Andrade Rezende Alvim<\/strong>\r\nAtuou como Procurador-Geral Adjunto de Consultoria Tribut\u00e1ria e Previdenci\u00e1ria, como Coordenador-Geral de Assuntos Tribut\u00e1rios e como Consultor-Jur\u00eddico do Minist\u00e9rio da Previd\u00eancia Social\r\n\r\n<strong>Ricardo Soriano de Alencar<\/strong>\r\nProcurador-Geral da Fazenda Nacional. Atuou como Procurador-Geral Adjunto da Consultoria Administrativa, como Coordenador-Geral Jur\u00eddico na PGFN e como Consultor da Uni\u00e3o na Consultoria-Geral da Uni\u00e3o\r\n\r\n<strong>Rog\u00e9rio Campos<\/strong>\r\nDiretor de Programa de Previd\u00eancia, Trabalho e Assist\u00eancia Social da Secretaria Executiva do Minist\u00e9rio da Economia, onde atuou tamb\u00e9m como Assessor Especial\r\n\r\nA Diretoria do F\u00f3rum Nacional da Advocacia P\u00fablica Federal decidiu antecipar a segunda etapa do processo eleitoral. <strong>A nova fase se iniciar\u00e1 \u00e0s 9h da sexta-feira (23), com prazo final previsto para as 18h da segunda-feira (26).<\/strong> Para votar, os PFNs utilizar\u00e3o novamente a plataforma <a href=\"http:\/\/www.listatripliceagu.com.br\/\">www.listatripliceagu.com.br<\/a>. Nesta nova fase, filiadas e filiados ao SINPROFAZ poder\u00e3o indicar at\u00e9 tr\u00eas (3) nomes dentre os onze (11) vencedores da primeira etapa. A Lista S\u00eaxtupla ser\u00e1 conhecida no dia 27 de julho e entregue ao Presidente da Rep\u00fablica pelas entidades do FORVM.","_links":{"self":[{"href":"https:\/\/sinprofaz.org.br\/2024\/wp-json\/wp\/v2\/posts\/13545"}],"collection":[{"href":"https:\/\/sinprofaz.org.br\/2024\/wp-json\/wp\/v2\/posts"}],"about":[{"href":"https:\/\/sinprofaz.org.br\/2024\/wp-json\/wp\/v2\/types\/post"}],"author":[{"embeddable":true,"href":"https:\/\/sinprofaz.org.br\/2024\/wp-json\/wp\/v2\/users\/2"}],"replies":[{"embeddable":true,"href":"https:\/\/sinprofaz.org.br\/2024\/wp-json\/wp\/v2\/comments?post=13545"}],"version-history":[{"count":7,"href":"https:\/\/sinprofaz.org.br\/2024\/wp-json\/wp\/v2\/posts\/13545\/revisions"}],"predecessor-version":[{"id":13585,"href":"https:\/\/sinprofaz.org.br\/2024\/wp-json\/wp\/v2\/posts\/13545\/revisions\/13585"}],"wp:featuredmedia":[{"embeddable":true,"href":"https:\/\/sinprofaz.org.br\/2024\/wp-json\/wp\/v2\/media\/13546"}],"wp:attachment":[{"href":"https:\/\/sinprofaz.org.br\/2024\/wp-json\/wp\/v2\/media?parent=13545"}],"wp:term":[{"taxonomy":"category","embeddable":true,"href":"https:\/\/sinprofaz.org.br\/2024\/wp-json\/wp\/v2\/categories?post=13545"},{"taxonomy":"post_tag","embeddable":true,"href":"https:\/\/sinprofaz.org.br\/2024\/wp-json\/wp\/v2\/tags?post=13545"}],"curies":[{"name":"wp","href":"https:\/\/api.w.org\/{rel}","templated":true}]}}