{"id":1353,"date":"2013-06-10T16:50:44","date_gmt":"2013-06-10T16:50:44","guid":{"rendered":""},"modified":"-0001-11-30T00:00:00","modified_gmt":"-0001-11-30T03:00:00","slug":"parlamentares-opinam-sobre-o-sonegometro","status":"publish","type":"post","link":"https:\/\/sinprofaz.org.br\/2024\/noticias\/parlamentares-opinam-sobre-o-sonegometro\/","title":{"rendered":"Parlamentares opinam sobre o Soneg\u00f4metro"},"content":{"rendered":"<p>No dia do lan\u00e7amento do Soneg\u00f4metro, a TV SINPROFAZ ouviu as impress\u00f5es de alguns deputados sobre a ferramenta que calcula o quanto \u00e9 sonegado no Brasil.<\/p>\n<p>As entrevistas podem ser assistidas no <a href=\"http:\/\/www.youtube.com\/sinprofaz\" target=\"_blank\">canal do Sindicato no YouTube<\/a>. Veja tamb\u00e9m a entrevista com o presidente do Sindicato, Allan Titonelli. Ele refor\u00e7ou a necessidade de o pa\u00eds fortalecer os instrumentos de combate \u00e0 sonega\u00e7\u00e3o, principalmente a PGFN.<\/p>\n<p><iframe loading=\"lazy\" src=\"http:\/\/www.youtube.com\/embed\/WH-CNUzsxKg\" width=\"560\" height=\"315\" allowfullscreen=\"allowfullscreen\" seamless=\"seamless\"><\/iframe><\/p>\n<p><b>&nbsp;<\/b><\/p>\n<p><b>Deputados<\/b><\/p>\n<p>Ao opinar sobre o Soneg\u00f4metro o deputado Chico Alencar (PSol\/RJ) falou sobre a import\u00e2ncia de o Sindicato defender a amplia\u00e7\u00e3o de seus quadros e denunciar as defici\u00eancias na estrutura da PGFN, ao mesmo tempo em que atua para despertar a conscientiza\u00e7\u00e3o tribut\u00e1ria na sociedade e tamb\u00e9m chamar aten\u00e7\u00e3o para a promo\u00e7\u00e3o da justi\u00e7a fiscal:<\/p>\n<p><iframe loading=\"lazy\" src=\"http:\/\/www.youtube.com\/embed\/UaK5kqElXX0\" width=\"560\" height=\"315\" allowfullscreen=\"allowfullscreen\" seamless=\"seamless\"><\/iframe><\/p>\n<p>&nbsp;<\/p>\n<p>Tamb\u00e9m avaliaram positivamente a iniciativa do SINPROFAZ:<\/p>\n<p><a href=\"http:\/\/www.youtube.com\/watch?v=D0LPrASxWtI\" target=\"_blank\">Valdivino de Oliveira (PSDB\/GO)<\/a><br \/> <a href=\"http:\/\/www.youtube.com\/watch?v=w5Tbt3P0G0Y\" target=\"_blank\">Paulo Feij\u00f3 (PR\/RJ)<\/a><br \/> <a href=\"http:\/\/www.youtube.com\/watch?v=qy0__28IWOc\" target=\"_blank\">Eduardo Barbosa (PSDB\/MG)<\/a><br \/> <a href=\"http:\/\/www.youtube.com\/watch?v=rtDw1gZ7-Sw\" target=\"_blank\">Wilson Filho (PMDB\/PB)<\/a><br \/> <a href=\"http:\/\/www.youtube.com\/watch?v=4zK_WkRUN-A\" target=\"_blank\">J\u00falio C\u00e9sar (PMDB\/PI)<\/a><\/p>\n","protected":false},"excerpt":{"rendered":"<p>No dia do lan\u00e7amento do Soneg\u00f4metro, a TV SINPROFAZ ouviu as impress\u00f5es de alguns deputados sobre a ferramenta que calcula o quanto \u00e9 sonegado no Brasil.<\/p>\n","protected":false},"author":1,"featured_media":0,"comment_status":"closed","ping_status":"open","sticky":false,"template":"","format":"standard","meta":{"footnotes":""},"categories":[8],"tags":[],"featured_image_url":"https:\/\/dummyimage.com\/720x400","character_count":490,"formatted_date":"10\/06\/2013 - 16:50","contentNovo":"\r\n<p>No dia do lan\u00e7amento do Soneg\u00f4metro, a TV SINPROFAZ ouviu as impress\u00f5es de alguns deputados sobre a ferramenta que calcula o quanto \u00e9 sonegado no Brasil.<\/p>\r\n<p>As entrevistas podem ser assistidas no <a href=\"http:\/\/www.youtube.com\/sinprofaz\" target=\"_blank\">canal do Sindicato no YouTube<\/a>. Veja tamb\u00e9m a entrevista com o presidente do Sindicato, Allan Titonelli. Ele refor\u00e7ou a necessidade de o pa\u00eds fortalecer os instrumentos de combate \u00e0 sonega\u00e7\u00e3o, principalmente a PGFN.<\/p>\r\n<p><\/p>\r\n<p>&nbsp;<\/p>\r\n<p>Deputados<\/p>\r\n<p>Ao opinar sobre o Soneg\u00f4metro o deputado Chico Alencar (PSol\/RJ) falou sobre a import\u00e2ncia de o Sindicato defender a amplia\u00e7\u00e3o de seus quadros e denunciar as defici\u00eancias na estrutura da PGFN, ao mesmo tempo em que atua para despertar a conscientiza\u00e7\u00e3o tribut\u00e1ria na sociedade e tamb\u00e9m chamar aten\u00e7\u00e3o para a promo\u00e7\u00e3o da justi\u00e7a fiscal:<\/p>\r\n<p><\/p>\r\n<p>&nbsp;<\/p>\r\n<p>Tamb\u00e9m avaliaram positivamente a iniciativa do SINPROFAZ:<\/p>\r\n<p><a href=\"http:\/\/www.youtube.com\/watch?v=D0LPrASxWtI\" target=\"_blank\">Valdivino de Oliveira (PSDB\/GO)<\/a> <a href=\"http:\/\/www.youtube.com\/watch?v=w5Tbt3P0G0Y\" target=\"_blank\">Paulo Feij\u00f3 (PR\/RJ)<\/a> <a href=\"http:\/\/www.youtube.com\/watch?v=qy0__28IWOc\" target=\"_blank\">Eduardo Barbosa (PSDB\/MG)<\/a> <a href=\"http:\/\/www.youtube.com\/watch?v=rtDw1gZ7-Sw\" target=\"_blank\">Wilson Filho (PMDB\/PB)<\/a> <a href=\"http:\/\/www.youtube.com\/watch?v=4zK_WkRUN-A\" target=\"_blank\">J\u00falio C\u00e9sar (PMDB\/PI)<\/a><\/p>","_links":{"self":[{"href":"https:\/\/sinprofaz.org.br\/2024\/wp-json\/wp\/v2\/posts\/1353"}],"collection":[{"href":"https:\/\/sinprofaz.org.br\/2024\/wp-json\/wp\/v2\/posts"}],"about":[{"href":"https:\/\/sinprofaz.org.br\/2024\/wp-json\/wp\/v2\/types\/post"}],"author":[{"embeddable":true,"href":"https:\/\/sinprofaz.org.br\/2024\/wp-json\/wp\/v2\/users\/1"}],"replies":[{"embeddable":true,"href":"https:\/\/sinprofaz.org.br\/2024\/wp-json\/wp\/v2\/comments?post=1353"}],"version-history":[{"count":0,"href":"https:\/\/sinprofaz.org.br\/2024\/wp-json\/wp\/v2\/posts\/1353\/revisions"}],"wp:attachment":[{"href":"https:\/\/sinprofaz.org.br\/2024\/wp-json\/wp\/v2\/media?parent=1353"}],"wp:term":[{"taxonomy":"category","embeddable":true,"href":"https:\/\/sinprofaz.org.br\/2024\/wp-json\/wp\/v2\/categories?post=1353"},{"taxonomy":"post_tag","embeddable":true,"href":"https:\/\/sinprofaz.org.br\/2024\/wp-json\/wp\/v2\/tags?post=1353"}],"curies":[{"name":"wp","href":"https:\/\/api.w.org\/{rel}","templated":true}]}}