{"id":13529,"date":"2021-07-16T15:00:52","date_gmt":"2021-07-16T18:00:52","guid":{"rendered":"http:\/\/www.sinprofaz.org.br\/?p=13529"},"modified":"2021-07-23T09:34:32","modified_gmt":"2021-07-23T12:34:32","slug":"filiado-participe-da-formacao-de-lista-sextupla-para-o-cargo-de-agu-vote-agora","status":"publish","type":"post","link":"https:\/\/sinprofaz.org.br\/2024\/noticias\/filiado-participe-da-formacao-de-lista-sextupla-para-o-cargo-de-agu-vote-agora\/","title":{"rendered":"FILIADO, PARTICIPE DA FORMA\u00c7\u00c3O DE LISTA S\u00caXTUPLA PARA O CARGO DE AGU. VOTE AGORA!"},"content":{"rendered":"<p>O SINPROFAZ, juntamente com a ANAJUR e a ANAUNI, integra o F\u00f3rum Nacional da Advocacia P\u00fablica Federal. Mais uma vez, o FORVM est\u00e1 promovendo elei\u00e7\u00f5es para a forma\u00e7\u00e3o de Lista S\u00eaxtupla e indica\u00e7\u00e3o de nomes para o cargo de Advogado-Geral da Uni\u00e3o. A Lista ser\u00e1 formada por tr\u00eas (3) procuradoras ou procuradores da Fazenda Nacional e tr\u00eas (3) advogadas ou advogados da Uni\u00e3o. Fa\u00e7a suas indica\u00e7\u00f5es!<\/p>\n<p><strong>PRIMEIRA FASE &#8211; At\u00e9 19 de julho<\/strong><br \/>\nPasso a passo para a vota\u00e7\u00e3o<br \/>\n1. Acesse <a href=\"http:\/\/www.listatripliceagu.com.br\/\">www.listatripliceagu.com.br<\/a> e escolha a op\u00e7\u00e3o &#8220;Iniciar a vota\u00e7\u00e3o&#8221;<br \/>\n2. Ingresse com seu CPF e um e-mail v\u00e1lido<br \/>\n3. Indique at\u00e9 cinco (5) procuradoras ou procuradores da Fazenda Nacional<br \/>\n4. Confirme seus votos<br \/>\n5. Um comprovante de vota\u00e7\u00e3o ser\u00e1 automaticamente enviado ao seu e-mail. O remetente da mensagem ser\u00e1 <a href=\"comprovante@listatripliceagu.com\">comprovante@listatripliceagu.com<\/a><\/p>\n<p><strong>SEGUNDA FASE &#8211; Dias 28 e 29 de julho<\/strong><br \/>\nA lista dos dez (10) procuradores da Fazenda Nacional mais votados na primeira etapa do processo ser\u00e1 conhecida no dia 27 de julho. Uma nova fase da vota\u00e7\u00e3o se iniciar\u00e1 ent\u00e3o para a escolha dos tr\u00eas (3) nomes finalistas. A Lista S\u00eaxtupla ser\u00e1 divulgada pelo FORVM no dia 30 de julho e entregue ao presidente da Rep\u00fablica.<\/p>\n<p>Participe e estimule a cultura democr\u00e1tica dentro da AGU. Acesse agora <a href=\"http:\/\/www.listatripliceagu.com.br\/\">www.listatripliceagu.com.br<\/a> e fa\u00e7a suas indica\u00e7\u00f5es!<\/p>\n","protected":false},"excerpt":{"rendered":"<p>SINPROFAZ, ANAJUR e ANAUNI integram o F\u00f3rum Nacional da Advocacia P\u00fablica Federal. Mais uma vez, o FORVM est\u00e1 promovendo elei\u00e7\u00f5es para a forma\u00e7\u00e3o de Lista S\u00eaxtupla e indica\u00e7\u00e3o de nomes para o cargo de Advogado-Geral da Uni\u00e3o.<\/p>\n","protected":false},"author":2,"featured_media":13497,"comment_status":"open","ping_status":"open","sticky":false,"template":"","format":"standard","meta":{"footnotes":""},"categories":[8],"tags":[43,137,146,25],"featured_image_url":"https:\/\/sinprofaz.org.br\/2024\/wp-content\/uploads\/2021\/07\/forvm-naciona-logo.jpg","character_count":679,"formatted_date":"16\/07\/2021 - 15:00","contentNovo":"O SINPROFAZ, juntamente com a ANAJUR e a ANAUNI, integra o F\u00f3rum Nacional da Advocacia P\u00fablica Federal. Mais uma vez, o FORVM est\u00e1 promovendo elei\u00e7\u00f5es para a forma\u00e7\u00e3o de Lista S\u00eaxtupla e indica\u00e7\u00e3o de nomes para o cargo de Advogado-Geral da Uni\u00e3o. A Lista ser\u00e1 formada por tr\u00eas (3) procuradoras ou procuradores da Fazenda Nacional e tr\u00eas (3) advogadas ou advogados da Uni\u00e3o. Fa\u00e7a suas indica\u00e7\u00f5es!\r\n\r\n<strong>PRIMEIRA FASE - At\u00e9 19 de julho<\/strong>\r\nPasso a passo para a vota\u00e7\u00e3o\r\n1. Acesse <a href=\"http:\/\/www.listatripliceagu.com.br\/\">www.listatripliceagu.com.br<\/a> e escolha a op\u00e7\u00e3o \"Iniciar a vota\u00e7\u00e3o\"\r\n2. Ingresse com seu CPF e um e-mail v\u00e1lido\r\n3. Indique at\u00e9 cinco (5) procuradoras ou procuradores da Fazenda Nacional\r\n4. Confirme seus votos\r\n5. Um comprovante de vota\u00e7\u00e3o ser\u00e1 automaticamente enviado ao seu e-mail. O remetente da mensagem ser\u00e1 <a href=\"comprovante@listatripliceagu.com\">comprovante@listatripliceagu.com<\/a>\r\n\r\n<strong>SEGUNDA FASE - Dias 28 e 29 de julho<\/strong>\r\nA lista dos dez (10) procuradores da Fazenda Nacional mais votados na primeira etapa do processo ser\u00e1 conhecida no dia 27 de julho. Uma nova fase da vota\u00e7\u00e3o se iniciar\u00e1 ent\u00e3o para a escolha dos tr\u00eas (3) nomes finalistas. A Lista S\u00eaxtupla ser\u00e1 divulgada pelo FORVM no dia 30 de julho e entregue ao presidente da Rep\u00fablica.\r\n\r\nParticipe e estimule a cultura democr\u00e1tica dentro da AGU. Acesse agora <a href=\"http:\/\/www.listatripliceagu.com.br\/\">www.listatripliceagu.com.br<\/a> e fa\u00e7a suas indica\u00e7\u00f5es!","_links":{"self":[{"href":"https:\/\/sinprofaz.org.br\/2024\/wp-json\/wp\/v2\/posts\/13529"}],"collection":[{"href":"https:\/\/sinprofaz.org.br\/2024\/wp-json\/wp\/v2\/posts"}],"about":[{"href":"https:\/\/sinprofaz.org.br\/2024\/wp-json\/wp\/v2\/types\/post"}],"author":[{"embeddable":true,"href":"https:\/\/sinprofaz.org.br\/2024\/wp-json\/wp\/v2\/users\/2"}],"replies":[{"embeddable":true,"href":"https:\/\/sinprofaz.org.br\/2024\/wp-json\/wp\/v2\/comments?post=13529"}],"version-history":[{"count":3,"href":"https:\/\/sinprofaz.org.br\/2024\/wp-json\/wp\/v2\/posts\/13529\/revisions"}],"predecessor-version":[{"id":13571,"href":"https:\/\/sinprofaz.org.br\/2024\/wp-json\/wp\/v2\/posts\/13529\/revisions\/13571"}],"wp:featuredmedia":[{"embeddable":true,"href":"https:\/\/sinprofaz.org.br\/2024\/wp-json\/wp\/v2\/media\/13497"}],"wp:attachment":[{"href":"https:\/\/sinprofaz.org.br\/2024\/wp-json\/wp\/v2\/media?parent=13529"}],"wp:term":[{"taxonomy":"category","embeddable":true,"href":"https:\/\/sinprofaz.org.br\/2024\/wp-json\/wp\/v2\/categories?post=13529"},{"taxonomy":"post_tag","embeddable":true,"href":"https:\/\/sinprofaz.org.br\/2024\/wp-json\/wp\/v2\/tags?post=13529"}],"curies":[{"name":"wp","href":"https:\/\/api.w.org\/{rel}","templated":true}]}}