{"id":13523,"date":"2021-07-16T08:28:55","date_gmt":"2021-07-16T11:28:55","guid":{"rendered":"http:\/\/www.sinprofaz.org.br\/?p=13523"},"modified":"2021-07-16T08:28:55","modified_gmt":"2021-07-16T11:28:55","slug":"ultimas-vagas-para-a-especializacao-em-direito-publico-da-esnap-inscricoes-terminam-hoje","status":"publish","type":"post","link":"https:\/\/sinprofaz.org.br\/2024\/noticias\/ultimas-vagas-para-a-especializacao-em-direito-publico-da-esnap-inscricoes-terminam-hoje\/","title":{"rendered":"\u00daLTIMAS VAGAS PARA A ESPECIALIZA\u00c7\u00c3O EM DIREITO P\u00daBLICO DA ESNAP. INSCRI\u00c7\u00d5ES TERMINAM HOJE!"},"content":{"rendered":"<p>O prazo para inscri\u00e7\u00f5es no Curso de Especializa\u00e7\u00e3o em Direito P\u00fablico da Escola Nacional de Advocacia P\u00fablica &#8211; ESNAP termina HOJE (16). Aproveite as \u00faltimas vagas reservadas para filiadas e filiados ao SINPROFAZ e se inscreva!<\/p>\n<p><strong>Informa\u00e7\u00f5es importantes<\/strong><br \/>\nDura\u00e7\u00e3o do Curso: 3 de Agosto de 2021 a Abril de 2023<br \/>\nModalidade: Virtual, com aulas \u00e0s ter\u00e7as e quintas, das 8h \u00e0s 12h<br \/>\nValor da Inscri\u00e7\u00e3o: R$ 100,00 (valor custeado pela aluna\/ pelo aluno)<br \/>\nValor da Mensalidade: R$ 600,00 (valor custeado pela aluna\/ pelo aluno)<br \/>\nProcesso Seletivo: Prova em 19 de julho de 2021 (resultado em 23 de julho)<br \/>\nSite Oficial: <a href=\"https:\/\/www.esnap.org.br\/\">www.esnap.org.br<\/a>.<\/p>\n<p><strong>Vagas reservadas<\/strong><br \/>\nAs vagas dispon\u00edveis para associados ao SINPROFAZ s\u00e3o resultado de parceria junto \u00e0 Associa\u00e7\u00e3o Nacional dos Procuradores dos Estados e do Distrito Federal &#8211; ANAPE. Elas ser\u00e3o preenchidas pelos primeiros PFNs que manifestarem interesse. Para garantir sua vaga, envie agora e-mail para <a href=\"secretaria@sinprofaz.org.br\">secretaria@sinprofaz.org.br<\/a>.<\/p>\n<p><strong>Sobre a Especializa\u00e7\u00e3o em Direito P\u00fablico<\/strong><br \/>\nPromovido em conv\u00eanio com a Faculdade de Direito da Universidade de S\u00e3o Paulo &#8211; FDUSP, o curso tem como convidados de honra os Ministros do STF Lu\u00eds Roberto Barroso e Ricardo Lewandowski, que ministrar\u00e3o aulas magnas respectivamente sobre os temas \u201cPerspectivas atuais da Teoria da Constitui\u00e7\u00e3o\u201d e \u201cReflex\u00f5es sobre o conceito de Estado Contempor\u00e2neo\u201d.<\/p>\n\n\t\t<style type=\"text\/css\">\n\t\t\t#gallery-1 {\n\t\t\t\tmargin: auto;\n\t\t\t}\n\t\t\t#gallery-1 .gallery-item {\n\t\t\t\tfloat: left;\n\t\t\t\tmargin-top: 10px;\n\t\t\t\ttext-align: center;\n\t\t\t\twidth: 33%;\n\t\t\t}\n\t\t\t#gallery-1 img {\n\t\t\t\tborder: 2px solid #cfcfcf;\n\t\t\t}\n\t\t\t#gallery-1 .gallery-caption {\n\t\t\t\tmargin-left: 0;\n\t\t\t}\n\t\t\t\/* see gallery_shortcode() in wp-includes\/media.php *\/\n\t\t<\/style>\n\t\t<div id='gallery-1' class='gallery galleryid-13523 gallery-columns-3 gallery-size-thumbnail'><dl class='gallery-item'>\n\t\t\t<dt class='gallery-icon landscape'>\n\t\t\t\t<a href='https:\/\/sinprofaz.org.br\/2024\/wp-content\/uploads\/2021\/07\/ANAPE-2.jpg'><img loading=\"lazy\" decoding=\"async\" width=\"150\" height=\"150\" src=\"https:\/\/sinprofaz.org.br\/2024\/wp-content\/uploads\/2021\/07\/ANAPE-2-150x150.jpg\" class=\"attachment-thumbnail size-thumbnail\" alt=\"\" \/><\/a>\n\t\t\t<\/dt><\/dl><dl class='gallery-item'>\n\t\t\t<dt class='gallery-icon landscape'>\n\t\t\t\t<a href='https:\/\/sinprofaz.org.br\/2024\/wp-content\/uploads\/2021\/07\/ANAPE-3.jpg'><img loading=\"lazy\" decoding=\"async\" width=\"150\" height=\"150\" src=\"https:\/\/sinprofaz.org.br\/2024\/wp-content\/uploads\/2021\/07\/ANAPE-3-150x150.jpg\" class=\"attachment-thumbnail size-thumbnail\" alt=\"\" \/><\/a>\n\t\t\t<\/dt><\/dl>\n\t\t\t<br style='clear: both' \/>\n\t\t<\/div>\n\n","protected":false},"excerpt":{"rendered":"<p>O prazo para inscri\u00e7\u00f5es no Curso de Especializa\u00e7\u00e3o em Direito P\u00fablico da Escola Nacional de Advocacia P\u00fablica &#8211; ESNAP termina HOJE (16). Aproveite as \u00faltimas vagas reservadas para filiadas e filiados ao SINPROFAZ e se inscreva!<\/p>\n","protected":false},"author":2,"featured_media":13467,"comment_status":"open","ping_status":"open","sticky":false,"template":"","format":"standard","meta":{"footnotes":""},"categories":[8],"tags":[32,169,146,25],"featured_image_url":"https:\/\/sinprofaz.org.br\/2024\/wp-content\/uploads\/2021\/07\/1.jpg","character_count":887,"formatted_date":"16\/07\/2021 - 08:28","contentNovo":"O prazo para inscri\u00e7\u00f5es no Curso de Especializa\u00e7\u00e3o em Direito P\u00fablico da Escola Nacional de Advocacia P\u00fablica - ESNAP termina HOJE (16). Aproveite as \u00faltimas vagas reservadas para filiadas e filiados ao SINPROFAZ e se inscreva!\r\n\r\n<strong>Informa\u00e7\u00f5es importantes<\/strong>\r\nDura\u00e7\u00e3o do Curso: 3 de Agosto de 2021 a Abril de 2023\r\nModalidade: Virtual, com aulas \u00e0s ter\u00e7as e quintas, das 8h \u00e0s 12h\r\nValor da Inscri\u00e7\u00e3o: R$ 100,00 (valor custeado pela aluna\/ pelo aluno)\r\nValor da Mensalidade: R$ 600,00 (valor custeado pela aluna\/ pelo aluno)\r\nProcesso Seletivo: Prova em 19 de julho de 2021 (resultado em 23 de julho)\r\nSite Oficial: <a href=\"https:\/\/www.esnap.org.br\/\">www.esnap.org.br<\/a>.\r\n\r\n<strong>Vagas reservadas<\/strong>\r\nAs vagas dispon\u00edveis para associados ao SINPROFAZ s\u00e3o resultado de parceria junto \u00e0 Associa\u00e7\u00e3o Nacional dos Procuradores dos Estados e do Distrito Federal - ANAPE. Elas ser\u00e3o preenchidas pelos primeiros PFNs que manifestarem interesse. Para garantir sua vaga, envie agora e-mail para <a href=\"secretaria@sinprofaz.org.br\">secretaria@sinprofaz.org.br<\/a>.\r\n\r\n<strong>Sobre a Especializa\u00e7\u00e3o em Direito P\u00fablico<\/strong>\r\nPromovido em conv\u00eanio com a Faculdade de Direito da Universidade de S\u00e3o Paulo - FDUSP, o curso tem como convidados de honra os Ministros do STF Lu\u00eds Roberto Barroso e Ricardo Lewandowski, que ministrar\u00e3o aulas magnas respectivamente sobre os temas \u201cPerspectivas atuais da Teoria da Constitui\u00e7\u00e3o\u201d e \u201cReflex\u00f5es sobre o conceito de Estado Contempor\u00e2neo\u201d.\r\n\r\n[gallery link=\"file\" ids=\"13487,13488\"]","_links":{"self":[{"href":"https:\/\/sinprofaz.org.br\/2024\/wp-json\/wp\/v2\/posts\/13523"}],"collection":[{"href":"https:\/\/sinprofaz.org.br\/2024\/wp-json\/wp\/v2\/posts"}],"about":[{"href":"https:\/\/sinprofaz.org.br\/2024\/wp-json\/wp\/v2\/types\/post"}],"author":[{"embeddable":true,"href":"https:\/\/sinprofaz.org.br\/2024\/wp-json\/wp\/v2\/users\/2"}],"replies":[{"embeddable":true,"href":"https:\/\/sinprofaz.org.br\/2024\/wp-json\/wp\/v2\/comments?post=13523"}],"version-history":[{"count":1,"href":"https:\/\/sinprofaz.org.br\/2024\/wp-json\/wp\/v2\/posts\/13523\/revisions"}],"predecessor-version":[{"id":13524,"href":"https:\/\/sinprofaz.org.br\/2024\/wp-json\/wp\/v2\/posts\/13523\/revisions\/13524"}],"wp:featuredmedia":[{"embeddable":true,"href":"https:\/\/sinprofaz.org.br\/2024\/wp-json\/wp\/v2\/media\/13467"}],"wp:attachment":[{"href":"https:\/\/sinprofaz.org.br\/2024\/wp-json\/wp\/v2\/media?parent=13523"}],"wp:term":[{"taxonomy":"category","embeddable":true,"href":"https:\/\/sinprofaz.org.br\/2024\/wp-json\/wp\/v2\/categories?post=13523"},{"taxonomy":"post_tag","embeddable":true,"href":"https:\/\/sinprofaz.org.br\/2024\/wp-json\/wp\/v2\/tags?post=13523"}],"curies":[{"name":"wp","href":"https:\/\/api.w.org\/{rel}","templated":true}]}}