{"id":13511,"date":"2021-07-15T15:52:51","date_gmt":"2021-07-15T18:52:51","guid":{"rendered":"http:\/\/www.sinprofaz.org.br\/?p=13511"},"modified":"2021-07-15T15:59:29","modified_gmt":"2021-07-15T18:59:29","slug":"parceria-do-sinprofaz-garante-20-de-desconto-para-pos-graduacao-em-direito-tributario","status":"publish","type":"post","link":"https:\/\/sinprofaz.org.br\/2024\/noticias\/parceria-do-sinprofaz-garante-20-de-desconto-para-pos-graduacao-em-direito-tributario\/","title":{"rendered":"PARCERIA DO SINPROFAZ GARANTE 20% DE DESCONTO PARA P\u00d3S-GRADUA\u00c7\u00c3O EM DIREITO TRIBUT\u00c1RIO"},"content":{"rendered":"<p>O SINPROFAZ firmou parceria com a Faculdade Presbiteriana Mackenzie Rio para oferecer \u00e0s filiadas, aos filiados e aos respectivos dependentes diretos uma grande oportunidade: 20% de desconto no curso de P\u00f3s-Gradua\u00e7\u00e3o em Direito Tribut\u00e1rio ofertado pelo Instituto. A especializa\u00e7\u00e3o tem in\u00edcio no <strong>dia 17 de agosto de 2021<\/strong>, nas modalidades Presencial e On-line Ao Vivo. As inscri\u00e7\u00f5es est\u00e3o abertas!<\/p>\n<p>A P\u00f3s-Gradua\u00e7\u00e3o em Direito Tribut\u00e1rio da Faculdade Presbiteriana Mackenzie Rio se destaca dos demais cursos da \u00e1rea pelo corpo docente de que disp\u00f5e. Entre os especialistas a orientar alunas e alunos, est\u00e3o os procuradores da Fazenda Nacional filiados Agostinho Netto, Daniel \u00c1vila, Leonardo Alvim e Ronaldo Campos.<\/p>\n<p>Para mais informa\u00e7\u00f5es, ligue ou envie mensagem para (21) 99539-9100 ou acesse <a href=\"http:\/\/www.mackenzie.br\/pos-graduacao\/especializacao\/on-line-ao-vivo\/direito\/direito-tributario\">www.mackenzie.br\/pos-graduacao\/especializacao\/on-line-ao-vivo\/direito\/direito-tributario<\/a><\/p>\n<p><strong>Sobre o Mackenzie<\/strong><br \/>\nInstitui\u00e7\u00e3o com 151 anos de exist\u00eancia no Brasil, tem como prop\u00f3sito formar profissionais que agreguem valor \u00e0 sociedade e \u00e0s organiza\u00e7\u00f5es. Seu Projeto Institucional tem por objetivos a expans\u00e3o e a inova\u00e7\u00e3o para al\u00e9m das propostas convencionais pertinentes \u00e0s Institui\u00e7\u00f5es de Ensino Superior.<\/p>\n\n\t\t<style type=\"text\/css\">\n\t\t\t#gallery-1 {\n\t\t\t\tmargin: auto;\n\t\t\t}\n\t\t\t#gallery-1 .gallery-item {\n\t\t\t\tfloat: left;\n\t\t\t\tmargin-top: 10px;\n\t\t\t\ttext-align: center;\n\t\t\t\twidth: 33%;\n\t\t\t}\n\t\t\t#gallery-1 img {\n\t\t\t\tborder: 2px solid #cfcfcf;\n\t\t\t}\n\t\t\t#gallery-1 .gallery-caption {\n\t\t\t\tmargin-left: 0;\n\t\t\t}\n\t\t\t\/* see gallery_shortcode() in wp-includes\/media.php *\/\n\t\t<\/style>\n\t\t<div id='gallery-1' class='gallery galleryid-13511 gallery-columns-3 gallery-size-thumbnail'><dl class='gallery-item'>\n\t\t\t<dt class='gallery-icon landscape'>\n\t\t\t\t<a href='https:\/\/sinprofaz.org.br\/2024\/wp-content\/uploads\/2021\/07\/Mackenzie-1.jpg'><img loading=\"lazy\" decoding=\"async\" width=\"150\" height=\"150\" src=\"https:\/\/sinprofaz.org.br\/2024\/wp-content\/uploads\/2021\/07\/Mackenzie-1-150x150.jpg\" class=\"attachment-thumbnail size-thumbnail\" alt=\"\" \/><\/a>\n\t\t\t<\/dt><\/dl><dl class='gallery-item'>\n\t\t\t<dt class='gallery-icon landscape'>\n\t\t\t\t<a href='https:\/\/sinprofaz.org.br\/2024\/wp-content\/uploads\/2021\/07\/Mackenzie-2.jpg'><img loading=\"lazy\" decoding=\"async\" width=\"150\" height=\"150\" src=\"https:\/\/sinprofaz.org.br\/2024\/wp-content\/uploads\/2021\/07\/Mackenzie-2-150x150.jpg\" class=\"attachment-thumbnail size-thumbnail\" alt=\"\" \/><\/a>\n\t\t\t<\/dt><\/dl><dl class='gallery-item'>\n\t\t\t<dt class='gallery-icon landscape'>\n\t\t\t\t<a href='https:\/\/sinprofaz.org.br\/2024\/wp-content\/uploads\/2021\/07\/Mackenzie-3.jpg'><img loading=\"lazy\" decoding=\"async\" width=\"150\" height=\"150\" src=\"https:\/\/sinprofaz.org.br\/2024\/wp-content\/uploads\/2021\/07\/Mackenzie-3-150x150.jpg\" class=\"attachment-thumbnail size-thumbnail\" alt=\"\" \/><\/a>\n\t\t\t<\/dt><\/dl><br style=\"clear: both\" \/><dl class='gallery-item'>\n\t\t\t<dt class='gallery-icon landscape'>\n\t\t\t\t<a href='https:\/\/sinprofaz.org.br\/2024\/wp-content\/uploads\/2021\/07\/Mackenzie-4.jpg'><img loading=\"lazy\" decoding=\"async\" width=\"150\" height=\"150\" src=\"https:\/\/sinprofaz.org.br\/2024\/wp-content\/uploads\/2021\/07\/Mackenzie-4-150x150.jpg\" class=\"attachment-thumbnail size-thumbnail\" alt=\"\" \/><\/a>\n\t\t\t<\/dt><\/dl><dl class='gallery-item'>\n\t\t\t<dt class='gallery-icon landscape'>\n\t\t\t\t<a href='https:\/\/sinprofaz.org.br\/2024\/wp-content\/uploads\/2021\/07\/Mackenzie-5.jpg'><img loading=\"lazy\" decoding=\"async\" width=\"150\" height=\"150\" src=\"https:\/\/sinprofaz.org.br\/2024\/wp-content\/uploads\/2021\/07\/Mackenzie-5-150x150.jpg\" class=\"attachment-thumbnail size-thumbnail\" alt=\"\" \/><\/a>\n\t\t\t<\/dt><\/dl>\n\t\t\t<br style='clear: both' \/>\n\t\t<\/div>\n\n","protected":false},"excerpt":{"rendered":"<p>A parceria com a Faculdade Presbiteriana Mackenzie Rio possibilita \u00e0s filiadas, aos filiados e aos respectivos dependentes diretos 20% de desconto no curso de P\u00f3s-Gradua\u00e7\u00e3o em Direito Tribut\u00e1rio ofertado pelo Instituto. Aproveite!<\/p>\n","protected":false},"author":2,"featured_media":13517,"comment_status":"open","ping_status":"open","sticky":false,"template":"","format":"standard","meta":{"footnotes":""},"categories":[8],"tags":[32,146,160,25],"featured_image_url":"https:\/\/sinprofaz.org.br\/2024\/wp-content\/uploads\/2021\/07\/Mackenzie-capa.jpg","character_count":818,"formatted_date":"15\/07\/2021 - 15:52","contentNovo":"O SINPROFAZ firmou parceria com a Faculdade Presbiteriana Mackenzie Rio para oferecer \u00e0s filiadas, aos filiados e aos respectivos dependentes diretos uma grande oportunidade: 20% de desconto no curso de P\u00f3s-Gradua\u00e7\u00e3o em Direito Tribut\u00e1rio ofertado pelo Instituto. A especializa\u00e7\u00e3o tem in\u00edcio no <strong>dia 17 de agosto de 2021<\/strong>, nas modalidades Presencial e On-line Ao Vivo. As inscri\u00e7\u00f5es est\u00e3o abertas!\r\n\r\nA P\u00f3s-Gradua\u00e7\u00e3o em Direito Tribut\u00e1rio da Faculdade Presbiteriana Mackenzie Rio se destaca dos demais cursos da \u00e1rea pelo corpo docente de que disp\u00f5e. Entre os especialistas a orientar alunas e alunos, est\u00e3o os procuradores da Fazenda Nacional filiados Agostinho Netto, Daniel \u00c1vila, Leonardo Alvim e Ronaldo Campos.\r\n\r\nPara mais informa\u00e7\u00f5es, ligue ou envie mensagem para (21) 99539-9100 ou acesse <a href=\"http:\/\/www.mackenzie.br\/pos-graduacao\/especializacao\/on-line-ao-vivo\/direito\/direito-tributario\">www.mackenzie.br\/pos-graduacao\/especializacao\/on-line-ao-vivo\/direito\/direito-tributario<\/a>\r\n\r\n<strong>Sobre o Mackenzie<\/strong>\r\nInstitui\u00e7\u00e3o com 151 anos de exist\u00eancia no Brasil, tem como prop\u00f3sito formar profissionais que agreguem valor \u00e0 sociedade e \u00e0s organiza\u00e7\u00f5es. Seu Projeto Institucional tem por objetivos a expans\u00e3o e a inova\u00e7\u00e3o para al\u00e9m das propostas convencionais pertinentes \u00e0s Institui\u00e7\u00f5es de Ensino Superior.\r\n\r\n[gallery link=\"file\" ids=\"13514,13515,13516,13512,13513\"]","_links":{"self":[{"href":"https:\/\/sinprofaz.org.br\/2024\/wp-json\/wp\/v2\/posts\/13511"}],"collection":[{"href":"https:\/\/sinprofaz.org.br\/2024\/wp-json\/wp\/v2\/posts"}],"about":[{"href":"https:\/\/sinprofaz.org.br\/2024\/wp-json\/wp\/v2\/types\/post"}],"author":[{"embeddable":true,"href":"https:\/\/sinprofaz.org.br\/2024\/wp-json\/wp\/v2\/users\/2"}],"replies":[{"embeddable":true,"href":"https:\/\/sinprofaz.org.br\/2024\/wp-json\/wp\/v2\/comments?post=13511"}],"version-history":[{"count":3,"href":"https:\/\/sinprofaz.org.br\/2024\/wp-json\/wp\/v2\/posts\/13511\/revisions"}],"predecessor-version":[{"id":13520,"href":"https:\/\/sinprofaz.org.br\/2024\/wp-json\/wp\/v2\/posts\/13511\/revisions\/13520"}],"wp:featuredmedia":[{"embeddable":true,"href":"https:\/\/sinprofaz.org.br\/2024\/wp-json\/wp\/v2\/media\/13517"}],"wp:attachment":[{"href":"https:\/\/sinprofaz.org.br\/2024\/wp-json\/wp\/v2\/media?parent=13511"}],"wp:term":[{"taxonomy":"category","embeddable":true,"href":"https:\/\/sinprofaz.org.br\/2024\/wp-json\/wp\/v2\/categories?post=13511"},{"taxonomy":"post_tag","embeddable":true,"href":"https:\/\/sinprofaz.org.br\/2024\/wp-json\/wp\/v2\/tags?post=13511"}],"curies":[{"name":"wp","href":"https:\/\/api.w.org\/{rel}","templated":true}]}}