{"id":13486,"date":"2021-07-15T08:26:35","date_gmt":"2021-07-15T11:26:35","guid":{"rendered":"http:\/\/www.sinprofaz.org.br\/?p=13486"},"modified":"2021-07-15T08:26:35","modified_gmt":"2021-07-15T11:26:35","slug":"inscricoes-terminam-amanha-conheca-a-especializacao-em-direito-publico-da-esnap","status":"publish","type":"post","link":"https:\/\/sinprofaz.org.br\/2024\/noticias\/inscricoes-terminam-amanha-conheca-a-especializacao-em-direito-publico-da-esnap\/","title":{"rendered":"INSCRI\u00c7\u00d5ES TERMINAM AMANH\u00c3: CONHE\u00c7A A ESPECIALIZA\u00c7\u00c3O EM DIREITO P\u00daBLICO DA ESNAP"},"content":{"rendered":"<p>O SINPROFAZ, em parceria com a Associa\u00e7\u00e3o Nacional dos Procuradores dos Estados e do Distrito Federal &#8211; ANAPE, est\u00e1 ofertando vagas para o Curso de Especializa\u00e7\u00e3o em Direito P\u00fablico da Escola Nacional da Advocacia P\u00fablica &#8211; ESNAP. O prazo de inscri\u00e7\u00f5es para o curso est\u00e1 se encerrando: termina AMANH\u00c3, sexta-feira. Para pleitear uma vaga, filiadas e filiados devem enviar e-mail para <a href=\"mailto:secretaria@sinprofaz.org.br\">secretaria@sinprofaz.org.br<\/a>. A especializa\u00e7\u00e3o \u00e9 promovida em conv\u00eanio com a Faculdade de Direito da Universidade de S\u00e3o Paulo &#8211; FDUSP.<\/p>\n<p><strong>Sobre o Curso de Especializa\u00e7\u00e3o em Direito P\u00fablico<\/strong><br \/>\nO curso tem como convidados de honra os Ministros do Supremo Tribunal Federal Lu\u00eds Roberto Barroso e Ricardo Lewandowski, que ministrar\u00e3o aulas magnas respectivamente sobre os temas \u201cPerspectivas atuais da Teoria da Constitui\u00e7\u00e3o\u201d e \u201cReflex\u00f5es sobre o conceito de Estado Contempor\u00e2neo\u201d. Entre os objetivos da especializa\u00e7\u00e3o est\u00e3o a atualiza\u00e7\u00e3o e o aperfei\u00e7oamento cient\u00edfico de alunas e alunos a respeito de temas diretamente relacionados \u00e0 miss\u00e3o constitucional da Advocacia P\u00fablica. Para saber mais, acesse <a href=\"https:\/\/www.esnap.org.br\/\">www.esnap.org.br<\/a>.<\/p>\n<p><strong>Informa\u00e7\u00f5es importantes<\/strong><br \/>\nPer\u00edodo de Inscri\u00e7\u00e3o: at\u00e9 AMANH\u00c3, sexta-feira, 16 de julho<br \/>\nDura\u00e7\u00e3o do Curso: 3 de Agosto de 2021 a Abril de 2023<br \/>\nModalidade: Virtual, com aulas \u00e0s ter\u00e7as e quintas, das 8h \u00e0s 12h<br \/>\nValor da Inscri\u00e7\u00e3o: R$ 100,00 (valor custeado pela aluna\/ pelo aluno)<br \/>\nValor da Mensalidade: R$ 600,00 (valor custeado pela aluna\/ pelo aluno)<br \/>\nProva do Processo de Sele\u00e7\u00e3o: 19 de julho de 2021, com resultado em 23 de julho<br \/>\nConclus\u00e3o: Mediante entrega do Trabalho de Conclus\u00e3o de Curso e aprova\u00e7\u00e3o pela Banca Avaliadora<br \/>\nVagas do SINPROFAZ: 7 (sete) vagas para os primeiros que manifestarem interesse<\/p>\n\n\t\t<style type=\"text\/css\">\n\t\t\t#gallery-1 {\n\t\t\t\tmargin: auto;\n\t\t\t}\n\t\t\t#gallery-1 .gallery-item {\n\t\t\t\tfloat: left;\n\t\t\t\tmargin-top: 10px;\n\t\t\t\ttext-align: center;\n\t\t\t\twidth: 33%;\n\t\t\t}\n\t\t\t#gallery-1 img {\n\t\t\t\tborder: 2px solid #cfcfcf;\n\t\t\t}\n\t\t\t#gallery-1 .gallery-caption {\n\t\t\t\tmargin-left: 0;\n\t\t\t}\n\t\t\t\/* see gallery_shortcode() in wp-includes\/media.php *\/\n\t\t<\/style>\n\t\t<div id='gallery-1' class='gallery galleryid-13486 gallery-columns-3 gallery-size-thumbnail'><dl class='gallery-item'>\n\t\t\t<dt class='gallery-icon landscape'>\n\t\t\t\t<a href='https:\/\/sinprofaz.org.br\/2024\/wp-content\/uploads\/2021\/07\/ANAPE-2.jpg'><img loading=\"lazy\" decoding=\"async\" width=\"150\" height=\"150\" src=\"https:\/\/sinprofaz.org.br\/2024\/wp-content\/uploads\/2021\/07\/ANAPE-2-150x150.jpg\" class=\"attachment-thumbnail size-thumbnail\" alt=\"\" \/><\/a>\n\t\t\t<\/dt><\/dl><dl class='gallery-item'>\n\t\t\t<dt class='gallery-icon landscape'>\n\t\t\t\t<a href='https:\/\/sinprofaz.org.br\/2024\/wp-content\/uploads\/2021\/07\/ANAPE-3.jpg'><img loading=\"lazy\" decoding=\"async\" width=\"150\" height=\"150\" src=\"https:\/\/sinprofaz.org.br\/2024\/wp-content\/uploads\/2021\/07\/ANAPE-3-150x150.jpg\" class=\"attachment-thumbnail size-thumbnail\" alt=\"\" \/><\/a>\n\t\t\t<\/dt><\/dl>\n\t\t\t<br style='clear: both' \/>\n\t\t<\/div>\n\n","protected":false},"excerpt":{"rendered":"<p>O SINPROFAZ, em parceria com a Associa\u00e7\u00e3o Nacional dos Procuradores dos Estados e do Distrito Federal &#8211; ANAPE, est\u00e1 ofertando vagas para o Curso de Especializa\u00e7\u00e3o em Direito P\u00fablico da Escola Nacional da Advocacia P\u00fablica &#8211; ESNAP.<\/p>\n","protected":false},"author":2,"featured_media":13489,"comment_status":"open","ping_status":"open","sticky":false,"template":"","format":"standard","meta":{"footnotes":""},"categories":[8],"tags":[32,169,25],"featured_image_url":"https:\/\/sinprofaz.org.br\/2024\/wp-content\/uploads\/2021\/07\/ANAPE-1.jpg","character_count":1074,"formatted_date":"15\/07\/2021 - 08:26","contentNovo":"O SINPROFAZ, em parceria com a Associa\u00e7\u00e3o Nacional dos Procuradores dos Estados e do Distrito Federal - ANAPE, est\u00e1 ofertando vagas para o Curso de Especializa\u00e7\u00e3o em Direito P\u00fablico da Escola Nacional da Advocacia P\u00fablica - ESNAP. O prazo de inscri\u00e7\u00f5es para o curso est\u00e1 se encerrando: termina AMANH\u00c3, sexta-feira. Para pleitear uma vaga, filiadas e filiados devem enviar e-mail para <a href=\"mailto:secretaria@sinprofaz.org.br\">secretaria@sinprofaz.org.br<\/a>. A especializa\u00e7\u00e3o \u00e9 promovida em conv\u00eanio com a Faculdade de Direito da Universidade de S\u00e3o Paulo - FDUSP.\r\n\r\n<strong>Sobre o Curso de Especializa\u00e7\u00e3o em Direito P\u00fablico<\/strong>\r\nO curso tem como convidados de honra os Ministros do Supremo Tribunal Federal Lu\u00eds Roberto Barroso e Ricardo Lewandowski, que ministrar\u00e3o aulas magnas respectivamente sobre os temas \u201cPerspectivas atuais da Teoria da Constitui\u00e7\u00e3o\u201d e \u201cReflex\u00f5es sobre o conceito de Estado Contempor\u00e2neo\u201d. Entre os objetivos da especializa\u00e7\u00e3o est\u00e3o a atualiza\u00e7\u00e3o e o aperfei\u00e7oamento cient\u00edfico de alunas e alunos a respeito de temas diretamente relacionados \u00e0 miss\u00e3o constitucional da Advocacia P\u00fablica. Para saber mais, acesse <a href=\"https:\/\/www.esnap.org.br\/\">www.esnap.org.br<\/a>.\r\n\r\n<strong>Informa\u00e7\u00f5es importantes<\/strong>\r\nPer\u00edodo de Inscri\u00e7\u00e3o: at\u00e9 AMANH\u00c3, sexta-feira, 16 de julho\r\nDura\u00e7\u00e3o do Curso: 3 de Agosto de 2021 a Abril de 2023\r\nModalidade: Virtual, com aulas \u00e0s ter\u00e7as e quintas, das 8h \u00e0s 12h\r\nValor da Inscri\u00e7\u00e3o: R$ 100,00 (valor custeado pela aluna\/ pelo aluno)\r\nValor da Mensalidade: R$ 600,00 (valor custeado pela aluna\/ pelo aluno)\r\nProva do Processo de Sele\u00e7\u00e3o: 19 de julho de 2021, com resultado em 23 de julho\r\nConclus\u00e3o: Mediante entrega do Trabalho de Conclus\u00e3o de Curso e aprova\u00e7\u00e3o pela Banca Avaliadora\r\nVagas do SINPROFAZ: 7 (sete) vagas para os primeiros que manifestarem interesse\r\n\r\n[gallery link=\"file\" ids=\"13487,13488\"]","_links":{"self":[{"href":"https:\/\/sinprofaz.org.br\/2024\/wp-json\/wp\/v2\/posts\/13486"}],"collection":[{"href":"https:\/\/sinprofaz.org.br\/2024\/wp-json\/wp\/v2\/posts"}],"about":[{"href":"https:\/\/sinprofaz.org.br\/2024\/wp-json\/wp\/v2\/types\/post"}],"author":[{"embeddable":true,"href":"https:\/\/sinprofaz.org.br\/2024\/wp-json\/wp\/v2\/users\/2"}],"replies":[{"embeddable":true,"href":"https:\/\/sinprofaz.org.br\/2024\/wp-json\/wp\/v2\/comments?post=13486"}],"version-history":[{"count":1,"href":"https:\/\/sinprofaz.org.br\/2024\/wp-json\/wp\/v2\/posts\/13486\/revisions"}],"predecessor-version":[{"id":13490,"href":"https:\/\/sinprofaz.org.br\/2024\/wp-json\/wp\/v2\/posts\/13486\/revisions\/13490"}],"wp:featuredmedia":[{"embeddable":true,"href":"https:\/\/sinprofaz.org.br\/2024\/wp-json\/wp\/v2\/media\/13489"}],"wp:attachment":[{"href":"https:\/\/sinprofaz.org.br\/2024\/wp-json\/wp\/v2\/media?parent=13486"}],"wp:term":[{"taxonomy":"category","embeddable":true,"href":"https:\/\/sinprofaz.org.br\/2024\/wp-json\/wp\/v2\/categories?post=13486"},{"taxonomy":"post_tag","embeddable":true,"href":"https:\/\/sinprofaz.org.br\/2024\/wp-json\/wp\/v2\/tags?post=13486"}],"curies":[{"name":"wp","href":"https:\/\/api.w.org\/{rel}","templated":true}]}}