{"id":13466,"date":"2021-07-12T12:11:19","date_gmt":"2021-07-12T15:11:19","guid":{"rendered":"http:\/\/www.sinprofaz.org.br\/?p=13466"},"modified":"2021-07-13T09:32:26","modified_gmt":"2021-07-13T12:32:26","slug":"sinprofaz-oferece-vagas-para-especializacao-em-direito-publico-da-escola-nacional-da-advocacia-publica","status":"publish","type":"post","link":"https:\/\/sinprofaz.org.br\/2024\/noticias\/sinprofaz-oferece-vagas-para-especializacao-em-direito-publico-da-escola-nacional-da-advocacia-publica\/","title":{"rendered":"SINPROFAZ OFERECE VAGAS PARA ESPECIALIZA\u00c7\u00c3O EM DIREITO P\u00daBLICO DA ESCOLA NACIONAL DA ADVOCACIA P\u00daBLICA"},"content":{"rendered":"<p>O SINPROFAZ, em parceria com a Associa\u00e7\u00e3o Nacional dos Procuradores dos Estados e do Distrito Federal &#8211; ANAPE, oferta sete (7) vagas para o Curso de Especializa\u00e7\u00e3o em Direito P\u00fablico da Escola Nacional da Advocacia P\u00fablica &#8211; ESNAP. Promovido em conv\u00eanio com a Faculdade de Direito da Universidade de S\u00e3o Paulo &#8211; FDUSP, o curso tem como convidados de honra os Ministros do Supremo Tribunal Federal Lu\u00eds Roberto Barroso e Ricardo Lewandowski, que ministrar\u00e3o aulas magnas respectivamente sobre os temas &#8220;Perspectivas atuais da Teoria da Constitui\u00e7\u00e3o&#8221; e &#8220;Reflex\u00f5es sobre o conceito de Estado Contempor\u00e2neo&#8221;.<\/p>\n<p><strong>Curso de Especializa\u00e7\u00e3o em Direito P\u00fablico<\/strong><br \/>\nDura\u00e7\u00e3o: 3 de Agosto de 2021 a Abril de 2023<br \/>\nModalidade: Virtual, com aulas \u00e0s ter\u00e7as e quintas, das 8h \u00e0s 12h<br \/>\nPer\u00edodo de Inscri\u00e7\u00e3o: at\u00e9 16 de julho de 2021<br \/>\nValor da Inscri\u00e7\u00e3o: R$ 100,00 (valor custeado pela aluna\/ pelo aluno)<br \/>\nValor da Mensalidade: R$ 600,00 (valor custeado pela aluna\/ pelo aluno)<br \/>\nProva do Processo de Sele\u00e7\u00e3o: 19 de julho de 2021, com resultado em 23 de julho<br \/>\nConclus\u00e3o: Mediante entrega do Trabalho de Conclus\u00e3o de Curso e aprova\u00e7\u00e3o pela Banca Avaliadora<br \/>\nAulas Magnas: Ministros Lu\u00eds Roberto Barroso e Ricardo Lewandowski<br \/>\n<strong>Vagas para Filiadas e Filiados ao SINPROFAZ: Sete (7) vagas<\/strong><\/p>\n<p><strong>As vagas ofertadas pelo SINPROFAZ ser\u00e3o destinadas aos sete primeiros que manifestarem interesse pelo curso. Para pleitear a vaga, envie e-mail para <a href=\"secretaria@sinprofaz.org.br\">secretaria@sinprofaz.org.br<\/a>.<\/strong> O objetivo da forma\u00e7\u00e3o \u00e9 possibilitar a atualiza\u00e7\u00e3o e o aperfei\u00e7oamento cient\u00edfico a respeito de temas diretamente relacionados \u00e0 miss\u00e3o constitucional do Advogado P\u00fablico, fomentar a troca de experi\u00eancias e conhecimentos e viabilizar o estudo integrado, de modo a fornecer ferramentas para os atuais desafios da Advocacia P\u00fablica. Para mais informa\u00e7\u00f5es, acesse <a href=\"https:\/\/www.esnap.org.br\/\">www.esnap.org.br<\/a>.<\/p>\n\n\t\t<style type=\"text\/css\">\n\t\t\t#gallery-1 {\n\t\t\t\tmargin: auto;\n\t\t\t}\n\t\t\t#gallery-1 .gallery-item {\n\t\t\t\tfloat: left;\n\t\t\t\tmargin-top: 10px;\n\t\t\t\ttext-align: center;\n\t\t\t\twidth: 33%;\n\t\t\t}\n\t\t\t#gallery-1 img {\n\t\t\t\tborder: 2px solid #cfcfcf;\n\t\t\t}\n\t\t\t#gallery-1 .gallery-caption {\n\t\t\t\tmargin-left: 0;\n\t\t\t}\n\t\t\t\/* see gallery_shortcode() in wp-includes\/media.php *\/\n\t\t<\/style>\n\t\t<div id='gallery-1' class='gallery galleryid-13466 gallery-columns-3 gallery-size-thumbnail'><dl class='gallery-item'>\n\t\t\t<dt class='gallery-icon landscape'>\n\t\t\t\t<a href='https:\/\/sinprofaz.org.br\/2024\/wp-content\/uploads\/2021\/07\/2-1.jpg'><img loading=\"lazy\" decoding=\"async\" width=\"150\" height=\"150\" src=\"https:\/\/sinprofaz.org.br\/2024\/wp-content\/uploads\/2021\/07\/2-1-150x150.jpg\" class=\"attachment-thumbnail size-thumbnail\" alt=\"\" \/><\/a>\n\t\t\t<\/dt><\/dl><dl class='gallery-item'>\n\t\t\t<dt class='gallery-icon landscape'>\n\t\t\t\t<a href='https:\/\/sinprofaz.org.br\/2024\/wp-content\/uploads\/2021\/07\/3-1.jpg'><img loading=\"lazy\" decoding=\"async\" width=\"150\" height=\"150\" src=\"https:\/\/sinprofaz.org.br\/2024\/wp-content\/uploads\/2021\/07\/3-1-150x150.jpg\" class=\"attachment-thumbnail size-thumbnail\" alt=\"\" \/><\/a>\n\t\t\t<\/dt><\/dl>\n\t\t\t<br style='clear: both' \/>\n\t\t<\/div>\n\n","protected":false},"excerpt":{"rendered":"<p>O SINPROFAZ, em parceria com a Associa\u00e7\u00e3o Nacional dos Procuradores dos Estados e do Distrito Federal &#8211; ANAPE, oferta sete (7) vagas para o Curso de Especializa\u00e7\u00e3o em Direito P\u00fablico da ESNAP.<\/p>\n","protected":false},"author":2,"featured_media":13467,"comment_status":"open","ping_status":"open","sticky":false,"template":"","format":"standard","meta":{"footnotes":""},"categories":[8],"tags":[32,169,146,25],"featured_image_url":"https:\/\/sinprofaz.org.br\/2024\/wp-content\/uploads\/2021\/07\/1.jpg","character_count":1135,"formatted_date":"12\/07\/2021 - 12:11","contentNovo":"O SINPROFAZ, em parceria com a Associa\u00e7\u00e3o Nacional dos Procuradores dos Estados e do Distrito Federal - ANAPE, oferta sete (7) vagas para o Curso de Especializa\u00e7\u00e3o em Direito P\u00fablico da Escola Nacional da Advocacia P\u00fablica - ESNAP. Promovido em conv\u00eanio com a Faculdade de Direito da Universidade de S\u00e3o Paulo - FDUSP, o curso tem como convidados de honra os Ministros do Supremo Tribunal Federal Lu\u00eds Roberto Barroso e Ricardo Lewandowski, que ministrar\u00e3o aulas magnas respectivamente sobre os temas \"Perspectivas atuais da Teoria da Constitui\u00e7\u00e3o\" e \"Reflex\u00f5es sobre o conceito de Estado Contempor\u00e2neo\".\r\n\r\n<strong>Curso de Especializa\u00e7\u00e3o em Direito P\u00fablico<\/strong>\r\nDura\u00e7\u00e3o: 3 de Agosto de 2021 a Abril de 2023\r\nModalidade: Virtual, com aulas \u00e0s ter\u00e7as e quintas, das 8h \u00e0s 12h\r\nPer\u00edodo de Inscri\u00e7\u00e3o: at\u00e9 16 de julho de 2021\r\nValor da Inscri\u00e7\u00e3o: R$ 100,00 (valor custeado pela aluna\/ pelo aluno)\r\nValor da Mensalidade: R$ 600,00 (valor custeado pela aluna\/ pelo aluno)\r\nProva do Processo de Sele\u00e7\u00e3o: 19 de julho de 2021, com resultado em 23 de julho\r\nConclus\u00e3o: Mediante entrega do Trabalho de Conclus\u00e3o de Curso e aprova\u00e7\u00e3o pela Banca Avaliadora\r\nAulas Magnas: Ministros Lu\u00eds Roberto Barroso e Ricardo Lewandowski\r\n<strong>Vagas para Filiadas e Filiados ao SINPROFAZ: Sete (7) vagas<\/strong>\r\n\r\n<strong>As vagas ofertadas pelo SINPROFAZ ser\u00e3o destinadas aos sete primeiros que manifestarem interesse pelo curso. Para pleitear a vaga, envie e-mail para <a href=\"secretaria@sinprofaz.org.br\">secretaria@sinprofaz.org.br<\/a>.<\/strong> O objetivo da forma\u00e7\u00e3o \u00e9 possibilitar a atualiza\u00e7\u00e3o e o aperfei\u00e7oamento cient\u00edfico a respeito de temas diretamente relacionados \u00e0 miss\u00e3o constitucional do Advogado P\u00fablico, fomentar a troca de experi\u00eancias e conhecimentos e viabilizar o estudo integrado, de modo a fornecer ferramentas para os atuais desafios da Advocacia P\u00fablica. Para mais informa\u00e7\u00f5es, acesse <a href=\"https:\/\/www.esnap.org.br\/\">www.esnap.org.br<\/a>.\r\n\r\n[gallery link=\"file\" ids=\"13468,13469\"]","_links":{"self":[{"href":"https:\/\/sinprofaz.org.br\/2024\/wp-json\/wp\/v2\/posts\/13466"}],"collection":[{"href":"https:\/\/sinprofaz.org.br\/2024\/wp-json\/wp\/v2\/posts"}],"about":[{"href":"https:\/\/sinprofaz.org.br\/2024\/wp-json\/wp\/v2\/types\/post"}],"author":[{"embeddable":true,"href":"https:\/\/sinprofaz.org.br\/2024\/wp-json\/wp\/v2\/users\/2"}],"replies":[{"embeddable":true,"href":"https:\/\/sinprofaz.org.br\/2024\/wp-json\/wp\/v2\/comments?post=13466"}],"version-history":[{"count":4,"href":"https:\/\/sinprofaz.org.br\/2024\/wp-json\/wp\/v2\/posts\/13466\/revisions"}],"predecessor-version":[{"id":13477,"href":"https:\/\/sinprofaz.org.br\/2024\/wp-json\/wp\/v2\/posts\/13466\/revisions\/13477"}],"wp:featuredmedia":[{"embeddable":true,"href":"https:\/\/sinprofaz.org.br\/2024\/wp-json\/wp\/v2\/media\/13467"}],"wp:attachment":[{"href":"https:\/\/sinprofaz.org.br\/2024\/wp-json\/wp\/v2\/media?parent=13466"}],"wp:term":[{"taxonomy":"category","embeddable":true,"href":"https:\/\/sinprofaz.org.br\/2024\/wp-json\/wp\/v2\/categories?post=13466"},{"taxonomy":"post_tag","embeddable":true,"href":"https:\/\/sinprofaz.org.br\/2024\/wp-json\/wp\/v2\/tags?post=13466"}],"curies":[{"name":"wp","href":"https:\/\/api.w.org\/{rel}","templated":true}]}}