{"id":1341,"date":"2013-06-06T19:58:33","date_gmt":"2013-06-06T19:58:33","guid":{"rendered":""},"modified":"-0001-11-30T00:00:00","modified_gmt":"-0001-11-30T03:00:00","slug":"advogado-publico-e-nomeado-para-o-stf","status":"publish","type":"post","link":"https:\/\/sinprofaz.org.br\/2024\/noticias\/advogado-publico-e-nomeado-para-o-stf\/","title":{"rendered":"Advogado p\u00fablico \u00e9 nomeado para o STF"},"content":{"rendered":"<p><img loading=\"lazy\" decoding=\"async\" style=\"margin-right: 10px; border: 1px solid #000000; float: left;\" alt=\"Advogado p\u00fablico \u00e9 nomeado para o STF\" src=\"images\/noticias\/advogado-publico-nomeado-stf\/foto01.jpg\" height=\"154\" width=\"218\" \/>Nesta quarta, 5 de junho, o Senado aprovou a indica\u00e7\u00e3o do advogado Lu\u00eds Roberto Barroso para compor o Supremo Tribunal Federal. Presidente do SINPROFAZ esteve presente na sabatina, a mais longa na hist\u00f3ria da Casa.<\/p>\n<p>Depois de quase oito horas de debates na Comiss\u00e3o de Constitui\u00e7\u00e3o, Justi\u00e7a e Cidadania (CCJ), os senadores confirmaram o nome de Lu\u00eds Barroso para integrar o STF. No plen\u00e1rio da Casa, a indica\u00e7\u00e3o do advogado p\u00fablico teve o apoio de 59 senadores e seis votos contr\u00e1rios.<\/p>\n<p>Advogado constitucionalista, professor titular da Universidade do Estado do Rio de Janeiro (UERJ) e procurador do Estado, Barroso nasceu em Vassouras, no interior do Rio, \u00e9 casado e tem um casal de filhos.<\/p>\n<p>Indicado pela presidenta Dilma Rousseff no dia 23 de maio, ele ocupar\u00e1 a vaga aberta com a aposentadoria compuls\u00f3ria do ministro Ayres Britto, ocorrida em novembro de 2012.<\/p>\n<p>Formado em 1980 na UERJ, Barroso passou em primeiro lugar no concurso para professor titular da universidade em 1995. Tamb\u00e9m foi primeiro lugar no concurso para a Procuradoria-Geral do Estado, em 1985. Ele acumula a fun\u00e7\u00e3o de procurador com a atividade em seu escrit\u00f3rio de advocacia, com sede no Rio e filiais em S\u00e3o Paulo e em Bras\u00edlia.<\/p>\n<p>Como advogado, atuou no Supremo em julgamentos de grande repercuss\u00e3o na sociedade, como no pedido de extradi\u00e7\u00e3o do italiano Cesare Battisti, de pesquisas com c\u00e9lulas-tronco embrion\u00e1rias, da equipara\u00e7\u00e3o das uni\u00f5es homoafetivas \u00e0s uni\u00f5es est\u00e1veis convencionais, da veda\u00e7\u00e3o ao nepotismo e da possibilidade de interrup\u00e7\u00e3o da gesta\u00e7\u00e3o de fetos anencef\u00e1licos.<\/p>\n<p>Num dia bastante corrido, por causa do lan\u00e7amento do Soneg\u00f4metro, o presidente do SINPROFAZ, Allan Titonelli, acompanhou parte da sabatina na CCJ. Ele cumprimentou o novo ministro e comentou como a Advocacia P\u00fablica estava engrandecida por ter mais um ministro proveniente de suas fun\u00e7\u00f5es. \u201cEsse fato s\u00f3 respalda o alto grau de especializa\u00e7\u00e3o e expertise dos Advogados P\u00fablicos. A carreira, a hist\u00f3ria, a dignidade, a sabedoria, entre diversos outros atributos e qualidades reafirmam e enaltecem a escolha. O SINPROFAZ parabeniza e sa\u00fada o novo ministro do STF, Lu\u00eds Roberto Barroso\u201d, avalia Titonelli.<\/p>\n<p><img loading=\"lazy\" decoding=\"async\" style=\"border: 1px solid #000000; margin-left: 10px; margin-bottom: 5px; margin-top: 5px; float: left;\" alt=\"foto2\" src=\"images\/noticias\/advogado-publico-nomeado-stf\/foto2.jpg\" height=\"154\" width=\"218\" \/><\/p>\n<p>&nbsp;<img loading=\"lazy\" decoding=\"async\" style=\"border: 1px solid #000000; margin-left: 5px; margin-bottom: 5px; margin-top: 5px; float: left;\" alt=\"Advogado p\u00fablico \u00e9 nomeado para o STF\" src=\"images\/noticias\/advogado-publico-nomeado-stf\/foto3.jpg\" height=\"154\" width=\"218\" \/><\/p>\n<p>&nbsp;<\/p>\n","protected":false},"excerpt":{"rendered":"<p>Nesta quarta, 5 de junho, o Senado aprovou a indica\u00e7\u00e3o do advogado Lu\u00eds Roberto Barroso para compor o Supremo Tribunal Federal. Presidente do SINPROFAZ esteve presente na sabatina, a mais longa na hist\u00f3ria da Casa.<\/p>\n","protected":false},"author":1,"featured_media":0,"comment_status":"closed","ping_status":"open","sticky":false,"template":"","format":"standard","meta":{"footnotes":""},"categories":[8],"tags":[],"featured_image_url":"https:\/\/dummyimage.com\/720x400","character_count":1116,"formatted_date":"06\/06\/2013 - 19:58","contentNovo":"\r\n<p>Nesta quarta, 5 de junho, o Senado aprovou a indica\u00e7\u00e3o do advogado Lu\u00eds Roberto Barroso para compor o Supremo Tribunal Federal. Presidente do SINPROFAZ esteve presente na sabatina, a mais longa na hist\u00f3ria da Casa.<\/p>\r\n<p>Depois de quase oito horas de debates na Comiss\u00e3o de Constitui\u00e7\u00e3o, Justi\u00e7a e Cidadania (CCJ), os senadores confirmaram o nome de Lu\u00eds Barroso para integrar o STF. No plen\u00e1rio da Casa, a indica\u00e7\u00e3o do advogado p\u00fablico teve o apoio de 59 senadores e seis votos contr\u00e1rios.<\/p>\r\n<p>Advogado constitucionalista, professor titular da Universidade do Estado do Rio de Janeiro (UERJ) e procurador do Estado, Barroso nasceu em Vassouras, no interior do Rio, \u00e9 casado e tem um casal de filhos.<\/p>\r\n<p>Indicado pela presidenta Dilma Rousseff no dia 23 de maio, ele ocupar\u00e1 a vaga aberta com a aposentadoria compuls\u00f3ria do ministro Ayres Britto, ocorrida em novembro de 2012.<\/p>\r\n<p>Formado em 1980 na UERJ, Barroso passou em primeiro lugar no concurso para professor titular da universidade em 1995. Tamb\u00e9m foi primeiro lugar no concurso para a Procuradoria-Geral do Estado, em 1985. Ele acumula a fun\u00e7\u00e3o de procurador com a atividade em seu escrit\u00f3rio de advocacia, com sede no Rio e filiais em S\u00e3o Paulo e em Bras\u00edlia.<\/p>\r\n<p>Como advogado, atuou no Supremo em julgamentos de grande repercuss\u00e3o na sociedade, como no pedido de extradi\u00e7\u00e3o do italiano Cesare Battisti, de pesquisas com c\u00e9lulas-tronco embrion\u00e1rias, da equipara\u00e7\u00e3o das uni\u00f5es homoafetivas \u00e0s uni\u00f5es est\u00e1veis convencionais, da veda\u00e7\u00e3o ao nepotismo e da possibilidade de interrup\u00e7\u00e3o da gesta\u00e7\u00e3o de fetos anencef\u00e1licos.<\/p>\r\n<p>Num dia bastante corrido, por causa do lan\u00e7amento do Soneg\u00f4metro, o presidente do SINPROFAZ, Allan Titonelli, acompanhou parte da sabatina na CCJ. Ele cumprimentou o novo ministro e comentou como a Advocacia P\u00fablica estava engrandecida por ter mais um ministro proveniente de suas fun\u00e7\u00f5es. \u201cEsse fato s\u00f3 respalda o alto grau de especializa\u00e7\u00e3o e expertise dos Advogados P\u00fablicos. A carreira, a hist\u00f3ria, a dignidade, a sabedoria, entre diversos outros atributos e qualidades reafirmam e enaltecem a escolha. O SINPROFAZ parabeniza e sa\u00fada o novo ministro do STF, Lu\u00eds Roberto Barroso\u201d, avalia Titonelli.<\/p>\r\n<p><\/p>\r\n<p>&nbsp;<\/p>\r\n<p>&nbsp;<\/p>","_links":{"self":[{"href":"https:\/\/sinprofaz.org.br\/2024\/wp-json\/wp\/v2\/posts\/1341"}],"collection":[{"href":"https:\/\/sinprofaz.org.br\/2024\/wp-json\/wp\/v2\/posts"}],"about":[{"href":"https:\/\/sinprofaz.org.br\/2024\/wp-json\/wp\/v2\/types\/post"}],"author":[{"embeddable":true,"href":"https:\/\/sinprofaz.org.br\/2024\/wp-json\/wp\/v2\/users\/1"}],"replies":[{"embeddable":true,"href":"https:\/\/sinprofaz.org.br\/2024\/wp-json\/wp\/v2\/comments?post=1341"}],"version-history":[{"count":0,"href":"https:\/\/sinprofaz.org.br\/2024\/wp-json\/wp\/v2\/posts\/1341\/revisions"}],"wp:attachment":[{"href":"https:\/\/sinprofaz.org.br\/2024\/wp-json\/wp\/v2\/media?parent=1341"}],"wp:term":[{"taxonomy":"category","embeddable":true,"href":"https:\/\/sinprofaz.org.br\/2024\/wp-json\/wp\/v2\/categories?post=1341"},{"taxonomy":"post_tag","embeddable":true,"href":"https:\/\/sinprofaz.org.br\/2024\/wp-json\/wp\/v2\/tags?post=1341"}],"curies":[{"name":"wp","href":"https:\/\/api.w.org\/{rel}","templated":true}]}}