{"id":13391,"date":"2021-07-02T16:04:03","date_gmt":"2021-07-02T19:04:03","guid":{"rendered":"http:\/\/www.sinprofaz.org.br\/?p=13391"},"modified":"2021-07-02T17:26:34","modified_gmt":"2021-07-02T20:26:34","slug":"em-solenidade-virtual-diretoria-2021-2023-assume-comando-do-sinprofaz","status":"publish","type":"post","link":"https:\/\/sinprofaz.org.br\/2024\/noticias\/em-solenidade-virtual-diretoria-2021-2023-assume-comando-do-sinprofaz\/","title":{"rendered":"EM SOLENIDADE VIRTUAL, DIRETORIA 2021-2023 ASSUME COMANDO DO SINPROFAZ"},"content":{"rendered":"<p>A Diretoria do SINPROFAZ eleita para o bi\u00eanio 2021-2023 tomou posse nessa quinta-feira, 1\u00ba de julho. Realizada de forma virtual, a solenidade p\u00f4de ser acompanhada por filiadas e filiados de todo o pa\u00eds. A mesa do evento contou com as presen\u00e7as dos novos dirigentes sindicais, liderados pelo presidente eleito Achilles Frias, assim como com a participa\u00e7\u00e3o do ex-presidente Jos\u00e9 Ernane Brito, respons\u00e1vel pela gest\u00e3o 2019-2021 do SINPROFAZ. Com o lema &#8220;Experi\u00eancia, Trabalho e Resultado&#8221; e o prop\u00f3sito de atuar em defesa das prerrogativas da Carreira, a nova Diretoria tem uma composi\u00e7\u00e3o h\u00edbrida: metade dos integrantes traz a bagagem de gest\u00f5es anteriores e parte se junta ao grupo pela primeira vez, representando a renova\u00e7\u00e3o t\u00e3o importante ao movimento sindical.<\/p>\n<p>Realizada a posse dos novos dirigentes, Achilles Frias foi convidado para falar ao p\u00fablico. Em aten\u00e7\u00e3o \u00e0s pautas da Carreira, o presidente deu destaque ao Projeto de Sa\u00fade Mental e Qualidade de Vida na PFN: &#8220;Promovemos um Diagn\u00f3stico, que contou com expressiva ades\u00e3o dos Colegas e revelou resultados estarrecedores. Em breve, apresentaremos um relat\u00f3rio ao procurador-geral, para que possamos avan\u00e7ar rumo a melhores condi\u00e7\u00f5es de sa\u00fade mental na Institui\u00e7\u00e3o&#8221;. Achilles Frias ressaltou ainda a disposi\u00e7\u00e3o da Diretoria para trabalhar contra reformas que, em \u00e2mbito social, levar\u00e3o preju\u00edzo \u00e0 popula\u00e7\u00e3o. &#8220;Assumimos hoje o compromisso de lutar contra a reforma administrativa e de atuar por mais justi\u00e7a na legisla\u00e7\u00e3o tribut\u00e1ria, de modo a transformar este para\u00edso fiscal para os ricos que se tornou o Brasil. Envidaremos todos os esfor\u00e7os em defesa do Estado forte e do Estado t\u00e9cnico.&#8221;<\/p>\n<p>O discurso oficial de posse ficou a cargo de Iolanda Guindani, eleita vice-presidente do Sindicato. Ao longo da fala, a PFN destacou o orgulho dos novos dirigentes sindicais por contar com a confian\u00e7a dos pares e renovou o compromisso de continuar atuando em prol dos Colegas. &#8220;Estejam certos da disposi\u00e7\u00e3o desta Diretoria para lutar em todas as frentes, sempre em benef\u00edcio de nossa t\u00e3o estimada Carreira. Que possamos, nesses pr\u00f3ximos dois anos de gest\u00e3o, ter o apoio das procuradoras e dos procuradores da Fazenda Nacional, de modo a unir for\u00e7as e caminhar juntos rumo \u00e0 PFN ideal: cada vez mais estruturada, fortalecida e digna da Fun\u00e7\u00e3o Essencial que nos foi confiada&#8221;, discursou a nova vice-presidente do SINPROFAZ.<\/p>\n<p>Na oportunidade da cerim\u00f4nia, Jos\u00e9 Ernane Brito se despediu dos Colegas. O ex-presidente abordou iniciativas colocadas em pr\u00e1ticas no \u00e2mbito sindical e ressaltou a emo\u00e7\u00e3o de encerrar um ciclo de batalhas junto \u00e0 Diretoria do SINPROFAZ. &#8220;Mas \u00e9 chegada a hora de passarmos o bast\u00e3o nessa corrida de revezamento que n\u00e3o pode parar. Hoje transmitimos a dire\u00e7\u00e3o do SINPROFAZ para dirigentes que t\u00eam o tiroc\u00ednio e que, com certeza, desenvolver\u00e3o um bel\u00edssimo trabalho \u00e0 frente da entidade. Contem comigo, meus amigos, sempre na \u00faltima trincheira de resist\u00eancia em defesa da Advocacia P\u00fablica de Estado. Vida longa ao SINPROFAZ!&#8221;<\/p>\n<p><strong>Autoridades manifestam apoio<\/strong><br \/>\nPara dar as boas-vindas \u00e0 Diretoria eleita, lideran\u00e7as da PGFN, da AGU e do Congresso Nacional gravaram v\u00eddeos para exibi\u00e7\u00e3o durante a cerim\u00f4nia. A primeira mensagem reproduzida foi a do procurador-geral da Fazenda Nacional, o filiado Ricardo Soriano: &#8220;Estamos de portas abertas para trocar informa\u00e7\u00f5es e buscar caminhos para que nossa Institui\u00e7\u00e3o seja sempre grande e para que nossos Colegas tenham sempre condi\u00e7\u00f5es de trabalho&#8221;. Na sequ\u00eancia, foi exibido o v\u00eddeo gravado pelo advogado-geral da Uni\u00e3o. Nele, Andr\u00e9 Mendon\u00e7a deu destaque \u00e0 import\u00e2ncia dos PFNs na estrutura da AGU e se colocou \u00e0 disposi\u00e7\u00e3o para o di\u00e1logo a favor de um &#8220;projeto que fortale\u00e7a n\u00e3o apenas os procuradores da Fazenda Nacional, mas todos os membros e servidores da Casa&#8221;.<\/p>\n<p>O filiado Fabr\u00edcio Da Soller gravou um v\u00eddeo de congratula\u00e7\u00f5es aos dirigentes sindicais. De acordo com o vice-advogado-geral da Uni\u00e3o, n\u00e3o obstante as restri\u00e7\u00f5es impostas pela pandemia, &#8220;nosso Sindicato n\u00e3o perdeu em nenhum momento a relev\u00e2ncia, pois soube se atualizar e atuar mesmo neste cen\u00e1rio t\u00e3o dif\u00edcil. \u00c0 Diretoria e ao presidente Achilles Frias, que hoje tomam posse, o meu caloroso abra\u00e7o&#8221;. Secret\u00e1ria-geral de Administra\u00e7\u00e3o da AGU, I\u00eada Cagni tamb\u00e9m enviou uma mensagem aos novos representantes dos PFNs. No v\u00eddeo, a filiada ao SINPROFAZ ressaltou a confian\u00e7a da Carreira com rela\u00e7\u00e3o ao trabalho desempenhado pelo Sindicato, o qual &#8220;est\u00e1 sempre \u00e0 frente, buscando preservar os interesses de todos os procuradores da Fazenda Nacional&#8221;.<\/p>\n<p>Por fim, o p\u00fablico assistiu ao v\u00eddeo do filiado Tadeu Alencar, deputado federal eleito pelo PSB em Pernambuco. Na mensagem gravada no Sal\u00e3o Verde da C\u00e2mara dos Deputados, Tadeu Alencar parabenizou Jos\u00e9 Ernane Brito pela gest\u00e3o e desejou sucesso ao novo presidente do SINPROFAZ, Achilles Frias. O parlamentar ainda se colocou &#8220;\u00e0 disposi\u00e7\u00e3o da Advocacia-Geral da Uni\u00e3o e, especialmente, da minha Carreira, que integro com muito orgulho desde 1993&#8221;. A subprocuradora-geral da Fazenda Nacional e filiada, Ana Paula Bittencourt, tamb\u00e9m foi convidada a participar da solenidade de posse, mas, em licen\u00e7a-maternidade, n\u00e3o p\u00f4de gravar o v\u00eddeo. A ela e \u00e0s demais autoridades presentes no evento, a Diretoria agradece pelo apoio sempre demonstrado ao SINPROFAZ.<\/p>\n\n\t\t<style type=\"text\/css\">\n\t\t\t#gallery-1 {\n\t\t\t\tmargin: auto;\n\t\t\t}\n\t\t\t#gallery-1 .gallery-item {\n\t\t\t\tfloat: left;\n\t\t\t\tmargin-top: 10px;\n\t\t\t\ttext-align: center;\n\t\t\t\twidth: 33%;\n\t\t\t}\n\t\t\t#gallery-1 img {\n\t\t\t\tborder: 2px solid #cfcfcf;\n\t\t\t}\n\t\t\t#gallery-1 .gallery-caption {\n\t\t\t\tmargin-left: 0;\n\t\t\t}\n\t\t\t\/* see gallery_shortcode() in wp-includes\/media.php *\/\n\t\t<\/style>\n\t\t<div id='gallery-1' class='gallery galleryid-13391 gallery-columns-3 gallery-size-thumbnail'><dl class='gallery-item'>\n\t\t\t<dt class='gallery-icon landscape'>\n\t\t\t\t<a href='https:\/\/sinprofaz.org.br\/2024\/wp-content\/uploads\/2021\/07\/posse2.jpg'><img loading=\"lazy\" decoding=\"async\" width=\"150\" height=\"150\" src=\"https:\/\/sinprofaz.org.br\/2024\/wp-content\/uploads\/2021\/07\/posse2-150x150.jpg\" class=\"attachment-thumbnail size-thumbnail\" alt=\"\" \/><\/a>\n\t\t\t<\/dt><\/dl><dl class='gallery-item'>\n\t\t\t<dt class='gallery-icon landscape'>\n\t\t\t\t<a href='https:\/\/sinprofaz.org.br\/2024\/wp-content\/uploads\/2021\/07\/posse3.jpg'><img loading=\"lazy\" decoding=\"async\" width=\"150\" height=\"150\" src=\"https:\/\/sinprofaz.org.br\/2024\/wp-content\/uploads\/2021\/07\/posse3-150x150.jpg\" class=\"attachment-thumbnail size-thumbnail\" alt=\"\" \/><\/a>\n\t\t\t<\/dt><\/dl><dl class='gallery-item'>\n\t\t\t<dt class='gallery-icon landscape'>\n\t\t\t\t<a href='https:\/\/sinprofaz.org.br\/2024\/wp-content\/uploads\/2021\/07\/posse4.jpg'><img loading=\"lazy\" decoding=\"async\" width=\"150\" height=\"150\" src=\"https:\/\/sinprofaz.org.br\/2024\/wp-content\/uploads\/2021\/07\/posse4-150x150.jpg\" class=\"attachment-thumbnail size-thumbnail\" alt=\"\" \/><\/a>\n\t\t\t<\/dt><\/dl><br style=\"clear: both\" \/><dl class='gallery-item'>\n\t\t\t<dt class='gallery-icon landscape'>\n\t\t\t\t<a href='https:\/\/sinprofaz.org.br\/2024\/wp-content\/uploads\/2021\/07\/posse5.jpg'><img loading=\"lazy\" decoding=\"async\" width=\"150\" height=\"150\" src=\"https:\/\/sinprofaz.org.br\/2024\/wp-content\/uploads\/2021\/07\/posse5-150x150.jpg\" class=\"attachment-thumbnail size-thumbnail\" alt=\"\" \/><\/a>\n\t\t\t<\/dt><\/dl><dl class='gallery-item'>\n\t\t\t<dt class='gallery-icon landscape'>\n\t\t\t\t<a href='https:\/\/sinprofaz.org.br\/2024\/wp-content\/uploads\/2021\/07\/posse6.jpg'><img loading=\"lazy\" decoding=\"async\" width=\"150\" height=\"150\" src=\"https:\/\/sinprofaz.org.br\/2024\/wp-content\/uploads\/2021\/07\/posse6-150x150.jpg\" class=\"attachment-thumbnail size-thumbnail\" alt=\"\" \/><\/a>\n\t\t\t<\/dt><\/dl><dl class='gallery-item'>\n\t\t\t<dt class='gallery-icon landscape'>\n\t\t\t\t<a href='https:\/\/sinprofaz.org.br\/2024\/wp-content\/uploads\/2021\/07\/posse7.jpg'><img loading=\"lazy\" decoding=\"async\" width=\"150\" height=\"150\" src=\"https:\/\/sinprofaz.org.br\/2024\/wp-content\/uploads\/2021\/07\/posse7-150x150.jpg\" class=\"attachment-thumbnail size-thumbnail\" alt=\"\" \/><\/a>\n\t\t\t<\/dt><\/dl><br style=\"clear: both\" \/><dl class='gallery-item'>\n\t\t\t<dt class='gallery-icon landscape'>\n\t\t\t\t<a href='https:\/\/sinprofaz.org.br\/2024\/wp-content\/uploads\/2021\/07\/posse8.jpg'><img loading=\"lazy\" decoding=\"async\" width=\"150\" height=\"150\" src=\"https:\/\/sinprofaz.org.br\/2024\/wp-content\/uploads\/2021\/07\/posse8-150x150.jpg\" class=\"attachment-thumbnail size-thumbnail\" alt=\"\" \/><\/a>\n\t\t\t<\/dt><\/dl>\n\t\t\t<br style='clear: both' \/>\n\t\t<\/div>\n\n","protected":false},"excerpt":{"rendered":"<p>A nova Diretoria do SINPROFAZ tomou posse nessa quinta-feira, 1\u00ba de julho. Realizada de forma virtual, a solenidade p\u00f4de ser acompanhada por filiadas e filiados de todo o pa\u00eds. A mesa do evento contou com as presen\u00e7as dos novos dirigentes sindicais.<\/p>\n","protected":false},"author":2,"featured_media":13398,"comment_status":"open","ping_status":"open","sticky":false,"template":"","format":"standard","meta":{"footnotes":""},"categories":[8],"tags":[32,27,25],"featured_image_url":"https:\/\/sinprofaz.org.br\/2024\/wp-content\/uploads\/2021\/07\/posse1.jpg","character_count":2986,"formatted_date":"02\/07\/2021 - 16:04","contentNovo":"A Diretoria do SINPROFAZ eleita para o bi\u00eanio 2021-2023 tomou posse nessa quinta-feira, 1\u00ba de julho. Realizada de forma virtual, a solenidade p\u00f4de ser acompanhada por filiadas e filiados de todo o pa\u00eds. A mesa do evento contou com as presen\u00e7as dos novos dirigentes sindicais, liderados pelo presidente eleito Achilles Frias, assim como com a participa\u00e7\u00e3o do ex-presidente Jos\u00e9 Ernane Brito, respons\u00e1vel pela gest\u00e3o 2019-2021 do SINPROFAZ. Com o lema \"Experi\u00eancia, Trabalho e Resultado\" e o prop\u00f3sito de atuar em defesa das prerrogativas da Carreira, a nova Diretoria tem uma composi\u00e7\u00e3o h\u00edbrida: metade dos integrantes traz a bagagem de gest\u00f5es anteriores e parte se junta ao grupo pela primeira vez, representando a renova\u00e7\u00e3o t\u00e3o importante ao movimento sindical.\r\n\r\nRealizada a posse dos novos dirigentes, Achilles Frias foi convidado para falar ao p\u00fablico. Em aten\u00e7\u00e3o \u00e0s pautas da Carreira, o presidente deu destaque ao Projeto de Sa\u00fade Mental e Qualidade de Vida na PFN: \"Promovemos um Diagn\u00f3stico, que contou com expressiva ades\u00e3o dos Colegas e revelou resultados estarrecedores. Em breve, apresentaremos um relat\u00f3rio ao procurador-geral, para que possamos avan\u00e7ar rumo a melhores condi\u00e7\u00f5es de sa\u00fade mental na Institui\u00e7\u00e3o\". Achilles Frias ressaltou ainda a disposi\u00e7\u00e3o da Diretoria para trabalhar contra reformas que, em \u00e2mbito social, levar\u00e3o preju\u00edzo \u00e0 popula\u00e7\u00e3o. \"Assumimos hoje o compromisso de lutar contra a reforma administrativa e de atuar por mais justi\u00e7a na legisla\u00e7\u00e3o tribut\u00e1ria, de modo a transformar este para\u00edso fiscal para os ricos que se tornou o Brasil. Envidaremos todos os esfor\u00e7os em defesa do Estado forte e do Estado t\u00e9cnico.\"\r\n\r\nO discurso oficial de posse ficou a cargo de Iolanda Guindani, eleita vice-presidente do Sindicato. Ao longo da fala, a PFN destacou o orgulho dos novos dirigentes sindicais por contar com a confian\u00e7a dos pares e renovou o compromisso de continuar atuando em prol dos Colegas. \"Estejam certos da disposi\u00e7\u00e3o desta Diretoria para lutar em todas as frentes, sempre em benef\u00edcio de nossa t\u00e3o estimada Carreira. Que possamos, nesses pr\u00f3ximos dois anos de gest\u00e3o, ter o apoio das procuradoras e dos procuradores da Fazenda Nacional, de modo a unir for\u00e7as e caminhar juntos rumo \u00e0 PFN ideal: cada vez mais estruturada, fortalecida e digna da Fun\u00e7\u00e3o Essencial que nos foi confiada\", discursou a nova vice-presidente do SINPROFAZ.\r\n\r\nNa oportunidade da cerim\u00f4nia, Jos\u00e9 Ernane Brito se despediu dos Colegas. O ex-presidente abordou iniciativas colocadas em pr\u00e1ticas no \u00e2mbito sindical e ressaltou a emo\u00e7\u00e3o de encerrar um ciclo de batalhas junto \u00e0 Diretoria do SINPROFAZ. \"Mas \u00e9 chegada a hora de passarmos o bast\u00e3o nessa corrida de revezamento que n\u00e3o pode parar. Hoje transmitimos a dire\u00e7\u00e3o do SINPROFAZ para dirigentes que t\u00eam o tiroc\u00ednio e que, com certeza, desenvolver\u00e3o um bel\u00edssimo trabalho \u00e0 frente da entidade. Contem comigo, meus amigos, sempre na \u00faltima trincheira de resist\u00eancia em defesa da Advocacia P\u00fablica de Estado. Vida longa ao SINPROFAZ!\"\r\n\r\n<strong>Autoridades manifestam apoio<\/strong>\r\nPara dar as boas-vindas \u00e0 Diretoria eleita, lideran\u00e7as da PGFN, da AGU e do Congresso Nacional gravaram v\u00eddeos para exibi\u00e7\u00e3o durante a cerim\u00f4nia. A primeira mensagem reproduzida foi a do procurador-geral da Fazenda Nacional, o filiado Ricardo Soriano: \"Estamos de portas abertas para trocar informa\u00e7\u00f5es e buscar caminhos para que nossa Institui\u00e7\u00e3o seja sempre grande e para que nossos Colegas tenham sempre condi\u00e7\u00f5es de trabalho\". Na sequ\u00eancia, foi exibido o v\u00eddeo gravado pelo advogado-geral da Uni\u00e3o. Nele, Andr\u00e9 Mendon\u00e7a deu destaque \u00e0 import\u00e2ncia dos PFNs na estrutura da AGU e se colocou \u00e0 disposi\u00e7\u00e3o para o di\u00e1logo a favor de um \"projeto que fortale\u00e7a n\u00e3o apenas os procuradores da Fazenda Nacional, mas todos os membros e servidores da Casa\".\r\n\r\nO filiado Fabr\u00edcio Da Soller gravou um v\u00eddeo de congratula\u00e7\u00f5es aos dirigentes sindicais. De acordo com o vice-advogado-geral da Uni\u00e3o, n\u00e3o obstante as restri\u00e7\u00f5es impostas pela pandemia, \"nosso Sindicato n\u00e3o perdeu em nenhum momento a relev\u00e2ncia, pois soube se atualizar e atuar mesmo neste cen\u00e1rio t\u00e3o dif\u00edcil. \u00c0 Diretoria e ao presidente Achilles Frias, que hoje tomam posse, o meu caloroso abra\u00e7o\". Secret\u00e1ria-geral de Administra\u00e7\u00e3o da AGU, I\u00eada Cagni tamb\u00e9m enviou uma mensagem aos novos representantes dos PFNs. No v\u00eddeo, a filiada ao SINPROFAZ ressaltou a confian\u00e7a da Carreira com rela\u00e7\u00e3o ao trabalho desempenhado pelo Sindicato, o qual \"est\u00e1 sempre \u00e0 frente, buscando preservar os interesses de todos os procuradores da Fazenda Nacional\".\r\n\r\nPor fim, o p\u00fablico assistiu ao v\u00eddeo do filiado Tadeu Alencar, deputado federal eleito pelo PSB em Pernambuco. Na mensagem gravada no Sal\u00e3o Verde da C\u00e2mara dos Deputados, Tadeu Alencar parabenizou Jos\u00e9 Ernane Brito pela gest\u00e3o e desejou sucesso ao novo presidente do SINPROFAZ, Achilles Frias. O parlamentar ainda se colocou \"\u00e0 disposi\u00e7\u00e3o da Advocacia-Geral da Uni\u00e3o e, especialmente, da minha Carreira, que integro com muito orgulho desde 1993\". A subprocuradora-geral da Fazenda Nacional e filiada, Ana Paula Bittencourt, tamb\u00e9m foi convidada a participar da solenidade de posse, mas, em licen\u00e7a-maternidade, n\u00e3o p\u00f4de gravar o v\u00eddeo. A ela e \u00e0s demais autoridades presentes no evento, a Diretoria agradece pelo apoio sempre demonstrado ao SINPROFAZ.\r\n\r\n[gallery link=\"file\" ids=\"13399,13395,13396,13397,13392,13393,13394\"]","_links":{"self":[{"href":"https:\/\/sinprofaz.org.br\/2024\/wp-json\/wp\/v2\/posts\/13391"}],"collection":[{"href":"https:\/\/sinprofaz.org.br\/2024\/wp-json\/wp\/v2\/posts"}],"about":[{"href":"https:\/\/sinprofaz.org.br\/2024\/wp-json\/wp\/v2\/types\/post"}],"author":[{"embeddable":true,"href":"https:\/\/sinprofaz.org.br\/2024\/wp-json\/wp\/v2\/users\/2"}],"replies":[{"embeddable":true,"href":"https:\/\/sinprofaz.org.br\/2024\/wp-json\/wp\/v2\/comments?post=13391"}],"version-history":[{"count":2,"href":"https:\/\/sinprofaz.org.br\/2024\/wp-json\/wp\/v2\/posts\/13391\/revisions"}],"predecessor-version":[{"id":13404,"href":"https:\/\/sinprofaz.org.br\/2024\/wp-json\/wp\/v2\/posts\/13391\/revisions\/13404"}],"wp:featuredmedia":[{"embeddable":true,"href":"https:\/\/sinprofaz.org.br\/2024\/wp-json\/wp\/v2\/media\/13398"}],"wp:attachment":[{"href":"https:\/\/sinprofaz.org.br\/2024\/wp-json\/wp\/v2\/media?parent=13391"}],"wp:term":[{"taxonomy":"category","embeddable":true,"href":"https:\/\/sinprofaz.org.br\/2024\/wp-json\/wp\/v2\/categories?post=13391"},{"taxonomy":"post_tag","embeddable":true,"href":"https:\/\/sinprofaz.org.br\/2024\/wp-json\/wp\/v2\/tags?post=13391"}],"curies":[{"name":"wp","href":"https:\/\/api.w.org\/{rel}","templated":true}]}}