{"id":13382,"date":"2021-06-30T08:20:20","date_gmt":"2021-06-30T11:20:20","guid":{"rendered":"http:\/\/www.sinprofaz.org.br\/?p=13382"},"modified":"2021-07-01T09:29:54","modified_gmt":"2021-07-01T12:29:54","slug":"reflexos-da-cultura-patriarcal-norteiam-palestra-do-projeto-pfn-e-genero","status":"publish","type":"post","link":"https:\/\/sinprofaz.org.br\/2024\/noticias\/reflexos-da-cultura-patriarcal-norteiam-palestra-do-projeto-pfn-e-genero\/","title":{"rendered":"REFLEXOS DA CULTURA PATRIARCAL NORTEIAM PALESTRA DO PROJETO &#8220;PFN E G\u00caNERO&#8221;"},"content":{"rendered":"<p>Promovido pelo SINPROFAZ, o projeto <em>PFN e G\u00eanero: Sensibiliza\u00e7\u00e3o, Conscientiza\u00e7\u00e3o e Di\u00e1logos<\/em> motivou debates sobre ra\u00e7a, classe, tributa\u00e7\u00e3o e v\u00e1rios outros temas. Para encerrar a s\u00e9rie de eventos, a Carreira assistiu ao webinar <em>Olhos nos olhos, quero ver o que voc\u00ea faz!<\/em> <em>&#8211; A constru\u00e7\u00e3o das masculinidades e a an\u00e1lise psicol\u00f3gica da viol\u00eancia masculina<\/em>. Na ocasi\u00e3o, a palestrante Ana Lucia Gomes abriu as exposi\u00e7\u00f5es. Fundadora e gerente de projetos da BeChange &#8211; Consultoria de Impacto Pol\u00edtico e Social, ela \u00e9 mestra em sa\u00fade coletiva pela Universidade Federal do Rio Grande do Sul &#8211; UFRGS, onde se especializou no campo da viol\u00eancia de g\u00eanero.<\/p>\n<p>De acordo com Ana Lucia Gomes, dentro da cultura patriarcal em que vivemos, somos ensinados desde crian\u00e7as a representar pap\u00e9is definidos pelo g\u00eanero. A cultura machista, de domina\u00e7\u00e3o e opress\u00e3o das mulheres, imp\u00f5e, por exemplo, as caracter\u00edsticas esperadas para o homem: ele deve ser forte, viril, invulner\u00e1vel e provedor. &#8220;Essa masculinidade perversa tem consequ\u00eancias perigosas para os homens, mas tamb\u00e9m para as mulheres, que s\u00e3o v\u00edtimas de viol\u00eancia patrimonial, f\u00edsica e psicol\u00f3gica, de estupros e de feminic\u00eddios.&#8221; Ao abordar o tema dos estere\u00f3tipos, a palestrante ressaltou que a maioria dos casos de viol\u00eancia ocorre dentro de casa e com abusadores cujas caracter\u00edsticas f\u00edsicas n\u00e3o despertam medo ou desconfian\u00e7a.<\/p>\n<p>A especialista lembrou a pesquisa realizada na oportunidade do mestrado: Ana Lucia Gomes tomou por refer\u00eancia a campanha &#8220;<a href=\"https:\/\/www.bbc.com\/portuguese\/noticias\/2015\/10\/151028_idade_primeiro_assedio_salasocial_lab\">Meu primeiro ass\u00e9dio<\/a>&#8221; e analisou relatos de mulheres v\u00edtimas de abusos. Segundo a palestrante, os casos ocorreram quando as v\u00edtimas ainda eram crian\u00e7as e os abusadores, \u00e0 \u00e9poca, foram tratados como doentes. &#8220;Precisamos discutir a quest\u00e3o da patologiza\u00e7\u00e3o do abusador. Ele n\u00e3o \u00e9 louco ou doente, mas sim um homem violento, que faz uso dos poderes e privil\u00e9gios conferidos pela cultura patriarcal.&#8221; Para Ana Lucia Gomes, temas como a pedofilia devem ser tratados para al\u00e9m da Classifica\u00e7\u00e3o Internacional de Doen\u00e7as (CID): \u00e9 preciso levar em conta o machismo que norteia as rela\u00e7\u00f5es sociais.<\/p>\n<p>Para assistir \u00e0 exposi\u00e7\u00e3o completa, acesse: <a href=\"https:\/\/www.youtube.com\/watch?v=T-V4bDTyw3U&amp;list=PLE1Pu1WmgaJ_GIHEBn2EmaVPyVg2L1uiW&amp;index=29\">bit.ly\/AnaLuciaGomes<\/a><\/p>\n","protected":false},"excerpt":{"rendered":"<p>De acordo com Ana Lucia Gomes, somos ensinados desde crian\u00e7as a representar pap\u00e9is definidos pelo g\u00eanero. A cultura machista, de opress\u00e3o e domina\u00e7\u00e3o, imp\u00f5e, por exemplo, as caracter\u00edsticas esperadas para o homem: ele deve ser forte, viril, invulner\u00e1vel e provedor.<\/p>\n","protected":false},"author":2,"featured_media":13383,"comment_status":"open","ping_status":"open","sticky":false,"template":"","format":"standard","meta":{"footnotes":""},"categories":[8],"tags":[32,166,25],"featured_image_url":"https:\/\/sinprofaz.org.br\/2024\/wp-content\/uploads\/2021\/06\/Ana-Lucia-Gomes.jpg","character_count":1135,"formatted_date":"30\/06\/2021 - 08:20","contentNovo":"Promovido pelo SINPROFAZ, o projeto <em>PFN e G\u00eanero: Sensibiliza\u00e7\u00e3o, Conscientiza\u00e7\u00e3o e Di\u00e1logos<\/em> motivou debates sobre ra\u00e7a, classe, tributa\u00e7\u00e3o e v\u00e1rios outros temas. Para encerrar a s\u00e9rie de eventos, a Carreira assistiu ao webinar <em>Olhos nos olhos, quero ver o que voc\u00ea faz!<\/em> <em>- A constru\u00e7\u00e3o das masculinidades e a an\u00e1lise psicol\u00f3gica da viol\u00eancia masculina<\/em>. Na ocasi\u00e3o, a palestrante Ana Lucia Gomes abriu as exposi\u00e7\u00f5es. Fundadora e gerente de projetos da BeChange - Consultoria de Impacto Pol\u00edtico e Social, ela \u00e9 mestra em sa\u00fade coletiva pela Universidade Federal do Rio Grande do Sul - UFRGS, onde se especializou no campo da viol\u00eancia de g\u00eanero.\r\n\r\nDe acordo com Ana Lucia Gomes, dentro da cultura patriarcal em que vivemos, somos ensinados desde crian\u00e7as a representar pap\u00e9is definidos pelo g\u00eanero. A cultura machista, de domina\u00e7\u00e3o e opress\u00e3o das mulheres, imp\u00f5e, por exemplo, as caracter\u00edsticas esperadas para o homem: ele deve ser forte, viril, invulner\u00e1vel e provedor. \"Essa masculinidade perversa tem consequ\u00eancias perigosas para os homens, mas tamb\u00e9m para as mulheres, que s\u00e3o v\u00edtimas de viol\u00eancia patrimonial, f\u00edsica e psicol\u00f3gica, de estupros e de feminic\u00eddios.\" Ao abordar o tema dos estere\u00f3tipos, a palestrante ressaltou que a maioria dos casos de viol\u00eancia ocorre dentro de casa e com abusadores cujas caracter\u00edsticas f\u00edsicas n\u00e3o despertam medo ou desconfian\u00e7a.\r\n\r\nA especialista lembrou a pesquisa realizada na oportunidade do mestrado: Ana Lucia Gomes tomou por refer\u00eancia a campanha \"<a href=\"https:\/\/www.bbc.com\/portuguese\/noticias\/2015\/10\/151028_idade_primeiro_assedio_salasocial_lab\">Meu primeiro ass\u00e9dio<\/a>\" e analisou relatos de mulheres v\u00edtimas de abusos. Segundo a palestrante, os casos ocorreram quando as v\u00edtimas ainda eram crian\u00e7as e os abusadores, \u00e0 \u00e9poca, foram tratados como doentes. \"Precisamos discutir a quest\u00e3o da patologiza\u00e7\u00e3o do abusador. Ele n\u00e3o \u00e9 louco ou doente, mas sim um homem violento, que faz uso dos poderes e privil\u00e9gios conferidos pela cultura patriarcal.\" Para Ana Lucia Gomes, temas como a pedofilia devem ser tratados para al\u00e9m da Classifica\u00e7\u00e3o Internacional de Doen\u00e7as (CID): \u00e9 preciso levar em conta o machismo que norteia as rela\u00e7\u00f5es sociais.\r\n\r\nPara assistir \u00e0 exposi\u00e7\u00e3o completa, acesse: <a href=\"https:\/\/www.youtube.com\/watch?v=T-V4bDTyw3U&amp;list=PLE1Pu1WmgaJ_GIHEBn2EmaVPyVg2L1uiW&amp;index=29\">bit.ly\/AnaLuciaGomes<\/a>","_links":{"self":[{"href":"https:\/\/sinprofaz.org.br\/2024\/wp-json\/wp\/v2\/posts\/13382"}],"collection":[{"href":"https:\/\/sinprofaz.org.br\/2024\/wp-json\/wp\/v2\/posts"}],"about":[{"href":"https:\/\/sinprofaz.org.br\/2024\/wp-json\/wp\/v2\/types\/post"}],"author":[{"embeddable":true,"href":"https:\/\/sinprofaz.org.br\/2024\/wp-json\/wp\/v2\/users\/2"}],"replies":[{"embeddable":true,"href":"https:\/\/sinprofaz.org.br\/2024\/wp-json\/wp\/v2\/comments?post=13382"}],"version-history":[{"count":3,"href":"https:\/\/sinprofaz.org.br\/2024\/wp-json\/wp\/v2\/posts\/13382\/revisions"}],"predecessor-version":[{"id":13389,"href":"https:\/\/sinprofaz.org.br\/2024\/wp-json\/wp\/v2\/posts\/13382\/revisions\/13389"}],"wp:featuredmedia":[{"embeddable":true,"href":"https:\/\/sinprofaz.org.br\/2024\/wp-json\/wp\/v2\/media\/13383"}],"wp:attachment":[{"href":"https:\/\/sinprofaz.org.br\/2024\/wp-json\/wp\/v2\/media?parent=13382"}],"wp:term":[{"taxonomy":"category","embeddable":true,"href":"https:\/\/sinprofaz.org.br\/2024\/wp-json\/wp\/v2\/categories?post=13382"},{"taxonomy":"post_tag","embeddable":true,"href":"https:\/\/sinprofaz.org.br\/2024\/wp-json\/wp\/v2\/tags?post=13382"}],"curies":[{"name":"wp","href":"https:\/\/api.w.org\/{rel}","templated":true}]}}