{"id":1334,"date":"2013-06-03T16:41:08","date_gmt":"2013-06-03T16:41:08","guid":{"rendered":""},"modified":"-0001-11-30T00:00:00","modified_gmt":"-0001-11-30T03:00:00","slug":"lancamento-recursos-e-a-duracao-razoavel-do-processo","status":"publish","type":"post","link":"https:\/\/sinprofaz.org.br\/2024\/noticias\/lancamento-recursos-e-a-duracao-razoavel-do-processo\/","title":{"rendered":"Lan\u00e7amento: Recursos e a Dura\u00e7\u00e3o Razo\u00e1vel do Processo"},"content":{"rendered":"<p><img loading=\"lazy\" decoding=\"async\" style=\"margin-right: 10px; margin-bottom: 10px; float: left;\" alt=\"\" src=\"images\/stories\/livro-recursos-duracao.jpg\" height=\"116\" width=\"180\" \/>Na obra autores de diversas escolas abordam a quest\u00e3o por \u00e2ngulos e desdobramentos diversos. Lan\u00e7amento ser\u00e1 na pr\u00f3xima quarta (5) em Vit\u00f3ria\/ES.<\/p>\n<p>Dois Procuradores da Fazenda fazem parte do coletivo de autores. A PFN Rita Dias Nolasco \u00e9 uma das coordenadoras da obra e o PFN Victor Meneses Garcia colabora com a autoria de artigo.<\/p>\n<p>A publica\u00e7\u00e3o trata de temas atuais e remetem a discuss\u00e3o para espa\u00e7o atemporal, na medida em que os textos produzidos s\u00e3o lan\u00e7ados n\u00e3o apenas para o C\u00f3digo de Processo Civil de 1973, mas tamb\u00e9m para a codifica\u00e7\u00e3o que se avizinha, fazendo o paralelo necess\u00e1rio com a Carta Constitucional, farol de todo sistema legal nacional, do qual n\u00e3o se distancia o Direito Processual Civil.<\/p>\n<p>O lan\u00e7amento est\u00e1 marcado para as 18h no Audit\u00f3rio Manoel Vereza, localizado no campus universit\u00e1rio da Universidade Federal do Esp\u00edrito Santo (UFES).<\/p>\n<p><strong>Entrela\u00e7amentos<\/strong><\/p>\n<p>De 4 de junho a 21 de julho, os PFNs podem visitar a exposi\u00e7\u00e3o Campo de Livros, com a&nbsp; participa\u00e7\u00e3o do livro de imagens &#8220;Entrela\u00e7amentos&#8221;, de autoria da Procuradora da Fazenda Nacional aposentada Maria Lucia Reis, que assina a obra como Lucia Reis.<\/p>\n<p>A exposi\u00e7\u00e3o ficar\u00e1 instalada no Centro Cultural da Justi\u00e7a Federal, na cidade do Rio de Janeiro, e a inaugura\u00e7\u00e3o ser\u00e1 em 4 de junho, \u00e0s 19h.<\/p>\n","protected":false},"excerpt":{"rendered":"<p>Na obra autores de diversas escolas abordam a quest\u00e3o por \u00e2ngulos e desdobramentos diversos. Lan\u00e7amento ser\u00e1 na pr\u00f3xima quarta (5) em Vit\u00f3ria\/ES.<\/p>\n","protected":false},"author":1,"featured_media":0,"comment_status":"closed","ping_status":"open","sticky":false,"template":"","format":"standard","meta":{"footnotes":""},"categories":[8],"tags":[],"featured_image_url":"https:\/\/dummyimage.com\/720x400","character_count":662,"formatted_date":"03\/06\/2013 - 16:41","contentNovo":"\r\n<p>Na obra autores de diversas escolas abordam a quest\u00e3o por \u00e2ngulos e desdobramentos diversos. Lan\u00e7amento ser\u00e1 na pr\u00f3xima quarta (5) em Vit\u00f3ria\/ES.<\/p>\r\n<p>Dois Procuradores da Fazenda fazem parte do coletivo de autores. A PFN Rita Dias Nolasco \u00e9 uma das coordenadoras da obra e o PFN Victor Meneses Garcia colabora com a autoria de artigo.<\/p>\r\n<p>A publica\u00e7\u00e3o trata de temas atuais e remetem a discuss\u00e3o para espa\u00e7o atemporal, na medida em que os textos produzidos s\u00e3o lan\u00e7ados n\u00e3o apenas para o C\u00f3digo de Processo Civil de 1973, mas tamb\u00e9m para a codifica\u00e7\u00e3o que se avizinha, fazendo o paralelo necess\u00e1rio com a Carta Constitucional, farol de todo sistema legal nacional, do qual n\u00e3o se distancia o Direito Processual Civil.<\/p>\r\n<p>O lan\u00e7amento est\u00e1 marcado para as 18h no Audit\u00f3rio Manoel Vereza, localizado no campus universit\u00e1rio da Universidade Federal do Esp\u00edrito Santo (UFES).<\/p>\r\n<p><strong>Entrela\u00e7amentos<\/strong><\/p>\r\n<p>De 4 de junho a 21 de julho, os PFNs podem visitar a exposi\u00e7\u00e3o Campo de Livros, com a&nbsp; participa\u00e7\u00e3o do livro de imagens \"Entrela\u00e7amentos\", de autoria da Procuradora da Fazenda Nacional aposentada Maria Lucia Reis, que assina a obra como Lucia Reis.<\/p>\r\n<p>A exposi\u00e7\u00e3o ficar\u00e1 instalada no Centro Cultural da Justi\u00e7a Federal, na cidade do Rio de Janeiro, e a inaugura\u00e7\u00e3o ser\u00e1 em 4 de junho, \u00e0s 19h.<\/p>","_links":{"self":[{"href":"https:\/\/sinprofaz.org.br\/2024\/wp-json\/wp\/v2\/posts\/1334"}],"collection":[{"href":"https:\/\/sinprofaz.org.br\/2024\/wp-json\/wp\/v2\/posts"}],"about":[{"href":"https:\/\/sinprofaz.org.br\/2024\/wp-json\/wp\/v2\/types\/post"}],"author":[{"embeddable":true,"href":"https:\/\/sinprofaz.org.br\/2024\/wp-json\/wp\/v2\/users\/1"}],"replies":[{"embeddable":true,"href":"https:\/\/sinprofaz.org.br\/2024\/wp-json\/wp\/v2\/comments?post=1334"}],"version-history":[{"count":0,"href":"https:\/\/sinprofaz.org.br\/2024\/wp-json\/wp\/v2\/posts\/1334\/revisions"}],"wp:attachment":[{"href":"https:\/\/sinprofaz.org.br\/2024\/wp-json\/wp\/v2\/media?parent=1334"}],"wp:term":[{"taxonomy":"category","embeddable":true,"href":"https:\/\/sinprofaz.org.br\/2024\/wp-json\/wp\/v2\/categories?post=1334"},{"taxonomy":"post_tag","embeddable":true,"href":"https:\/\/sinprofaz.org.br\/2024\/wp-json\/wp\/v2\/tags?post=1334"}],"curies":[{"name":"wp","href":"https:\/\/api.w.org\/{rel}","templated":true}]}}