{"id":13332,"date":"2021-06-15T10:26:19","date_gmt":"2021-06-15T13:26:19","guid":{"rendered":"http:\/\/www.sinprofaz.org.br\/?p=13332"},"modified":"2021-06-15T16:52:40","modified_gmt":"2021-06-15T19:52:40","slug":"pfns-contribuem-com-obra-sobre-a-nova-lei-de-licitacoes-conheca","status":"publish","type":"post","link":"https:\/\/sinprofaz.org.br\/2024\/noticias\/pfns-contribuem-com-obra-sobre-a-nova-lei-de-licitacoes-conheca\/","title":{"rendered":"PFNS CONTRIBUEM COM OBRA SOBRE A NOVA LEI DE LICITA\u00c7\u00d5ES. CONHE\u00c7A!"},"content":{"rendered":"<p>O SINPROFAZ convida a Carreira para conhecer a obra <em>Tratado da Nova Lei de Licita\u00e7\u00f5es e Contratos Administrativos: Lei 14.133\/21 comentada por Advogados P\u00fablicos<\/em>. Lan\u00e7ado no m\u00eas de maio, o livro conta com contribui\u00e7\u00f5es de experientes membros da Advocacia-Geral da Uni\u00e3o, entre os quais os PFNs Carolina Zancaner Zockun,\u00a0F\u00e1bio Mauro de Medeiros, Fl\u00e1vio Garcia Cabral, M\u00f4nica \u00c9llen Pinto Bezerra Antinarelli e Rachel Nogueira de Souza. A obra \u00e9 recomendada pelos c\u00e9lebres juristas Celso Ant\u00f4nio Bandeira de Mello e Weida Zancaner Bandeira de Mello que, para honra dos autores, escreveram o Pref\u00e1cio do livro.<\/p>\n<p>&#8220;Quando desejamos adquirir uma obra com o prop\u00f3sito de aprofundar o conhecimento em um ramo agudamente modificado pela superveni\u00eancia de uma nova lei, ainda mais em campo t\u00e3o conturbado e controvertido como licita\u00e7\u00f5es e contrata\u00e7\u00f5es p\u00fablicas, a primeira pergunta que nos acomete \u00e9: &#8216;Qual ser\u00e1 o meu livro de consulta obrigat\u00f3ria? O meu livro de cabeceira?&#8217;. A resposta correta seria: &#8216;O livro no qual figure como autor um ex\u00edmio estudioso do assunto'&#8221;, apontam os juristas no Pref\u00e1cio, que encerram de modo categ\u00f3rico: &#8220;N\u00e3o estamos diante de uma obra de doutrina. Estamos diante de um verdadeiro achado!&#8221;.<\/p>\n<p>Publicada pela Juspodivm, a obra est\u00e1 \u00e0 venda no site da Editora: <a href=\"https:\/\/www.editorajuspodivm.com.br\/tratado-da-nova-lei-de-licitacoes-e-contratos-administrativos-lei-1413321-comentada-por-advogados-publicos-2021\">www.editorajuspodivm.com.br\/tratado-da-nova-lei-de-licitacoes-e-contratos-administrativos-lei-1413321-comentada-por-advogados-publicos-2021<\/a><\/p>\n","protected":false},"excerpt":{"rendered":"<p>Lan\u00e7ado no m\u00eas de maio, o livro conta com contribui\u00e7\u00f5es de experientes membros da Advocacia-Geral da Uni\u00e3o, entre os quais os filiados Carolina Zancaner Zockun, F\u00e1bio Mauro de Medeiros, M\u00f4nica \u00c9llen Pinto Bezerra Antinarelli e Rachel Nogueira de Souza.<\/p>\n","protected":false},"author":2,"featured_media":13333,"comment_status":"open","ping_status":"open","sticky":false,"template":"","format":"standard","meta":{"footnotes":""},"categories":[8],"tags":[32,121,146,25],"featured_image_url":"https:\/\/sinprofaz.org.br\/2024\/wp-content\/uploads\/2021\/06\/obra-Tratado-da-Nova-Lei-de-Licita\u00e7\u00f5es.jpg","character_count":748,"formatted_date":"15\/06\/2021 - 10:26","contentNovo":"O SINPROFAZ convida a Carreira para conhecer a obra <em>Tratado da Nova Lei de Licita\u00e7\u00f5es e Contratos Administrativos: Lei 14.133\/21 comentada por Advogados P\u00fablicos<\/em>. Lan\u00e7ado no m\u00eas de maio, o livro conta com contribui\u00e7\u00f5es de experientes membros da Advocacia-Geral da Uni\u00e3o, entre os quais os PFNs Carolina Zancaner Zockun,\u00a0F\u00e1bio Mauro de Medeiros, Fl\u00e1vio Garcia Cabral, M\u00f4nica \u00c9llen Pinto Bezerra Antinarelli e Rachel Nogueira de Souza. A obra \u00e9 recomendada pelos c\u00e9lebres juristas Celso Ant\u00f4nio Bandeira de Mello e Weida Zancaner Bandeira de Mello que, para honra dos autores, escreveram o Pref\u00e1cio do livro.\r\n\r\n\"Quando desejamos adquirir uma obra com o prop\u00f3sito de aprofundar o conhecimento em um ramo agudamente modificado pela superveni\u00eancia de uma nova lei, ainda mais em campo t\u00e3o conturbado e controvertido como licita\u00e7\u00f5es e contrata\u00e7\u00f5es p\u00fablicas, a primeira pergunta que nos acomete \u00e9: 'Qual ser\u00e1 o meu livro de consulta obrigat\u00f3ria? O meu livro de cabeceira?'. A resposta correta seria: 'O livro no qual figure como autor um ex\u00edmio estudioso do assunto'\", apontam os juristas no Pref\u00e1cio, que encerram de modo categ\u00f3rico: \"N\u00e3o estamos diante de uma obra de doutrina. Estamos diante de um verdadeiro achado!\".\r\n\r\nPublicada pela Juspodivm, a obra est\u00e1 \u00e0 venda no site da Editora: <a href=\"https:\/\/www.editorajuspodivm.com.br\/tratado-da-nova-lei-de-licitacoes-e-contratos-administrativos-lei-1413321-comentada-por-advogados-publicos-2021\">www.editorajuspodivm.com.br\/tratado-da-nova-lei-de-licitacoes-e-contratos-administrativos-lei-1413321-comentada-por-advogados-publicos-2021<\/a>","_links":{"self":[{"href":"https:\/\/sinprofaz.org.br\/2024\/wp-json\/wp\/v2\/posts\/13332"}],"collection":[{"href":"https:\/\/sinprofaz.org.br\/2024\/wp-json\/wp\/v2\/posts"}],"about":[{"href":"https:\/\/sinprofaz.org.br\/2024\/wp-json\/wp\/v2\/types\/post"}],"author":[{"embeddable":true,"href":"https:\/\/sinprofaz.org.br\/2024\/wp-json\/wp\/v2\/users\/2"}],"replies":[{"embeddable":true,"href":"https:\/\/sinprofaz.org.br\/2024\/wp-json\/wp\/v2\/comments?post=13332"}],"version-history":[{"count":2,"href":"https:\/\/sinprofaz.org.br\/2024\/wp-json\/wp\/v2\/posts\/13332\/revisions"}],"predecessor-version":[{"id":13340,"href":"https:\/\/sinprofaz.org.br\/2024\/wp-json\/wp\/v2\/posts\/13332\/revisions\/13340"}],"wp:featuredmedia":[{"embeddable":true,"href":"https:\/\/sinprofaz.org.br\/2024\/wp-json\/wp\/v2\/media\/13333"}],"wp:attachment":[{"href":"https:\/\/sinprofaz.org.br\/2024\/wp-json\/wp\/v2\/media?parent=13332"}],"wp:term":[{"taxonomy":"category","embeddable":true,"href":"https:\/\/sinprofaz.org.br\/2024\/wp-json\/wp\/v2\/categories?post=13332"},{"taxonomy":"post_tag","embeddable":true,"href":"https:\/\/sinprofaz.org.br\/2024\/wp-json\/wp\/v2\/tags?post=13332"}],"curies":[{"name":"wp","href":"https:\/\/api.w.org\/{rel}","templated":true}]}}