{"id":13321,"date":"2021-06-11T08:31:53","date_gmt":"2021-06-11T11:31:53","guid":{"rendered":"http:\/\/www.sinprofaz.org.br\/?p=13321"},"modified":"2021-06-14T11:09:13","modified_gmt":"2021-06-14T14:09:13","slug":"filiado-publica-artigo-sobre-a-democracia-adiada-dos-partidos-politicos","status":"publish","type":"post","link":"https:\/\/sinprofaz.org.br\/2024\/noticias\/filiado-publica-artigo-sobre-a-democracia-adiada-dos-partidos-politicos\/","title":{"rendered":"FILIADO PUBLICA ARTIGO SOBRE &#8220;A DEMOCRACIA ADIADA DOS PARTIDOS POL\u00cdTICOS&#8221;"},"content":{"rendered":"<p>O filiado Daniel Giotti teve artigo publicado ontem (10) pelo portal Congresso em Foco. No texto, o procurador da Fazenda Nacional discorre a respeito do desafio de salvar as democracias, sob risco motivado pela polariza\u00e7\u00e3o e pela baixa confian\u00e7a nos partidos pol\u00edticos. Giotti tamb\u00e9m aborda a quest\u00e3o dos interesses n\u00e3o-republicanos e antidemocr\u00e1ticos que interferem nas elei\u00e7\u00f5es municipais e a possibilidade de autonomia local dos partidos.<\/p>\n<p>&#8220;Como os partidos em n\u00edvel local n\u00e3o chegam a diret\u00f3rios, passa a ser natural que a agremia\u00e7\u00e3o A ou B seja do deputado ou senador tal, de algu\u00e9m que sequer tem domic\u00edlio eleitoral na cidade e que faz da elei\u00e7\u00e3o local apenas um puxadinho para seu projeto em n\u00edvel estadual ou federal. Nada mais patrimonialista, nada mais ultrajante&#8221;, escreve Giotti em trecho do artigo.<\/p>\n<p>Acesse o portal Congresso em Foco e confira a \u00edntegra da publica\u00e7\u00e3o: <a href=\"https:\/\/congressoemfoco.uol.com.br\/opiniao\/forum-destaque\/a-democracia-adiada-dos-partidos-politicos\/\">congressoemfoco.uol.com.br\/opiniao\/forum-destaque\/a-democracia-adiada-dos-partidos-politicos\/<\/a><\/p>\n","protected":false},"excerpt":{"rendered":"<p>O filiado Daniel Giotti teve artigo publicado ontem (10) pelo portal Congresso em Foco. No texto, o procurador da Fazenda Nacional discorre a respeito do desafio de salvar as democracias, sob risco motivado pela polariza\u00e7\u00e3o e pela baixa confian\u00e7a nos partidos.<\/p>\n","protected":false},"author":2,"featured_media":13222,"comment_status":"open","ping_status":"open","sticky":false,"template":"","format":"standard","meta":{"footnotes":""},"categories":[8],"tags":[32,45,146,25],"featured_image_url":"https:\/\/sinprofaz.org.br\/2024\/wp-content\/uploads\/2021\/05\/congresso-em-foco-central.jpg","character_count":506,"formatted_date":"11\/06\/2021 - 08:31","contentNovo":"O filiado Daniel Giotti teve artigo publicado ontem (10) pelo portal Congresso em Foco. No texto, o procurador da Fazenda Nacional discorre a respeito do desafio de salvar as democracias, sob risco motivado pela polariza\u00e7\u00e3o e pela baixa confian\u00e7a nos partidos pol\u00edticos. Giotti tamb\u00e9m aborda a quest\u00e3o dos interesses n\u00e3o-republicanos e antidemocr\u00e1ticos que interferem nas elei\u00e7\u00f5es municipais e a possibilidade de autonomia local dos partidos.\r\n\r\n\"Como os partidos em n\u00edvel local n\u00e3o chegam a diret\u00f3rios, passa a ser natural que a agremia\u00e7\u00e3o A ou B seja do deputado ou senador tal, de algu\u00e9m que sequer tem domic\u00edlio eleitoral na cidade e que faz da elei\u00e7\u00e3o local apenas um puxadinho para seu projeto em n\u00edvel estadual ou federal. Nada mais patrimonialista, nada mais ultrajante\", escreve Giotti em trecho do artigo.\r\n\r\nAcesse o portal Congresso em Foco e confira a \u00edntegra da publica\u00e7\u00e3o: <a href=\"https:\/\/congressoemfoco.uol.com.br\/opiniao\/forum-destaque\/a-democracia-adiada-dos-partidos-politicos\/\">congressoemfoco.uol.com.br\/opiniao\/forum-destaque\/a-democracia-adiada-dos-partidos-politicos\/<\/a>","_links":{"self":[{"href":"https:\/\/sinprofaz.org.br\/2024\/wp-json\/wp\/v2\/posts\/13321"}],"collection":[{"href":"https:\/\/sinprofaz.org.br\/2024\/wp-json\/wp\/v2\/posts"}],"about":[{"href":"https:\/\/sinprofaz.org.br\/2024\/wp-json\/wp\/v2\/types\/post"}],"author":[{"embeddable":true,"href":"https:\/\/sinprofaz.org.br\/2024\/wp-json\/wp\/v2\/users\/2"}],"replies":[{"embeddable":true,"href":"https:\/\/sinprofaz.org.br\/2024\/wp-json\/wp\/v2\/comments?post=13321"}],"version-history":[{"count":5,"href":"https:\/\/sinprofaz.org.br\/2024\/wp-json\/wp\/v2\/posts\/13321\/revisions"}],"predecessor-version":[{"id":13331,"href":"https:\/\/sinprofaz.org.br\/2024\/wp-json\/wp\/v2\/posts\/13321\/revisions\/13331"}],"wp:featuredmedia":[{"embeddable":true,"href":"https:\/\/sinprofaz.org.br\/2024\/wp-json\/wp\/v2\/media\/13222"}],"wp:attachment":[{"href":"https:\/\/sinprofaz.org.br\/2024\/wp-json\/wp\/v2\/media?parent=13321"}],"wp:term":[{"taxonomy":"category","embeddable":true,"href":"https:\/\/sinprofaz.org.br\/2024\/wp-json\/wp\/v2\/categories?post=13321"},{"taxonomy":"post_tag","embeddable":true,"href":"https:\/\/sinprofaz.org.br\/2024\/wp-json\/wp\/v2\/tags?post=13321"}],"curies":[{"name":"wp","href":"https:\/\/api.w.org\/{rel}","templated":true}]}}