{"id":1326,"date":"2013-05-23T17:45:27","date_gmt":"2013-05-23T17:45:27","guid":{"rendered":""},"modified":"-0001-11-30T00:00:00","modified_gmt":"-0001-11-30T03:00:00","slug":"campanha-do-sinprofaz-em-pauta-na-camara-federal","status":"publish","type":"post","link":"https:\/\/sinprofaz.org.br\/2024\/noticias\/campanha-do-sinprofaz-em-pauta-na-camara-federal\/","title":{"rendered":"Campanha do SINPROFAZ em pauta na C\u00e2mara Federal"},"content":{"rendered":"<p><img loading=\"lazy\" decoding=\"async\" style=\"margin-right: 10px; margin-bottom: 10px; border: 1px solid #000000; float: left;\" alt=\"\" src=\"images\/noticias\/camara-cdc-22052013\/IMG_3512.JPG\" height=\"154\" width=\"218\" \/>Na manh\u00e3 desta quarta-feira (22), o presidente do SINPROFAZ participou de debate na C\u00e2mara sobre os impactos dos tributos no pre\u00e7o final dos produtos ao consumidor.<\/p>\n<p>A reuni\u00e3o foi promovida pela Comiss\u00e3o de Defesa do Consumidor (CDC) da C\u00e2mara dos Deputados. A mesa de debates foi composta pelo presidente do colegiado, deputado Jos\u00e9 Carlos Ara\u00fajo (PSD\/BA); pelo presidente do SINPROFAZ, Allan Titonelli; o presidente do instituto ETCO, Roberto Abdenur; o representante do DPCD, Celso Augusto Rodrigues Soares; e Direitor-Adjunto do Sindifisco, Luiz Antonio Fuchs da Silva.<\/p>\n<p>Titonelli iniciou sua fala parabenizando o presidente da CDC pela iniciativa de propor a realiza\u00e7\u00e3o de audi\u00eancia p\u00fablica para discuss\u00e3o dos tributos incidentes sobre o consumo. Al\u00e9m disso, ressaltou ser oportuno o debate em raz\u00e3o da comemora\u00e7\u00e3o, no pr\u00f3ximo dia 25\/05, do Dia Nacional do Respeito ao Contribuinte.<\/p>\n<p>Na ocasi\u00e3o, o presidente ressaltou que o SINPROFAZ realiza, desde 2009, a Campanha Nacional da Justi\u00e7a Fiscal (consubstanciada no PL 5948\/2009), que visa alertar o governo, a sociedade e o parlamento para a conveni\u00eancia de se fomentar o debate da educa\u00e7\u00e3o fiscal, o combate \u00e0 sonega\u00e7\u00e3o e a discuss\u00e3o de um novo modelo tribut\u00e1rio, em substitui\u00e7\u00e3o ao atual modelo, que onera demasiadamente os mais pobres e pouco incide sobre os mais ricos.<\/p>\n<p>Esses temas, que comp\u00f5em as discuss\u00f5es em torno da t\u00e3o almejada reforma tribut\u00e1ria, t\u00eam colocado o SINPROFAZ em posi\u00e7\u00e3o de destaque, devido aos estudos e campanhas que divulga periodicamente.<\/p>\n<p>O presidente do Sindicato enfatizou a necessidade de maior investimento, por parte do Estado, nos \u00f3rg\u00e3os de controle e de combate \u00e0 corrup\u00e7\u00e3o, tendo em vista que, quanto maior for a base contributiva e o combate \u00e0 corrup\u00e7\u00e3o, menor ser\u00e1 a carga tribut\u00e1ria.<\/p>\n<p>Aproveitou a oportunidade, ainda, para expandir a campanha \u201cQuanto Custa o Brasil pra Voc\u00ea\u201d, que visa educar e conscientizar os cidad\u00e3os do ponto de vista tribut\u00e1rio e fiscal. A campanha \u00e9 uma das bandeiras do SINPROFAZ e vem ganhando for\u00e7a dentro do Congresso Nacional com ades\u00e3o de parlamentares.<\/p>\n<p>Titonelli encerrou sua participa\u00e7\u00e3o na audi\u00eancia com a apresenta\u00e7\u00e3o do aplicativo \u201cNa Real\u201d, desenvolvido pelo Sindicato e que tem o intuito de mostrar \u00e0 popula\u00e7\u00e3o quanto de imposto incide sobre cada produto ou servi\u00e7o.<\/p>\n<p style=\"text-align: center;\"><img loading=\"lazy\" decoding=\"async\" style=\"border: 1px solid #000000;\" alt=\"\" src=\"images\/noticias\/camara-cdc-22052013\/IMG_3514.JPG\" height=\"134\" width=\"200\" \/> <img loading=\"lazy\" decoding=\"async\" style=\"border: 1px solid #000000;\" alt=\"\" src=\"images\/noticias\/camara-cdc-22052013\/IMG_3522.JPG\" height=\"134\" width=\"200\" \/> <img loading=\"lazy\" decoding=\"async\" style=\"border: 1px solid #000000;\" alt=\"\" src=\"images\/noticias\/camara-cdc-22052013\/IMG_3529.JPG\" height=\"134\" width=\"200\" \/> <img loading=\"lazy\" decoding=\"async\" style=\"border: 1px solid #000000;\" alt=\"\" src=\"images\/noticias\/camara-cdc-22052013\/IMG_3533.JPG\" height=\"134\" width=\"200\" \/> <img loading=\"lazy\" decoding=\"async\" style=\"border: 1px solid #000000;\" alt=\"\" src=\"images\/noticias\/camara-cdc-22052013\/IMG_3537.JPG\" height=\"134\" width=\"200\" \/> <img loading=\"lazy\" decoding=\"async\" style=\"border: 1px solid #000000;\" alt=\"\" src=\"images\/noticias\/camara-cdc-22052013\/IMG_3551.JPG\" height=\"134\" width=\"200\" \/> <img loading=\"lazy\" decoding=\"async\" style=\"border: 1px solid #000000;\" alt=\"\" src=\"images\/noticias\/camara-cdc-22052013\/IMG_3558.JPG\" height=\"134\" width=\"200\" \/> <img loading=\"lazy\" decoding=\"async\" style=\"border: 1px solid #000000;\" alt=\"\" src=\"images\/noticias\/camara-cdc-22052013\/IMG_3561.JPG\" height=\"134\" width=\"200\" \/><\/p>\n","protected":false},"excerpt":{"rendered":"<p>Na manh\u00e3 desta quarta-feira (22), o presidente do SINPROFAZ participou de debate na C\u00e2mara sobre os impactos dos tributos no pre\u00e7o final dos produtos ao consumidor.<\/p>\n","protected":false},"author":1,"featured_media":0,"comment_status":"closed","ping_status":"open","sticky":false,"template":"","format":"standard","meta":{"footnotes":""},"categories":[8],"tags":[],"featured_image_url":"https:\/\/dummyimage.com\/720x400","character_count":1185,"formatted_date":"23\/05\/2013 - 17:45","contentNovo":"\r\n<p>Na manh\u00e3 desta quarta-feira (22), o presidente do SINPROFAZ participou de debate na C\u00e2mara sobre os impactos dos tributos no pre\u00e7o final dos produtos ao consumidor.<\/p>\r\n<p>A reuni\u00e3o foi promovida pela Comiss\u00e3o de Defesa do Consumidor (CDC) da C\u00e2mara dos Deputados. A mesa de debates foi composta pelo presidente do colegiado, deputado Jos\u00e9 Carlos Ara\u00fajo (PSD\/BA); pelo presidente do SINPROFAZ, Allan Titonelli; o presidente do instituto ETCO, Roberto Abdenur; o representante do DPCD, Celso Augusto Rodrigues Soares; e Direitor-Adjunto do Sindifisco, Luiz Antonio Fuchs da Silva.<\/p>\r\n<p>Titonelli iniciou sua fala parabenizando o presidente da CDC pela iniciativa de propor a realiza\u00e7\u00e3o de audi\u00eancia p\u00fablica para discuss\u00e3o dos tributos incidentes sobre o consumo. Al\u00e9m disso, ressaltou ser oportuno o debate em raz\u00e3o da comemora\u00e7\u00e3o, no pr\u00f3ximo dia 25\/05, do Dia Nacional do Respeito ao Contribuinte.<\/p>\r\n<p>Na ocasi\u00e3o, o presidente ressaltou que o SINPROFAZ realiza, desde 2009, a Campanha Nacional da Justi\u00e7a Fiscal (consubstanciada no PL 5948\/2009), que visa alertar o governo, a sociedade e o parlamento para a conveni\u00eancia de se fomentar o debate da educa\u00e7\u00e3o fiscal, o combate \u00e0 sonega\u00e7\u00e3o e a discuss\u00e3o de um novo modelo tribut\u00e1rio, em substitui\u00e7\u00e3o ao atual modelo, que onera demasiadamente os mais pobres e pouco incide sobre os mais ricos.<\/p>\r\n<p>Esses temas, que comp\u00f5em as discuss\u00f5es em torno da t\u00e3o almejada reforma tribut\u00e1ria, t\u00eam colocado o SINPROFAZ em posi\u00e7\u00e3o de destaque, devido aos estudos e campanhas que divulga periodicamente.<\/p>\r\n<p>O presidente do Sindicato enfatizou a necessidade de maior investimento, por parte do Estado, nos \u00f3rg\u00e3os de controle e de combate \u00e0 corrup\u00e7\u00e3o, tendo em vista que, quanto maior for a base contributiva e o combate \u00e0 corrup\u00e7\u00e3o, menor ser\u00e1 a carga tribut\u00e1ria.<\/p>\r\n<p>Aproveitou a oportunidade, ainda, para expandir a campanha \u201cQuanto Custa o Brasil pra Voc\u00ea\u201d, que visa educar e conscientizar os cidad\u00e3os do ponto de vista tribut\u00e1rio e fiscal. A campanha \u00e9 uma das bandeiras do SINPROFAZ e vem ganhando for\u00e7a dentro do Congresso Nacional com ades\u00e3o de parlamentares.<\/p>\r\n<p>Titonelli encerrou sua participa\u00e7\u00e3o na audi\u00eancia com a apresenta\u00e7\u00e3o do aplicativo \u201cNa Real\u201d, desenvolvido pelo Sindicato e que tem o intuito de mostrar \u00e0 popula\u00e7\u00e3o quanto de imposto incide sobre cada produto ou servi\u00e7o.<\/p>\r\n<p style=\"text-align: center;\">       <\/p>","_links":{"self":[{"href":"https:\/\/sinprofaz.org.br\/2024\/wp-json\/wp\/v2\/posts\/1326"}],"collection":[{"href":"https:\/\/sinprofaz.org.br\/2024\/wp-json\/wp\/v2\/posts"}],"about":[{"href":"https:\/\/sinprofaz.org.br\/2024\/wp-json\/wp\/v2\/types\/post"}],"author":[{"embeddable":true,"href":"https:\/\/sinprofaz.org.br\/2024\/wp-json\/wp\/v2\/users\/1"}],"replies":[{"embeddable":true,"href":"https:\/\/sinprofaz.org.br\/2024\/wp-json\/wp\/v2\/comments?post=1326"}],"version-history":[{"count":0,"href":"https:\/\/sinprofaz.org.br\/2024\/wp-json\/wp\/v2\/posts\/1326\/revisions"}],"wp:attachment":[{"href":"https:\/\/sinprofaz.org.br\/2024\/wp-json\/wp\/v2\/media?parent=1326"}],"wp:term":[{"taxonomy":"category","embeddable":true,"href":"https:\/\/sinprofaz.org.br\/2024\/wp-json\/wp\/v2\/categories?post=1326"},{"taxonomy":"post_tag","embeddable":true,"href":"https:\/\/sinprofaz.org.br\/2024\/wp-json\/wp\/v2\/tags?post=1326"}],"curies":[{"name":"wp","href":"https:\/\/api.w.org\/{rel}","templated":true}]}}