{"id":1325,"date":"2013-05-22T18:43:06","date_gmt":"2013-05-22T18:43:06","guid":{"rendered":""},"modified":"-0001-11-30T00:00:00","modified_gmt":"-0001-11-30T03:00:00","slug":"pgfn-confirma-nomeacao-de-200-pfns-em-julho","status":"publish","type":"post","link":"https:\/\/sinprofaz.org.br\/2024\/noticias\/pgfn-confirma-nomeacao-de-200-pfns-em-julho\/","title":{"rendered":"PGFN confirma nomea\u00e7\u00e3o de 200 PFNs em julho"},"content":{"rendered":"<p>A comunica\u00e7\u00e3o sobre a convoca\u00e7\u00e3o dos candidatos foi feita ontem, 21\/05, em mensagem da Procuradora-Geral da Fazenda Nacional, Adriana Queiroz de Carvalho, aos membros da carreira.<\/p>\n<p>O provimento dos cargos vagos com a nomea\u00e7\u00e3o dos aprovados no \u00faltimo concurso \u00e9 um dos pleitos priorit\u00e1rios do SINPROFAZ. A diretoria do Sindicato vinha chamando aten\u00e7\u00e3o dos parlamentares para a necessidade de convoca\u00e7\u00e3o dos Procuradores da Fazenda, alertando tamb\u00e9m sobre outros problemas que afligem a carreira como a grande evas\u00e3o de quadros e a aprova\u00e7\u00e3o da PEC 544\/02, que cria mais quatro Tribunais Regionais Federais, e traz desequil\u00edbrio no rol de atores da presta\u00e7\u00e3o jurisdicional.<\/p>\n<p>O trabalho cotidiano do SINPROFAZ nesse sentido motivou iniciativas de parlamentares para dar sustenta\u00e7\u00e3o \u00e0 demanda da carreira. Alguns deputados encaminharam requerimentos de informa\u00e7\u00e3o e indica\u00e7\u00f5es \u00e0 ministra do Planejamento, Or\u00e7amento e Gest\u00e3o com pedidos de nomea\u00e7\u00e3o dos aprovados.<\/p>\n<p>Ao mesmo tempo em que o Sindicato celebra a convoca\u00e7\u00e3o dos novos colegas, registra que continuar\u00e1 atuando para que todos os aprovados sejam nomeados e tamb\u00e9m para assegurar a abertura imediata de novo concurso.<\/p>\n<h3>Nomea\u00e7\u00e3o<\/h3>\n<p>Segundo as informa\u00e7\u00f5es divulgadas pela Procuradora-Geral, a nomea\u00e7\u00e3o de 200 Procuradores da Fazenda ocorrer\u00e1 em julho pr\u00f3ximo.<\/p>\n<p>Em breve, ser\u00e1 divulgada a data para apresenta\u00e7\u00e3o, por videoconfer\u00eancia, do estudo de lota\u00e7\u00e3o e da abertura da remo\u00e7\u00e3o.<\/p>\n","protected":false},"excerpt":{"rendered":"<p>A luta pela convoca\u00e7\u00e3o imediata de todos os PFNs tem sido uma das bandeiras do SINPROFAZ desde que o respectivo concurso entrou em suas fases finais.<\/p>\n","protected":false},"author":1,"featured_media":0,"comment_status":"closed","ping_status":"open","sticky":false,"template":"","format":"standard","meta":{"footnotes":""},"categories":[8],"tags":[],"featured_image_url":"https:\/\/dummyimage.com\/720x400","character_count":738,"formatted_date":"22\/05\/2013 - 18:43","contentNovo":"\r\n<p>A comunica\u00e7\u00e3o sobre a convoca\u00e7\u00e3o dos candidatos foi feita ontem, 21\/05, em mensagem da Procuradora-Geral da Fazenda Nacional, Adriana Queiroz de Carvalho, aos membros da carreira.<\/p>\r\n<p>O provimento dos cargos vagos com a nomea\u00e7\u00e3o dos aprovados no \u00faltimo concurso \u00e9 um dos pleitos priorit\u00e1rios do SINPROFAZ. A diretoria do Sindicato vinha chamando aten\u00e7\u00e3o dos parlamentares para a necessidade de convoca\u00e7\u00e3o dos Procuradores da Fazenda, alertando tamb\u00e9m sobre outros problemas que afligem a carreira como a grande evas\u00e3o de quadros e a aprova\u00e7\u00e3o da PEC 544\/02, que cria mais quatro Tribunais Regionais Federais, e traz desequil\u00edbrio no rol de atores da presta\u00e7\u00e3o jurisdicional.<\/p>\r\n<p>O trabalho cotidiano do SINPROFAZ nesse sentido motivou iniciativas de parlamentares para dar sustenta\u00e7\u00e3o \u00e0 demanda da carreira. Alguns deputados encaminharam requerimentos de informa\u00e7\u00e3o e indica\u00e7\u00f5es \u00e0 ministra do Planejamento, Or\u00e7amento e Gest\u00e3o com pedidos de nomea\u00e7\u00e3o dos aprovados.<\/p>\r\n<p>Ao mesmo tempo em que o Sindicato celebra a convoca\u00e7\u00e3o dos novos colegas, registra que continuar\u00e1 atuando para que todos os aprovados sejam nomeados e tamb\u00e9m para assegurar a abertura imediata de novo concurso.<\/p>\r\nNomea\u00e7\u00e3o\r\n<p>Segundo as informa\u00e7\u00f5es divulgadas pela Procuradora-Geral, a nomea\u00e7\u00e3o de 200 Procuradores da Fazenda ocorrer\u00e1 em julho pr\u00f3ximo.<\/p>\r\n<p>Em breve, ser\u00e1 divulgada a data para apresenta\u00e7\u00e3o, por videoconfer\u00eancia, do estudo de lota\u00e7\u00e3o e da abertura da remo\u00e7\u00e3o.<\/p>","_links":{"self":[{"href":"https:\/\/sinprofaz.org.br\/2024\/wp-json\/wp\/v2\/posts\/1325"}],"collection":[{"href":"https:\/\/sinprofaz.org.br\/2024\/wp-json\/wp\/v2\/posts"}],"about":[{"href":"https:\/\/sinprofaz.org.br\/2024\/wp-json\/wp\/v2\/types\/post"}],"author":[{"embeddable":true,"href":"https:\/\/sinprofaz.org.br\/2024\/wp-json\/wp\/v2\/users\/1"}],"replies":[{"embeddable":true,"href":"https:\/\/sinprofaz.org.br\/2024\/wp-json\/wp\/v2\/comments?post=1325"}],"version-history":[{"count":0,"href":"https:\/\/sinprofaz.org.br\/2024\/wp-json\/wp\/v2\/posts\/1325\/revisions"}],"wp:attachment":[{"href":"https:\/\/sinprofaz.org.br\/2024\/wp-json\/wp\/v2\/media?parent=1325"}],"wp:term":[{"taxonomy":"category","embeddable":true,"href":"https:\/\/sinprofaz.org.br\/2024\/wp-json\/wp\/v2\/categories?post=1325"},{"taxonomy":"post_tag","embeddable":true,"href":"https:\/\/sinprofaz.org.br\/2024\/wp-json\/wp\/v2\/tags?post=1325"}],"curies":[{"name":"wp","href":"https:\/\/api.w.org\/{rel}","templated":true}]}}