{"id":13218,"date":"2021-05-13T08:30:09","date_gmt":"2021-05-13T11:30:09","guid":{"rendered":"http:\/\/www.sinprofaz.org.br\/?p=13218"},"modified":"2021-05-14T08:49:39","modified_gmt":"2021-05-14T11:49:39","slug":"relatorio-de-darci-de-matos-pauta-reuniao-entre-entidades-do-fonacate","status":"publish","type":"post","link":"https:\/\/sinprofaz.org.br\/2024\/noticias\/relatorio-de-darci-de-matos-pauta-reuniao-entre-entidades-do-fonacate\/","title":{"rendered":"RELAT\u00d3RIO DE DARCI DE MATOS PAUTA REUNI\u00c3O ENTRE ENTIDADES DO FONACATE"},"content":{"rendered":"<p>O SINPROFAZ, representado pelo presidente Jos\u00e9 Ernane Brito, participou na ter\u00e7a-feira (11) de Assembleia Geral do F\u00f3rum Nacional Permanente de Carreiras T\u00edpicas de Estado &#8211; Fonacate. Na oportunidade, as entidades filiadas receberam a not\u00edcia do parecer de Darci de Matos (PSD-SC), relator da PEC 32\/2020 na Comiss\u00e3o de Constitui\u00e7\u00e3o e Justi\u00e7a e de Cidadania &#8211; CCJC da C\u00e2mara dos Deputados. O parlamentar se manifestou pela admissibilidade da Proposta de Emenda.<\/p>\n<p>De acordo com o presidente do Fonacate, Rudinei Marques, \u201co relat\u00f3rio antecipado da CCJC demonstra o descaso do deputado Darci de Matos com o servi\u00e7o p\u00fablico. \u00c9 um relat\u00f3rio acr\u00edtico, que mant\u00e9m absurdos da proposta inicial. Temos que redobrar os esfor\u00e7os para derrotar a PEC 32 na Comiss\u00e3o Especial\u201d. Considerando o cen\u00e1rio, discutiu-se a possibilidade de mobiliza\u00e7\u00f5es nas bases dos parlamentares indecisos como forma de press\u00e3o contra a Proposta.<\/p>\n<p>Entidades filiadas ao Fonacate participaram de audi\u00eancias p\u00fablicas na CCJC para debate sobre a reforma administrativa. O SINPROFAZ foi uma delas, representada, na ocasi\u00e3o, por Jos\u00e9 Ernane Brito. &#8220;O Sindicato est\u00e1 \u00e0 disposi\u00e7\u00e3o para continuar subsidiando o Parlamento com dados relativos aos servidores p\u00fablicos, de modo que seja produzido um texto que promova a efici\u00eancia do servi\u00e7o de excel\u00eancia e n\u00e3o a sua destrui\u00e7\u00e3o&#8221;, afirmou o presidente na ocasi\u00e3o da audi\u00eancia realizada na \u00faltima sexta-feira (7).<\/p>\n<p>Outra quest\u00e3o discutida durante a Assembleia Geral foi o projeto de lei da Avalia\u00e7\u00e3o de Desempenho que o Fonacate pretende apresentar para debate. J\u00e1 h\u00e1 um grupo de trabalho debru\u00e7ado sobre os pontos que devem constar da proposta. No m\u00eas de junho, o Fonacate promover\u00e1 um semin\u00e1rio com especialistas e acad\u00eamicos para avan\u00e7ar nas discuss\u00f5es e na elabora\u00e7\u00e3o do projeto.<\/p>\n","protected":false},"excerpt":{"rendered":"<p>O SINPROFAZ, representado pelo presidente Jos\u00e9 Ernane Brito, participou de Assembleia Geral do F\u00f3rum Nacional Permanente de Carreiras T\u00edpicas de Estado. Na oportunidade, as entidades receberam a not\u00edcia do parecer de Darci de Matos (PSD-SC), relator da PEC 32 na CCJC da C\u00e2mara.<\/p>\n","protected":false},"author":2,"featured_media":13219,"comment_status":"open","ping_status":"open","sticky":false,"template":"","format":"standard","meta":{"footnotes":""},"categories":[8],"tags":[122,151,25],"featured_image_url":"https:\/\/sinprofaz.org.br\/2024\/wp-content\/uploads\/2021\/05\/reuniao.jpg","character_count":934,"formatted_date":"13\/05\/2021 - 08:30","contentNovo":"O SINPROFAZ, representado pelo presidente Jos\u00e9 Ernane Brito, participou na ter\u00e7a-feira (11) de Assembleia Geral do F\u00f3rum Nacional Permanente de Carreiras T\u00edpicas de Estado - Fonacate. Na oportunidade, as entidades filiadas receberam a not\u00edcia do parecer de Darci de Matos (PSD-SC), relator da PEC 32\/2020 na Comiss\u00e3o de Constitui\u00e7\u00e3o e Justi\u00e7a e de Cidadania - CCJC da C\u00e2mara dos Deputados. O parlamentar se manifestou pela admissibilidade da Proposta de Emenda.\r\n\r\nDe acordo com o presidente do Fonacate, Rudinei Marques, \u201co relat\u00f3rio antecipado da CCJC demonstra o descaso do deputado Darci de Matos com o servi\u00e7o p\u00fablico. \u00c9 um relat\u00f3rio acr\u00edtico, que mant\u00e9m absurdos da proposta inicial. Temos que redobrar os esfor\u00e7os para derrotar a PEC 32 na Comiss\u00e3o Especial\u201d. Considerando o cen\u00e1rio, discutiu-se a possibilidade de mobiliza\u00e7\u00f5es nas bases dos parlamentares indecisos como forma de press\u00e3o contra a Proposta.\r\n\r\nEntidades filiadas ao Fonacate participaram de audi\u00eancias p\u00fablicas na CCJC para debate sobre a reforma administrativa. O SINPROFAZ foi uma delas, representada, na ocasi\u00e3o, por Jos\u00e9 Ernane Brito. \"O Sindicato est\u00e1 \u00e0 disposi\u00e7\u00e3o para continuar subsidiando o Parlamento com dados relativos aos servidores p\u00fablicos, de modo que seja produzido um texto que promova a efici\u00eancia do servi\u00e7o de excel\u00eancia e n\u00e3o a sua destrui\u00e7\u00e3o\", afirmou o presidente na ocasi\u00e3o da audi\u00eancia realizada na \u00faltima sexta-feira (7).\r\n\r\nOutra quest\u00e3o discutida durante a Assembleia Geral foi o projeto de lei da Avalia\u00e7\u00e3o de Desempenho que o Fonacate pretende apresentar para debate. J\u00e1 h\u00e1 um grupo de trabalho debru\u00e7ado sobre os pontos que devem constar da proposta. No m\u00eas de junho, o Fonacate promover\u00e1 um semin\u00e1rio com especialistas e acad\u00eamicos para avan\u00e7ar nas discuss\u00f5es e na elabora\u00e7\u00e3o do projeto.","_links":{"self":[{"href":"https:\/\/sinprofaz.org.br\/2024\/wp-json\/wp\/v2\/posts\/13218"}],"collection":[{"href":"https:\/\/sinprofaz.org.br\/2024\/wp-json\/wp\/v2\/posts"}],"about":[{"href":"https:\/\/sinprofaz.org.br\/2024\/wp-json\/wp\/v2\/types\/post"}],"author":[{"embeddable":true,"href":"https:\/\/sinprofaz.org.br\/2024\/wp-json\/wp\/v2\/users\/2"}],"replies":[{"embeddable":true,"href":"https:\/\/sinprofaz.org.br\/2024\/wp-json\/wp\/v2\/comments?post=13218"}],"version-history":[{"count":2,"href":"https:\/\/sinprofaz.org.br\/2024\/wp-json\/wp\/v2\/posts\/13218\/revisions"}],"predecessor-version":[{"id":13233,"href":"https:\/\/sinprofaz.org.br\/2024\/wp-json\/wp\/v2\/posts\/13218\/revisions\/13233"}],"wp:featuredmedia":[{"embeddable":true,"href":"https:\/\/sinprofaz.org.br\/2024\/wp-json\/wp\/v2\/media\/13219"}],"wp:attachment":[{"href":"https:\/\/sinprofaz.org.br\/2024\/wp-json\/wp\/v2\/media?parent=13218"}],"wp:term":[{"taxonomy":"category","embeddable":true,"href":"https:\/\/sinprofaz.org.br\/2024\/wp-json\/wp\/v2\/categories?post=13218"},{"taxonomy":"post_tag","embeddable":true,"href":"https:\/\/sinprofaz.org.br\/2024\/wp-json\/wp\/v2\/tags?post=13218"}],"curies":[{"name":"wp","href":"https:\/\/api.w.org\/{rel}","templated":true}]}}