{"id":132,"date":"2011-02-02T13:47:50","date_gmt":"2011-02-02T13:47:50","guid":{"rendered":""},"modified":"-0001-11-30T00:00:00","modified_gmt":"-0001-11-30T03:00:00","slug":"20073400024079-7","status":"publish","type":"post","link":"https:\/\/sinprofaz.org.br\/2024\/sem-categoria\/20073400024079-7\/","title":{"rendered":"2007.34.00.024079-7"},"content":{"rendered":"","protected":false},"excerpt":{"rendered":"<p><strong>Arquivos:<\/strong> <br \/> <a class=\"book_icon\" title=\"Processo 2007.34.00.024079-7 VOL 1\" href=\"images\/stories\/processos\/2007.34.00.024079-7_vol1.pdf\" target=\"_blank\">Volume 1<\/a> <br \/> <a class=\"book_icon\" title=\"Processo 2007.34.00.024079-7 VOL 2\" href=\"images\/stories\/processos\/2007.34.00.024079-7_vol2.pdf\" target=\"_blank\">Volume 2<\/a> <br \/> <a class=\"book_icon\" title=\"Processo 2007.34.00.003657-6 APENSO\" href=\"images\/stories\/processos\/2007.34.00.003657-6_apenso.pdf\" target=\"_blank\">Apenso<\/a><\/p>\n<p><b>IMPORTANTE:<\/b> (OS N\u00daMEROS DE FLS. INDICADOS S\u00c3O OS DO ARQUIVO DIGITAL. O VOLUME CORRESPONDE A UM DOS ARQUIVOS DIGITAIS QUE S\u00c3O DIVIDIDOS EM VOLUMES)<\/p>\n<p><b>\u00cdndice:<\/b><\/p>\n<table class=\"tb_processo\">\n<thead>\n<tr>\n<td>Identifica\u00e7\u00e3o<\/td>\n<td>Fl.<\/td>\n<td>Vol.<\/td>\n<\/tr>\n<\/thead>\n<tbody>\n<tr>\n<td>Peti\u00e7\u00e3o inicial<\/td>\n<td>04<\/td>\n<td>01<\/td>\n<\/tr>\n<tr>\n<td>Contesta\u00e7\u00e3o<\/td>\n<td>29<\/td>\n<td>02<\/td>\n<\/tr>\n<tr>\n<td>Decis\u00e3o liminar<\/td>\n<td>06<\/td>\n<td>02<\/td>\n<\/tr>\n<tr>\n<td>Decis\u00e3o que aprecia a impugna\u00e7\u00e3o ao valor da causa<\/td>\n<td>56<\/td>\n<td>02<\/td>\n<\/tr>\n<\/tbody>\n<\/table>\n<p><!--\n\n<p><b>Data de atualiza\u00e7\u00e3o:<\/b> 18\/10\/2010<\/p>\n\n--><\/p>\n<p><b>\u00daltima folha:<\/b> 793<\/p>\n<p><b>OBJETO:<\/b><\/p>\n<p>A antecipa\u00e7\u00e3o da tutela referente aos valores atrasados efetivamente reconhecidos pela Uni\u00e3o, conforme planilhas elaboradas pela Coordena\u00e7\u00e3o-Geral de Recursos Humanos do Minist\u00e9rio da Fazenda (COGRH-MF), encaminhadas pelo oficio 771, de 29 de junho de 2007, com fundamento no art. 273 do c\u00f3digo de Processo Civil, em raz\u00e3o da natureza incontroversa do pedido (promo\u00e7\u00e3o retroativa, publicada no DOU) e valores reconhecidos nas planilhas elaboradas pela COGRH), conforme explicitado acima em item espec\u00edfico.<\/p>\n<p>Com ou sem contesta\u00e7\u00e3o, requer seja condenada a r\u00e9, Uni\u00e3o, a pagar aos filiados do Sindicato autor, os valores referentes \u00e0 promo\u00e7\u00e3o de cada um dos Procuradores da Fazenda Nacional promovidos pela Portaria Conjunta do Advogado-Geral da Uni\u00e3o e do Ministro da Fazenda, publicada no DOU, Se\u00e7\u00e3o 2, dia 29.06.2006 e requer ainda:<\/p>\n<p>Que a condena\u00e7\u00e3o contemple os efeitos financeiros retroativos a partir da data da promo\u00e7\u00e3o de cada um dos substitu\u00eddos, de acordo com os valores indicados nas planilhas individuais elaboradas pelo pr\u00f3prio Minist\u00e9rio da Fazenda, acrescidas, em qualquer hip\u00f3tese, da corre\u00e7\u00e3o monet\u00e1ria.<\/p>\n<p>Que a condena\u00e7\u00e3o em senten\u00e7a contemple a incid\u00eancia dos juros morat\u00f3rios a partir da implanta\u00e7\u00e3o da promo\u00e7\u00e3o.<\/p>\n<p>A n\u00e3o incid\u00eancia do Imposto de Renda e da Contribui\u00e7\u00e3o para o PSS sobre os valores individuais a serem pagos a cada um dos Procuradores, em raz\u00e3o da natureza indenizat\u00f3ria, conforme Pareceres PGFN nOs 529\/2003 e 92312003 que isentou os Membros Poder Judici\u00e1rio e do Minist\u00e9rio Publico da incid\u00eancia do imposto de renda e da contribui\u00e7\u00e3o para o regime de previd\u00eancia sobre verbas recebidas em atraso, bem como da Resolu\u00e7\u00e3o 245\/2002 do Supremo Tribunal Federal.<\/p>\n<p>Na senten\u00e7a a Uni\u00e3o deve ser condenada ao pagamento das diferen\u00e7as referentes ao 13 sal\u00e1rio e f\u00e9rias bem \u00e0 corre\u00e7\u00e3o monet\u00e1ria de todo o periodo e \u00e0 incid\u00eancia de juros de mora; ambos, corre\u00e7\u00e3o monet\u00e1ria e juros de mora devem incidir sobre o montante total a que faz jus cada um dos Procuradores da Fazenda Nacional beneficiados com a promo\u00e7\u00e3o atrasada.<\/p>\n","protected":false},"author":1,"featured_media":0,"comment_status":"closed","ping_status":"open","sticky":false,"template":"","format":"standard","meta":{"footnotes":""},"categories":[1],"tags":[],"featured_image_url":"https:\/\/dummyimage.com\/720x400","character_count":0,"formatted_date":"02\/02\/2011 - 13:47","contentNovo":"","_links":{"self":[{"href":"https:\/\/sinprofaz.org.br\/2024\/wp-json\/wp\/v2\/posts\/132"}],"collection":[{"href":"https:\/\/sinprofaz.org.br\/2024\/wp-json\/wp\/v2\/posts"}],"about":[{"href":"https:\/\/sinprofaz.org.br\/2024\/wp-json\/wp\/v2\/types\/post"}],"author":[{"embeddable":true,"href":"https:\/\/sinprofaz.org.br\/2024\/wp-json\/wp\/v2\/users\/1"}],"replies":[{"embeddable":true,"href":"https:\/\/sinprofaz.org.br\/2024\/wp-json\/wp\/v2\/comments?post=132"}],"version-history":[{"count":0,"href":"https:\/\/sinprofaz.org.br\/2024\/wp-json\/wp\/v2\/posts\/132\/revisions"}],"wp:attachment":[{"href":"https:\/\/sinprofaz.org.br\/2024\/wp-json\/wp\/v2\/media?parent=132"}],"wp:term":[{"taxonomy":"category","embeddable":true,"href":"https:\/\/sinprofaz.org.br\/2024\/wp-json\/wp\/v2\/categories?post=132"},{"taxonomy":"post_tag","embeddable":true,"href":"https:\/\/sinprofaz.org.br\/2024\/wp-json\/wp\/v2\/tags?post=132"}],"curies":[{"name":"wp","href":"https:\/\/api.w.org\/{rel}","templated":true}]}}