{"id":13168,"date":"2021-05-07T11:44:21","date_gmt":"2021-05-07T14:44:21","guid":{"rendered":"http:\/\/www.sinprofaz.org.br\/?p=13168"},"modified":"2021-05-07T14:39:37","modified_gmt":"2021-05-07T17:39:37","slug":"em-audiencia-da-camara-dos-deputados-sinprofaz-debate-admissibilidade-da-pec-32","status":"publish","type":"post","link":"https:\/\/sinprofaz.org.br\/2024\/noticias\/em-audiencia-da-camara-dos-deputados-sinprofaz-debate-admissibilidade-da-pec-32\/","title":{"rendered":"EM AUDI\u00caNCIA DA C\u00c2MARA DOS DEPUTADOS, SINPROFAZ DEBATE ADMISSIBILIDADE DA PEC 32"},"content":{"rendered":"<p>O SINPROFAZ, representado pelo presidente Jos\u00e9 Ernane Brito, participou hoje (7) de audi\u00eancia p\u00fablica virtual da C\u00e2mara dos Deputados. A reuni\u00e3o foi realizada pela Comiss\u00e3o de Constitui\u00e7\u00e3o e Justi\u00e7a e de Cidadania &#8211; CCJC e promoveu um debate sobre a PEC 32\/2020, relativa \u00e0 reforma administrativa. Na ocasi\u00e3o, os expositores argumentaram a respeito da vulnerabilidade e da inseguran\u00e7a jur\u00eddica que a proposta de emenda imp\u00f5e aos servidores p\u00fablicos, os quais tiveram e t\u00eam papel essencial neste per\u00edodo de crise sanit\u00e1ria enfrentado pelo pa\u00eds. Conforme os palestrantes, a PEC \u00e9 flagrantemente inconstitucional e tem os &#8220;alvos errados&#8221;, visto que vai de encontro ao necess\u00e1rio fortalecimento do funcionalismo.<\/p>\n<p>Ao iniciar a exposi\u00e7\u00e3o, Jos\u00e9 Ernane Brito ressaltou a import\u00e2ncia de se ampliar o debate a respeito da pretendida reforma, oportunidade em que cumprimentou os deputados Tadeu Alencar (PSB-PE), Paulo Teixeira (PT-SP) e F\u00e1bio Trad (PSD-MS), autores dos requerimentos para participa\u00e7\u00e3o do Sindicato na audi\u00eancia; Bia Kicis (PSL-DF), presidente da CCJC; Darci de Matos (PSD-SC), relator da PEC 32; Israel Batista (PV-DF), presidente da Frente Servir Brasil; Maria do Ros\u00e1rio (PT-RS) e Gerv\u00e1sio Maia (PSB-PB), destacados defensores do servi\u00e7o p\u00fablico no Congresso Nacional. O presidente do SINPROFAZ tamb\u00e9m manifestou a solidariedade do Sindicato aos familiares e amigos das mais de 400 mil v\u00edtimas da Covid-19.<\/p>\n<p>Conforme o relator da proposta, a economia pretendida com a PEC 32 \u00e9 de R$ 300 bilh\u00f5es em 10 anos. Em contrapartida, o Soneg\u00f4metro aponta que a sonega\u00e7\u00e3o fiscal tem superado os R$ 626 bilh\u00f5es anualmente. &#8220;Sangraremos uma d\u00e9cada para economizar metade desse valor. Em um ano de combate \u00e0 sonega\u00e7\u00e3o, pagar\u00edamos duas reformas administrativas&#8221;, argumentou o presidente do SINPROFAZ, que completou: &#8220;O caminho est\u00e1 no fortalecimento do servi\u00e7o p\u00fablico, do Estado fiscal que arrecada&#8221;. De acordo com Jos\u00e9 Ernane Brito, o Sindicato segue \u00e0 disposi\u00e7\u00e3o para continuar subsidiando o Parlamento com dados relativos ao funcionalismo, de modo que seja produzido um texto que promova a efici\u00eancia do servi\u00e7o p\u00fablico de excel\u00eancia e n\u00e3o a sua destrui\u00e7\u00e3o.<\/p>\n<p>Em apoio \u00e0 exposi\u00e7\u00e3o do presidente do SINPROFAZ, o filiado Tadeu Alencar destacou a Fun\u00e7\u00e3o Essencial desempenhada pela Carreira, que atua em favor do er\u00e1rio e da justi\u00e7a fiscal. Segundo o deputado federal, a toler\u00e2ncia ao devedor de impostos incomoda o sentimento de cidadania. Da\u00ed a necessidade de valoriza\u00e7\u00e3o dos procuradores da Fazenda Nacional, &#8220;respons\u00e1veis por grandes vit\u00f3rias contra ataques feitos, via contencioso tribut\u00e1rio, por aqueles que n\u00e3o querem honrar com suas obriga\u00e7\u00f5es&#8221;. Quanto \u00e0 proposta de reforma administrativa, o parlamentar declarou que &#8220;a PEC 32, longe de fortalecer o Estado, \u00e9 uma agress\u00e3o inaceit\u00e1vel \u00e0 estrutura do servi\u00e7o p\u00fablico. Lutaremos bravamente contra ela&#8221;.<\/p>\n<p>Para conferir a \u00edntegra das exposi\u00e7\u00f5es, acesse: <a href=\"https:\/\/www.youtube.com\/watch?v=4NNyOf8wWEk\">www.youtube.com\/watch?v=4NNyOf8wWEk<\/a><\/p>\n\n\t\t<style type=\"text\/css\">\n\t\t\t#gallery-1 {\n\t\t\t\tmargin: auto;\n\t\t\t}\n\t\t\t#gallery-1 .gallery-item {\n\t\t\t\tfloat: left;\n\t\t\t\tmargin-top: 10px;\n\t\t\t\ttext-align: center;\n\t\t\t\twidth: 33%;\n\t\t\t}\n\t\t\t#gallery-1 img {\n\t\t\t\tborder: 2px solid #cfcfcf;\n\t\t\t}\n\t\t\t#gallery-1 .gallery-caption {\n\t\t\t\tmargin-left: 0;\n\t\t\t}\n\t\t\t\/* see gallery_shortcode() in wp-includes\/media.php *\/\n\t\t<\/style>\n\t\t<div id='gallery-1' class='gallery galleryid-13168 gallery-columns-3 gallery-size-thumbnail'><dl class='gallery-item'>\n\t\t\t<dt class='gallery-icon landscape'>\n\t\t\t\t<a href='https:\/\/sinprofaz.org.br\/2024\/wp-content\/uploads\/2021\/05\/audi\u00eancia-2.jpg'><img loading=\"lazy\" decoding=\"async\" width=\"150\" height=\"150\" src=\"https:\/\/sinprofaz.org.br\/2024\/wp-content\/uploads\/2021\/05\/audi\u00eancia-2-150x150.jpg\" class=\"attachment-thumbnail size-thumbnail\" alt=\"\" \/><\/a>\n\t\t\t<\/dt><\/dl><dl class='gallery-item'>\n\t\t\t<dt class='gallery-icon landscape'>\n\t\t\t\t<a href='https:\/\/sinprofaz.org.br\/2024\/wp-content\/uploads\/2021\/05\/audi\u00eancia-3.jpg'><img loading=\"lazy\" decoding=\"async\" width=\"150\" height=\"150\" src=\"https:\/\/sinprofaz.org.br\/2024\/wp-content\/uploads\/2021\/05\/audi\u00eancia-3-150x150.jpg\" class=\"attachment-thumbnail size-thumbnail\" alt=\"\" \/><\/a>\n\t\t\t<\/dt><\/dl>\n\t\t\t<br style='clear: both' \/>\n\t\t<\/div>\n\n","protected":false},"excerpt":{"rendered":"<p>O SINPROFAZ, representado pelo presidente Jos\u00e9 Ernane Brito, participou de audi\u00eancia p\u00fablica da C\u00e2mara dos Deputados. A reuni\u00e3o foi realizada pela Comiss\u00e3o de Constitui\u00e7\u00e3o e Justi\u00e7a e de Cidadania &#8211; CCJC.<\/p>\n","protected":false},"author":2,"featured_media":13169,"comment_status":"open","ping_status":"open","sticky":false,"template":"","format":"standard","meta":{"footnotes":""},"categories":[8],"tags":[48,151,25],"featured_image_url":"https:\/\/sinprofaz.org.br\/2024\/wp-content\/uploads\/2021\/05\/audi\u00eancia-1.jpg","character_count":1730,"formatted_date":"07\/05\/2021 - 11:44","contentNovo":"O SINPROFAZ, representado pelo presidente Jos\u00e9 Ernane Brito, participou hoje (7) de audi\u00eancia p\u00fablica virtual da C\u00e2mara dos Deputados. A reuni\u00e3o foi realizada pela Comiss\u00e3o de Constitui\u00e7\u00e3o e Justi\u00e7a e de Cidadania - CCJC e promoveu um debate sobre a PEC 32\/2020, relativa \u00e0 reforma administrativa. Na ocasi\u00e3o, os expositores argumentaram a respeito da vulnerabilidade e da inseguran\u00e7a jur\u00eddica que a proposta de emenda imp\u00f5e aos servidores p\u00fablicos, os quais tiveram e t\u00eam papel essencial neste per\u00edodo de crise sanit\u00e1ria enfrentado pelo pa\u00eds. Conforme os palestrantes, a PEC \u00e9 flagrantemente inconstitucional e tem os \"alvos errados\", visto que vai de encontro ao necess\u00e1rio fortalecimento do funcionalismo.\r\n\r\nAo iniciar a exposi\u00e7\u00e3o, Jos\u00e9 Ernane Brito ressaltou a import\u00e2ncia de se ampliar o debate a respeito da pretendida reforma, oportunidade em que cumprimentou os deputados Tadeu Alencar (PSB-PE), Paulo Teixeira (PT-SP) e F\u00e1bio Trad (PSD-MS), autores dos requerimentos para participa\u00e7\u00e3o do Sindicato na audi\u00eancia; Bia Kicis (PSL-DF), presidente da CCJC; Darci de Matos (PSD-SC), relator da PEC 32; Israel Batista (PV-DF), presidente da Frente Servir Brasil; Maria do Ros\u00e1rio (PT-RS) e Gerv\u00e1sio Maia (PSB-PB), destacados defensores do servi\u00e7o p\u00fablico no Congresso Nacional. O presidente do SINPROFAZ tamb\u00e9m manifestou a solidariedade do Sindicato aos familiares e amigos das mais de 400 mil v\u00edtimas da Covid-19.\r\n\r\nConforme o relator da proposta, a economia pretendida com a PEC 32 \u00e9 de R$ 300 bilh\u00f5es em 10 anos. Em contrapartida, o Soneg\u00f4metro aponta que a sonega\u00e7\u00e3o fiscal tem superado os R$ 626 bilh\u00f5es anualmente. \"Sangraremos uma d\u00e9cada para economizar metade desse valor. Em um ano de combate \u00e0 sonega\u00e7\u00e3o, pagar\u00edamos duas reformas administrativas\", argumentou o presidente do SINPROFAZ, que completou: \"O caminho est\u00e1 no fortalecimento do servi\u00e7o p\u00fablico, do Estado fiscal que arrecada\". De acordo com Jos\u00e9 Ernane Brito, o Sindicato segue \u00e0 disposi\u00e7\u00e3o para continuar subsidiando o Parlamento com dados relativos ao funcionalismo, de modo que seja produzido um texto que promova a efici\u00eancia do servi\u00e7o p\u00fablico de excel\u00eancia e n\u00e3o a sua destrui\u00e7\u00e3o.\r\n\r\nEm apoio \u00e0 exposi\u00e7\u00e3o do presidente do SINPROFAZ, o filiado Tadeu Alencar destacou a Fun\u00e7\u00e3o Essencial desempenhada pela Carreira, que atua em favor do er\u00e1rio e da justi\u00e7a fiscal. Segundo o deputado federal, a toler\u00e2ncia ao devedor de impostos incomoda o sentimento de cidadania. Da\u00ed a necessidade de valoriza\u00e7\u00e3o dos procuradores da Fazenda Nacional, \"respons\u00e1veis por grandes vit\u00f3rias contra ataques feitos, via contencioso tribut\u00e1rio, por aqueles que n\u00e3o querem honrar com suas obriga\u00e7\u00f5es\". Quanto \u00e0 proposta de reforma administrativa, o parlamentar declarou que \"a PEC 32, longe de fortalecer o Estado, \u00e9 uma agress\u00e3o inaceit\u00e1vel \u00e0 estrutura do servi\u00e7o p\u00fablico. Lutaremos bravamente contra ela\".\r\n\r\nPara conferir a \u00edntegra das exposi\u00e7\u00f5es, acesse: <a href=\"https:\/\/www.youtube.com\/watch?v=4NNyOf8wWEk\">www.youtube.com\/watch?v=4NNyOf8wWEk<\/a>\r\n\r\n[gallery link=\"file\" ids=\"13170,13172\"]","_links":{"self":[{"href":"https:\/\/sinprofaz.org.br\/2024\/wp-json\/wp\/v2\/posts\/13168"}],"collection":[{"href":"https:\/\/sinprofaz.org.br\/2024\/wp-json\/wp\/v2\/posts"}],"about":[{"href":"https:\/\/sinprofaz.org.br\/2024\/wp-json\/wp\/v2\/types\/post"}],"author":[{"embeddable":true,"href":"https:\/\/sinprofaz.org.br\/2024\/wp-json\/wp\/v2\/users\/2"}],"replies":[{"embeddable":true,"href":"https:\/\/sinprofaz.org.br\/2024\/wp-json\/wp\/v2\/comments?post=13168"}],"version-history":[{"count":3,"href":"https:\/\/sinprofaz.org.br\/2024\/wp-json\/wp\/v2\/posts\/13168\/revisions"}],"predecessor-version":[{"id":13177,"href":"https:\/\/sinprofaz.org.br\/2024\/wp-json\/wp\/v2\/posts\/13168\/revisions\/13177"}],"wp:featuredmedia":[{"embeddable":true,"href":"https:\/\/sinprofaz.org.br\/2024\/wp-json\/wp\/v2\/media\/13169"}],"wp:attachment":[{"href":"https:\/\/sinprofaz.org.br\/2024\/wp-json\/wp\/v2\/media?parent=13168"}],"wp:term":[{"taxonomy":"category","embeddable":true,"href":"https:\/\/sinprofaz.org.br\/2024\/wp-json\/wp\/v2\/categories?post=13168"},{"taxonomy":"post_tag","embeddable":true,"href":"https:\/\/sinprofaz.org.br\/2024\/wp-json\/wp\/v2\/tags?post=13168"}],"curies":[{"name":"wp","href":"https:\/\/api.w.org\/{rel}","templated":true}]}}